{"id":44805,"date":"2026-04-30T10:18:18","date_gmt":"2026-04-30T10:18:18","guid":{"rendered":"https:\/\/flandecoco.net\/?p=44805"},"modified":"2026-04-30T10:27:47","modified_gmt":"2026-04-30T10:27:47","slug":"el-feed-com-a-mirall-allo-que-les-xarxes-socials-diuen-duna-marca","status":"publish","type":"post","link":"https:\/\/flandecoco.net\/ca\/blog-ca\/el-feed-com-a-mirall-allo-que-les-xarxes-socials-diuen-duna-marca","title":{"rendered":"El feed com a mirall: all\u00f2 que les Xarxes Socials diuen d&#8217;una marca"},"content":{"rendered":"<div class=\"wpb-content-wrapper\"><section class=\"vc_row wpb_row vc_row-fluid\"><div class=\"wpb_column vc_column_container  col-xs-mobile-fullwidth\"><div class=\"vc_column-inner \"><div class=\"wpb_wrapper\"><div class=\"last-paragraph-no-margin\"><p>Som el que mengem, per\u00f2 al m\u00f3n digital podr\u00edem dir, i sense por d&#8217;equivocar-nos, que som el que publiquem. I si no, que ho diguin a qualsevol marca que hagi descuidat el seu feed durant un parell de mesos: el que apareix a les seves xarxes socials no nom\u00e9s comunica, tamb\u00e9 delata.<\/p>\n<p>Perqu\u00e8 s\u00ed, el feed \u00e9s molt m\u00e9s que una quadr\u00edcula bonica. \u00c9s un mirall. I com tot mirall, reflecteix\u2026 per\u00f2 tamb\u00e9 amplifica.<\/p>\n<h3>Un feed no parla, crida<\/h3>\n<p>Encara que una marca no ho pretengui, la seva pres\u00e8ncia a Xarxes Socials sempre est\u00e0 dient alguna cosa. La freq\u00fc\u00e8ncia de publicaci\u00f3, el tipus de contingut, els colors, el to, els silencis\u2026 tot plegat. I tot construeix percepci\u00f3.<\/p>\n<p>Un feed ca\u00f2tic, sense coher\u00e8ncia visual ni narrativa, \u00e9s altaveu d&#8217;una marca que no t\u00e9 clar qui \u00e9s. Un excessivament r\u00edgid pot semblar distant o poc hum\u00e0. I aquest perfil que nom\u00e9s ven, ven i ven\u2026 directament espanta.<\/p>\n<p>L&#8217;usuari decideix en segons si quedar-se o no i, per tant, el feed es converteix en una primera impressi\u00f3 constant. Ja no n&#8217;hi ha prou d&#8217;estar a les xarxes: cal significar alguna cosa.<\/p>\n<p>Durant anys, moltes marques han ent\u00e8s Instagram (i companyia) com un aparador visual. I s\u00ed, l\u2019est\u00e8tica importa. Molt. Per\u00f2 el problema apareix quan l\u2019est\u00e8tica substitueix l\u2019estrat\u00e8gia. Un feed bonic sense narrativa \u00e9s com un llibre amb una portada incre\u00efble i les p\u00e0gines en blanc.<\/p>\n<p>Les tend\u00e8ncies actuals apunten cap a un equilibri m\u00e9s intel\u00b7ligent: feeds que combinen identitat visual s\u00f2lida amb contingut rellevant, \u00fatil o entretingut. Marques que entenen que el disseny no \u00e9s decoraci\u00f3 sin\u00f3 comunicaci\u00f3. I l&#8217;algorisme tamb\u00e9 ho sap.<\/p>\n<\/div>[vc_single_image image=&#8221;44796&#8243; img_size=&#8221;full&#8221; css=&#8221;&#8221;]<div class=\"last-paragraph-no-margin\"><h3>La coher\u00e8ncia no \u00e9s opcional<\/h3>\n<p>Un dels grans aprenentatges dels darrers anys \u00e9s que la coher\u00e8ncia no \u00e9s un <em>nice to have<\/em>, \u00e9s un <em>must<\/em>. I no parlem nom\u00e9s de colors o tipografies, sin\u00f3 d&#8217;una cosa m\u00e9s profunda: el to de veu, els valors, l&#8217;actitud.<\/p>\n<p>\u00c9s la teva marca ir\u00f2nica? Propera? Inspiradora? Did\u00e0ctica? Perfecte. Ara demostra-ho a cada post. Perqu\u00e8 quan una marca canvia de personalitat com qui canvia de filtre, l&#8217;usuari ho percep. I el que percep, poques vegades genera confian\u00e7a.<\/p>\n<p>Un altre canvi clau: el feed ja no es consumeix com una galeria est\u00e0tica. Es viu com una experi\u00e8ncia din\u00e0mica. Els usuaris arriben des de diferents punts: un reel, una story, una cerca. I en aterrar al perfil, esperen entendre r\u00e0pidament qu\u00e8 poden esperar d&#8217;aquesta marca.<\/p>\n<p>Aqu\u00ed \u00e9s on entra en joc la narrativa de conjunt: hi ha una hist\u00f2ria? una l\u00ednia editorial clara? un ritme reconeixible? Un bon feed no \u00e9s una suma de publicacions, \u00e9s un ecosistema.<\/p>\n<\/div>[vc_single_image image=&#8221;44799&#8243; img_size=&#8221;full&#8221; css=&#8221;&#8221;]<div class=\"last-paragraph-no-margin\"><h3>Humanitzar o desapar\u00e8ixer<\/h3>\n<p>En un entorn saturat de contingut, les marques que millor funcionen s\u00f3n aquelles que es perceben com a humanes. Aix\u00f2 implica obrir la porta a formats m\u00e9s espontanis, menys perfectes i m\u00e9s reals. Mostrar processos, errors, aprenentatges. Parlar com parlen les persones. Escoltar. Respondre.<\/p>\n<p>El feed perfecte ha mort. Visca el feed aut\u00e8ntic.<\/p>\n<p>L&#8217;anal\u00edtica ha de manar, \u00e9s clar. Sabem qu\u00e8 funciona, qu\u00e8 ret\u00e9, qu\u00e8 converteix. Per\u00f2 compte: optimitzar el contingut nom\u00e9s en base a m\u00e8triques pot portar a feeds predictibles, cl\u00f2nics, sense personalitat.<\/p>\n<p>El repte \u00e9s utilitzar les dades com a br\u00faixola, no com a pilot autom\u00e0tic. Les marques m\u00e9s interessants avui s\u00f3n les que combinen insight + intu\u00efci\u00f3. Estrat\u00e8gia + creativitat. Excel + espurna.<\/p>\n<h3>Qu\u00e8 diu el teu feed de tu?<\/h3>\n<p>Potser la pregunta no \u00e9s si el teu feed reflecteix la teva marca, sin\u00f3 com ho fa. Explica una hist\u00f2ria coherent? Genera una emoci\u00f3 reconeixible? Aporta alguna cosa m\u00e9s enll\u00e0 de vendre?<\/p>\n<p>Perqu\u00e8 al final, les Xarxes Socials no s\u00f3n nom\u00e9s un canal: s\u00f3n un espai de construcci\u00f3 de marca a temps real. I com tot mirall, et poden mostrar tal com ets\u2026 o tal com creus ser.<\/p>\n<p>La difer\u00e8ncia, com sempre, \u00e9s mirar amb atenci\u00f3. I a atrevir-se a ajustar el reflex.<\/p>\n<p>Pots accedir a altres continguts relacionats amb el dia a dia de FlandeCoco visitant les <a href=\"https:\/\/flandecoco.net\/ca\/breaking-news\" target=\"_blank\" rel=\"noopener\"><strong>Breaking News flaneres<\/strong><\/a> o, si ets fan de l&#8217;univers de la Publicitat i Comunicaci\u00f3, fent clic als interessants continguts del nostre <a href=\"https:\/\/flandecoco.net\/ca\/blog\" target=\"_blank\" rel=\"noopener\"><strong>Blog corporatiu<\/strong><\/a>.<\/p>\n<p>Si necessites un partner de proximitat, creatiu i d&#8217;experi\u00e8ncia multisectorial per als teus desafiaments publicitaris, siguin del car\u00e0cter que siguin, omple el seg\u00fcent formulari i r\u00e0pidament et donarem resposta.<\/p>\n<\/div>\n<div class=\"wpcf7 no-js\" id=\"wpcf7-f6-o1\" lang=\"es-ES\" dir=\"ltr\" data-wpcf7-id=\"6\">\n<div class=\"screen-reader-response\"><p role=\"status\" aria-live=\"polite\" aria-atomic=\"true\"><\/p> <ul><\/ul><\/div>\n<form action=\"\/ca\/wp-json\/wp\/v2\/posts\/44805#wpcf7-f6-o1\" method=\"post\" class=\"wpcf7-form init\" aria-label=\"Formulario de contacto\" novalidate=\"novalidate\" data-status=\"init\">\n<fieldset class=\"hidden-fields-container\"><input type=\"hidden\" name=\"_wpcf7\" value=\"6\" \/><input type=\"hidden\" name=\"_wpcf7_version\" value=\"6.1.5\" \/><input type=\"hidden\" name=\"_wpcf7_locale\" value=\"es_ES\" \/><input type=\"hidden\" name=\"_wpcf7_unit_tag\" value=\"wpcf7-f6-o1\" \/><input type=\"hidden\" name=\"_wpcf7_container_post\" value=\"0\" \/><input type=\"hidden\" name=\"_wpcf7_posted_data_hash\" value=\"\" \/><input type=\"hidden\" name=\"_wpcf7_recaptcha_response\" value=\"\" \/>\n<\/fieldset>\n<p><label><span class=\"wpcf7-form-control-wrap\" data-name=\"your-name\"><input size=\"40\" maxlength=\"400\" class=\"wpcf7-form-control wpcf7-text wpcf7-validates-as-required\" aria-required=\"true\" aria-invalid=\"false\" placeholder=\"Nombre y Apellidos\" value=\"\" type=\"text\" name=\"your-name\" \/><\/span> <\/label><br \/>\n<label><span class=\"wpcf7-form-control-wrap\" data-name=\"your-email\"><input size=\"40\" maxlength=\"400\" class=\"wpcf7-form-control wpcf7-email wpcf7-validates-as-required wpcf7-text wpcf7-validates-as-email\" aria-required=\"true\" aria-invalid=\"false\" placeholder=\"Email\" value=\"\" type=\"email\" name=\"your-email\" \/><\/span> <\/label><br \/>\n<label> <span class=\"wpcf7-form-control-wrap\" data-name=\"your-tel\"><input size=\"40\" maxlength=\"400\" class=\"wpcf7-form-control wpcf7-tel wpcf7-validates-as-required wpcf7-text wpcf7-validates-as-tel\" aria-required=\"true\" aria-invalid=\"false\" placeholder=\"Tel\u00e9fono\" value=\"\" type=\"tel\" name=\"your-tel\" \/><\/span> <\/label><br \/>\n<label><span class=\"wpcf7-form-control-wrap\" data-name=\"your-empresa\"><input size=\"40\" maxlength=\"400\" class=\"wpcf7-form-control wpcf7-text wpcf7-validates-as-required\" aria-required=\"true\" aria-invalid=\"false\" placeholder=\"Empresa\" value=\"\" type=\"text\" name=\"your-empresa\" \/><\/span> <\/label><br \/>\n<label><span class=\"wpcf7-form-control-wrap\" data-name=\"your-sector\"><input size=\"40\" maxlength=\"400\" class=\"wpcf7-form-control wpcf7-text\" aria-invalid=\"false\" placeholder=\"Sector\" value=\"\" type=\"text\" name=\"your-sector\" \/><\/span> <\/label><br \/>\n<label><span class=\"wpcf7-form-control-wrap\" data-name=\"your-message\"><textarea cols=\"40\" rows=\"10\" maxlength=\"2000\" class=\"wpcf7-form-control wpcf7-textarea wpcf7-validates-as-required\" aria-required=\"true\" aria-invalid=\"false\" placeholder=\"Dinos qu\u00e9 necesitas\" name=\"your-message\"><\/textarea><\/span> <\/label><br \/>\n<label>C\u00f3mo nos has conocido:<span class=\"wpcf7-form-control-wrap\" data-name=\"menu-213\"><select class=\"wpcf7-form-control wpcf7-select wpcf7-validates-as-required\" aria-required=\"true\" aria-invalid=\"false\" name=\"menu-213\"><option value=\"\">&#8212;Por favor, elige una opci\u00f3n&#8212;<\/option><option value=\"B\u00fasqueda en Google.\">B\u00fasqueda en Google.<\/option><option value=\"Instagram\">Instagram<\/option><option value=\"Facebook\">Facebook<\/option><option value=\"Linkedin\">Linkedin<\/option><option value=\"Twitter\">Twitter<\/option><\/select><\/span><\/label>\n<\/p>\n<div class=\"form-consent\">\n\t<p style=\"font-size:14px;line-height: 1.2;margin-bottom:10px;\">TROY&MACCLURE, S.L. como responsable del tratamiento tratar\u00e1 tus datos con la finalidad de dar respuesta a tu consulta o petici\u00f3n. Puedes acceder, rectificar y suprimir tus datos, as\u00ed como ejercer otros derechos consultando la informaci\u00f3n adicional y detallada sobre protecci\u00f3n de datos en nuestra <a href=\"\/politica-de-privacidad\" target=\"_blank\">pol\u00edtica de privacidad<\/a>\n\t<\/p>\n\t<p><span class=\"wpcf7-form-control-wrap\" data-name=\"acepta-politica\"><span class=\"wpcf7-form-control wpcf7-acceptance\"><span class=\"wpcf7-list-item\"><label><input type=\"checkbox\" name=\"acepta-politica\" value=\"1\" aria-invalid=\"false\" \/><span class=\"wpcf7-list-item-label\">He le\u00eddo y acepto las condiciones contenidas en la <a href=\"\/politica-de-privacidad\" target=\"_blank\"> pol\u00edtica de privacidad<\/a> sobre el tratamiento de mis datos para gestionar mi consulta o petici\u00f3n.<\/span><\/label><\/span><\/span><\/span><br \/>\n<span class=\"wpcf7-form-control-wrap\" data-name=\"acepta-info-comercial\"><span class=\"wpcf7-form-control wpcf7-checkbox\"><span class=\"wpcf7-list-item first last\"><input type=\"checkbox\" name=\"acepta-info-comercial[]\" value=\"Nos gustar\u00eda que nos prestaras tu consentimiento para enviarte informaci\u00f3n comercial sobre los productos, servicios, novedades de TROY&amp;MACCLURE, S.L.\" \/><span class=\"wpcf7-list-item-label\">Nos gustar\u00eda que nos prestaras tu consentimiento para enviarte informaci\u00f3n comercial sobre los productos, servicios, novedades de TROY&amp;MACCLURE, S.L.<\/span><\/span><\/span><\/span>\n\t<\/p>\n<\/div>\n<p><input class=\"wpcf7-form-control wpcf7-submit has-spinner\" type=\"submit\" value=\"Enviar\" \/>\n<\/p>\n<input class=\"wpcf7-form-control wpcf7-hidden\" id=\"gaCookie\" value=\"\" type=\"hidden\" name=\"gaCookie\" \/>\n<input class=\"wpcf7-form-control wpcf7-hidden\" value=\"\" type=\"hidden\" name=\"ga_campaign\" \/>\n<input class=\"wpcf7-form-control wpcf7-hidden\" value=\"\" type=\"hidden\" name=\"ga_medium\" \/>\n<input class=\"wpcf7-form-control wpcf7-hidden\" value=\"\" type=\"hidden\" name=\"ga_source\" \/>\n<input class=\"wpcf7-form-control wpcf7-hidden\" value=\"\" type=\"hidden\" name=\"ga_content\" \/>\n<input class=\"wpcf7-form-control wpcf7-hidden\" value=\"\" type=\"hidden\" name=\"ga_keyword\" \/>\n<input class=\"wpcf7-form-control wpcf7-hidden\" value=\"\" type=\"hidden\" name=\"landing_page_fdc\" \/><div class=\"wpcf7-response-output\" aria-hidden=\"true\"><\/div>\n<\/form>\n<\/div>\n<\/div><\/div><\/div><\/section>\n<\/div>","protected":false},"excerpt":{"rendered":"Som el que mengem, per\u00f2 al m\u00f3n digital podr\u00edem dir, i sense por d'equivocar-nos, que som el que publiquem. I si no, que ho diguin a qualsevol marca que hagi descuidat el seu feed durant un parell de mesos: el que apareix a les seves xarxes socials no nom\u00e9s comunica, tamb\u00e9 delata. Perqu\u00e8 s\u00ed, el feed \u00e9s molt m\u00e9s que una quadr\u00edcula bonica. \u00c9s un mirall. I com tot mirall, reflecteix\u2026 per\u00f2 tamb\u00e9 amplifica. Un feed no parla, crida Encara que una marca no ho pretengui, la seva pres\u00e8ncia a Xarxes Socials sempre est\u00e0 dient alguna cosa. La freq\u00fc\u00e8ncia de publicaci\u00f3, el tipus de contingut, els colors, el to, els silencis\u2026 tot plegat. I tot construeix percepci\u00f3. Un feed ca\u00f2tic, sense coher\u00e8ncia visual ni narrativa, \u00e9s altaveu d'una marca que no t\u00e9 clar qui \u00e9s. Un excessivament r\u00edgid pot semblar distant o poc hum\u00e0. I aquest perfil que nom\u00e9s ven, ven i ven\u2026 directament espanta. L'usuari decideix en segons si quedar-se o no i, per tant, el feed es converteix en una primera impressi\u00f3 constant. Ja no n'hi ha prou d'estar a les xarxes: cal significar alguna cosa. Durant anys, moltes marques han ent\u00e8s Instagram (i companyia) com un aparador...","protected":false},"author":1,"featured_media":44802,"comment_status":"closed","ping_status":"closed","sticky":false,"template":"","format":"standard","meta":{"footnotes":""},"categories":[136],"tags":[],"class_list":["post-44805","post","type-post","status-publish","format-standard","has-post-thumbnail","hentry","category-blog-ca"],"_links":{"self":[{"href":"https:\/\/flandecoco.net\/ca\/wp-json\/wp\/v2\/posts\/44805","targetHints":{"allow":["GET"]}}],"collection":[{"href":"https:\/\/flandecoco.net\/ca\/wp-json\/wp\/v2\/posts"}],"about":[{"href":"https:\/\/flandecoco.net\/ca\/wp-json\/wp\/v2\/types\/post"}],"author":[{"embeddable":true,"href":"https:\/\/flandecoco.net\/ca\/wp-json\/wp\/v2\/users\/1"}],"replies":[{"embeddable":true,"href":"https:\/\/flandecoco.net\/ca\/wp-json\/wp\/v2\/comments?post=44805"}],"version-history":[{"count":7,"href":"https:\/\/flandecoco.net\/ca\/wp-json\/wp\/v2\/posts\/44805\/revisions"}],"predecessor-version":[{"id":44812,"href":"https:\/\/flandecoco.net\/ca\/wp-json\/wp\/v2\/posts\/44805\/revisions\/44812"}],"wp:featuredmedia":[{"embeddable":true,"href":"https:\/\/flandecoco.net\/ca\/wp-json\/wp\/v2\/media\/44802"}],"wp:attachment":[{"href":"https:\/\/flandecoco.net\/ca\/wp-json\/wp\/v2\/media?parent=44805"}],"wp:term":[{"taxonomy":"category","embeddable":true,"href":"https:\/\/flandecoco.net\/ca\/wp-json\/wp\/v2\/categories?post=44805"},{"taxonomy":"post_tag","embeddable":true,"href":"https:\/\/flandecoco.net\/ca\/wp-json\/wp\/v2\/tags?post=44805"}],"curies":[{"name":"wp","href":"https:\/\/api.w.org\/{rel}","templated":true}]}}