{"id":43832,"date":"2025-11-27T12:40:48","date_gmt":"2025-11-27T12:40:48","guid":{"rendered":"https:\/\/flandecoco.net\/?p=43832"},"modified":"2025-11-27T12:40:50","modified_gmt":"2025-11-27T12:40:50","slug":"com-la-creativitat-impulsa-les-metriques","status":"publish","type":"post","link":"https:\/\/flandecoco.net\/ca\/blog-ca\/com-la-creativitat-impulsa-les-metriques","title":{"rendered":"Com la creativitat impulsa les m\u00e8triques?"},"content":{"rendered":"<div class=\"wpb-content-wrapper\"><section class=\"vc_row wpb_row vc_row-fluid\"><div class=\"wpb_column vc_column_container  col-xs-mobile-fullwidth\"><div class=\"vc_column-inner \"><div class=\"wpb_wrapper\"><div class=\"last-paragraph-no-margin\"><p>En un ecosistema digital on les marques i les empreses batallen pel mateix segon d&#8217;atenci\u00f3, la creativitat s&#8217;ha convertit en una eina extremadament poderosa i, paradoxalment, una de les m\u00e9s infrautilitzades amb intenci\u00f3 estrat\u00e8gica.<\/p>\n<p>Hi ha unanimitat situant la creativitat en un lloc important del tauler de l&#8217;impacte publicitari, per\u00f2 poques vegades s&#8217;acaba entenent com el que \u00e9s veritablement: un motor directe del rendiment. A FlandeCoco ho veiem di\u00e0riament. Quan una idea t\u00e9 la virtut de sortir del motlle, les m\u00e8triques responen. I ho fan amb for\u00e7a.<\/p>\n<p>L&#8217;atenci\u00f3 es conquereix, no es compra nom\u00e9s a base de pressupost. I a les Xarxes Socials, on els feeds estan saturats de missatges repetits, plantilles gen\u00e8riques i idees copiades i enganxades d&#8217;altres marques, la difer\u00e8ncia creativa es converteix en una arma de precisi\u00f3 mil\u00b7lim\u00e8trica. Tant se val si parlem d&#8217;un v\u00eddeo de 8 segons, un carrusel o una campanya de paid media: quan hi ha creativitat, es nota.<\/p>\n<p>Per\u00f2 el m\u00e9s interessant \u00e9s que no nom\u00e9s es nota, sin\u00f3 que es mesura. Una pe\u00e7a realment creativa genera:<\/p>\n<ul>\n<li><strong>M\u00e9s temps de visualitzaci\u00f3<\/strong> perqu\u00e8 l&#8217;usuari s&#8217;atura, processa, somriu, es sorpr\u00e8n.<\/li>\n<li><strong>Millors taxes d&#8217;interacci\u00f3<\/strong> perqu\u00e8 all\u00f2 que \u00e9s inesperat provoca reacci\u00f3.<\/li>\n<li><strong>Major record de marca <\/strong>perqu\u00e8 el que \u00e9s diferent deixa empremta.<\/li>\n<li><strong>Costos m\u00e9s baixos<\/strong> perqu\u00e8 les plataformes premien l&#8217;engagement org\u00e0nic.<\/li>\n<\/ul>\n<p>De sobte, la inversi\u00f3 en imaginaci\u00f3 es comen\u00e7a a traduir en clics, compartits i leads. I aix\u00f2 \u00e9s exactament el que busquem quan pensem: com aconseguim fer-ho diferent?<\/p>\n<\/div>[vc_single_image image=&#8221;43826&#8243; img_size=&#8221;full&#8221; css=&#8221;&#8221;]<div class=\"last-paragraph-no-margin\"><p><strong>Quan la creativitat es torna estrat\u00e8gia<\/strong><\/p>\n<p>Moltes marques aposten per la creativitat com a colof\u00f3, com a toc final, com aquella guarnici\u00f3 simp\u00e0tica que s&#8217;afegeix al missatge. Per\u00f2, en realitat, \u00e9s el punt de partida. Quan un contingut es dissenya des de la <a href=\"https:\/\/flandecoco.net\/ca\/blog-ca\/como-potenciar-la-creatividad-en-tus-redes-sociales\"><strong>creativitat<\/strong><\/a> , s&#8217;estimulen les m\u00e8triques gaireb\u00e9 com a conseq\u00fc\u00e8ncia inevitable.<\/p>\n<p>I si en lloc de descriure un valor diferencial, ho mostrem amb una escena inesperada? I si en lloc de seguir trends i modes, les girem a favor nostre? I si convertim un insight quotidi\u00e0 en un contingut que l&#8217;usuari vulgui compartir sense que ning\u00fa no ho demani?<\/p>\n<p>Quan es formula la pregunta creativa correcta, comen\u00e7a a n\u00e9ixer un contingut amb el prop\u00f2sit de destacar al mig del soroll.<\/p>\n<p><strong>Acceleradora natural de l&#8217;engagement<\/strong><\/p>\n<p>L&#8217;originalitat no \u00e9s un caprici ni est\u00e8tic ni gratu\u00eft, \u00e9s una estrat\u00e8gia de distinci\u00f3 enmig del \u00a0paller. Les audi\u00e8ncies han desenvolupat un radar fin\u00edssim per detectar el que \u00e9s gen\u00e8ric. El que ja han vist passa desapercebut, el que \u00e9s nou, no.<\/p>\n<p>I aix\u00f2 es reflecteix en unes m\u00e8triques que es disparen quan apareix un contingut que:<\/p>\n<ul>\n<li>Trenca patrons visuals.<\/li>\n<li>Juga i alterna amb els formats.<\/li>\n<li>Aprofiteu l&#8217;humor, la ironia o l&#8217;emoci\u00f3.<\/li>\n<li>Explica una hist\u00f2ria en microsegons.<\/li>\n<li>Interpel\u00b7la a l&#8217;audi\u00e8ncia.<\/li>\n<\/ul>\n<p>Aqu\u00ed hi ha la clau: no cal tornar a inventar la p\u00f3lvora, nom\u00e9s cal evitar la zona segura. L&#8217;usuari premia amb la seva atenci\u00f3 a qui s&#8217;atreveix.<\/p>\n<\/div>[vc_single_image image=&#8221;43829&#8243; img_size=&#8221;full&#8221; css=&#8221;&#8221;]<div class=\"last-paragraph-no-margin\"><p><strong>Efecte sorpresa i plataformes: un duet guanyador<\/strong><\/p>\n<p>S\u00ed, obvi que les plataformes prioritzen l&#8217;engagement. Per\u00f2 abans que els algoritmes posin en marxa la seva m\u00e0gia, cal generar engagement hum\u00e0. I res no activa m\u00e9s els dits d&#8217;un usuari que all\u00f2 que el sorpr\u00e8n i no esperava veure.<\/p>\n<p>L&#8217;efecte sorpresa genera reaccions instant\u00e0nies: comentaris impulsius, guardats, compartits\u2026 interaccions que els algoritmes interpreten com a senyals de rellev\u00e0ncia. I quan passa aix\u00f2, comen\u00e7a l&#8217;escalada: el contingut es mostra a m\u00e9s persones, els costos publicitaris baixen, l&#8217;abast es multiplica.<\/p>\n<p>L&#8217;origen d&#8217;aquest efecte? Una idea fresca. O millor encara: una idea simple i creativa.<\/p>\n<p><strong>La creativitat com a inversi\u00f3<\/strong><\/p>\n<p>A <a href=\"https:\/\/flandecoco.net\/ca\"><strong>FlandeCoco<\/strong><\/a> ho tenim clar: la creativitat no \u00e9s un luxe, \u00e9s un multiplicador de resultats. \u00c9s la variable que transforma un contingut m\u00e9s del feed en aquesll que desperta tant les emocions com les accions.<\/p>\n<p>Les m\u00e8triques no milloren per art de m\u00e0gia, milloren perqu\u00e8 darrere hi ha un equip que s&#8217;atreveix a pensar diferent, a q\u00fcestionar-ho tot i a proposar idees que connectin de deb\u00f2. Si la teva empresa, marca o instituci\u00f3 busques millorar els seus n\u00fameros a Xarxes Socials, comen\u00e7a per aqu\u00ed: menys por, m\u00e9s creativitat.<\/p>\n<p>L&#8217;algoritme t&#8217;ho agrair\u00e0. I la teva comunitat, encara m\u00e9s. Molt m\u00e9s.<\/p>\n<p>L&#8217;expertise creatiu de FlandeCoco, apostant pel govern de les idees en el contingut corporatiu de Xarxes Socials, \u00e9s un poder\u00f3s credencial per a marques, empreses i negocis que volen enfortir el seu m\u00fascul Social Media. Si vols informaci\u00f3 addicional o con\u00e8ixer altres detalls sobre com et podem ajudar en la teva estrat\u00e8gia digital, omple el seg\u00fcent formulari i r\u00e0pidament et donarem resposta.<\/p>\n<\/div>\n<div class=\"wpcf7 no-js\" id=\"wpcf7-f6-o1\" lang=\"es-ES\" dir=\"ltr\" data-wpcf7-id=\"6\">\n<div class=\"screen-reader-response\"><p role=\"status\" aria-live=\"polite\" aria-atomic=\"true\"><\/p> <ul><\/ul><\/div>\n<form action=\"\/ca\/wp-json\/wp\/v2\/posts\/43832#wpcf7-f6-o1\" method=\"post\" class=\"wpcf7-form init\" aria-label=\"Formulario de contacto\" novalidate=\"novalidate\" data-status=\"init\">\n<fieldset class=\"hidden-fields-container\"><input type=\"hidden\" name=\"_wpcf7\" value=\"6\" \/><input type=\"hidden\" name=\"_wpcf7_version\" value=\"6.1.5\" \/><input type=\"hidden\" name=\"_wpcf7_locale\" value=\"es_ES\" \/><input type=\"hidden\" name=\"_wpcf7_unit_tag\" value=\"wpcf7-f6-o1\" \/><input type=\"hidden\" name=\"_wpcf7_container_post\" value=\"0\" \/><input type=\"hidden\" name=\"_wpcf7_posted_data_hash\" value=\"\" \/><input type=\"hidden\" name=\"_wpcf7_recaptcha_response\" value=\"\" \/>\n<\/fieldset>\n<p><label><span class=\"wpcf7-form-control-wrap\" data-name=\"your-name\"><input size=\"40\" maxlength=\"400\" class=\"wpcf7-form-control wpcf7-text wpcf7-validates-as-required\" aria-required=\"true\" aria-invalid=\"false\" placeholder=\"Nombre y Apellidos\" value=\"\" type=\"text\" name=\"your-name\" \/><\/span> <\/label><br \/>\n<label><span class=\"wpcf7-form-control-wrap\" data-name=\"your-email\"><input size=\"40\" maxlength=\"400\" class=\"wpcf7-form-control wpcf7-email wpcf7-validates-as-required wpcf7-text wpcf7-validates-as-email\" aria-required=\"true\" aria-invalid=\"false\" placeholder=\"Email\" value=\"\" type=\"email\" name=\"your-email\" \/><\/span> <\/label><br \/>\n<label> <span class=\"wpcf7-form-control-wrap\" data-name=\"your-tel\"><input size=\"40\" maxlength=\"400\" class=\"wpcf7-form-control wpcf7-tel wpcf7-validates-as-required wpcf7-text wpcf7-validates-as-tel\" aria-required=\"true\" aria-invalid=\"false\" placeholder=\"Tel\u00e9fono\" value=\"\" type=\"tel\" name=\"your-tel\" \/><\/span> <\/label><br \/>\n<label><span class=\"wpcf7-form-control-wrap\" data-name=\"your-empresa\"><input size=\"40\" maxlength=\"400\" class=\"wpcf7-form-control wpcf7-text wpcf7-validates-as-required\" aria-required=\"true\" aria-invalid=\"false\" placeholder=\"Empresa\" value=\"\" type=\"text\" name=\"your-empresa\" \/><\/span> <\/label><br \/>\n<label><span class=\"wpcf7-form-control-wrap\" data-name=\"your-sector\"><input size=\"40\" maxlength=\"400\" class=\"wpcf7-form-control wpcf7-text\" aria-invalid=\"false\" placeholder=\"Sector\" value=\"\" type=\"text\" name=\"your-sector\" \/><\/span> <\/label><br \/>\n<label><span class=\"wpcf7-form-control-wrap\" data-name=\"your-message\"><textarea cols=\"40\" rows=\"10\" maxlength=\"2000\" class=\"wpcf7-form-control wpcf7-textarea wpcf7-validates-as-required\" aria-required=\"true\" aria-invalid=\"false\" placeholder=\"Dinos qu\u00e9 necesitas\" name=\"your-message\"><\/textarea><\/span> <\/label><br \/>\n<label>C\u00f3mo nos has conocido:<span class=\"wpcf7-form-control-wrap\" data-name=\"menu-213\"><select class=\"wpcf7-form-control wpcf7-select wpcf7-validates-as-required\" aria-required=\"true\" aria-invalid=\"false\" name=\"menu-213\"><option value=\"\">&#8212;Por favor, elige una opci\u00f3n&#8212;<\/option><option value=\"B\u00fasqueda en Google.\">B\u00fasqueda en Google.<\/option><option value=\"Instagram\">Instagram<\/option><option value=\"Facebook\">Facebook<\/option><option value=\"Linkedin\">Linkedin<\/option><option value=\"Twitter\">Twitter<\/option><\/select><\/span><\/label>\n<\/p>\n<div class=\"form-consent\">\n\t<p style=\"font-size:14px;line-height: 1.2;margin-bottom:10px;\">TROY&MACCLURE, S.L. como responsable del tratamiento tratar\u00e1 tus datos con la finalidad de dar respuesta a tu consulta o petici\u00f3n. Puedes acceder, rectificar y suprimir tus datos, as\u00ed como ejercer otros derechos consultando la informaci\u00f3n adicional y detallada sobre protecci\u00f3n de datos en nuestra <a href=\"\/politica-de-privacidad\" target=\"_blank\">pol\u00edtica de privacidad<\/a>\n\t<\/p>\n\t<p><span class=\"wpcf7-form-control-wrap\" data-name=\"acepta-politica\"><span class=\"wpcf7-form-control wpcf7-acceptance\"><span class=\"wpcf7-list-item\"><label><input type=\"checkbox\" name=\"acepta-politica\" value=\"1\" aria-invalid=\"false\" \/><span class=\"wpcf7-list-item-label\">He le\u00eddo y acepto las condiciones contenidas en la <a href=\"\/politica-de-privacidad\" target=\"_blank\"> pol\u00edtica de privacidad<\/a> sobre el tratamiento de mis datos para gestionar mi consulta o petici\u00f3n.<\/span><\/label><\/span><\/span><\/span><br \/>\n<span class=\"wpcf7-form-control-wrap\" data-name=\"acepta-info-comercial\"><span class=\"wpcf7-form-control wpcf7-checkbox\"><span class=\"wpcf7-list-item first last\"><input type=\"checkbox\" name=\"acepta-info-comercial[]\" value=\"Nos gustar\u00eda que nos prestaras tu consentimiento para enviarte informaci\u00f3n comercial sobre los productos, servicios, novedades de TROY&amp;MACCLURE, S.L.\" \/><span class=\"wpcf7-list-item-label\">Nos gustar\u00eda que nos prestaras tu consentimiento para enviarte informaci\u00f3n comercial sobre los productos, servicios, novedades de TROY&amp;MACCLURE, S.L.<\/span><\/span><\/span><\/span>\n\t<\/p>\n<\/div>\n<p><input class=\"wpcf7-form-control wpcf7-submit has-spinner\" type=\"submit\" value=\"Enviar\" \/>\n<\/p>\n<input class=\"wpcf7-form-control wpcf7-hidden\" id=\"gaCookie\" value=\"\" type=\"hidden\" name=\"gaCookie\" \/>\n<input class=\"wpcf7-form-control wpcf7-hidden\" value=\"\" type=\"hidden\" name=\"ga_campaign\" \/>\n<input class=\"wpcf7-form-control wpcf7-hidden\" value=\"\" type=\"hidden\" name=\"ga_medium\" \/>\n<input class=\"wpcf7-form-control wpcf7-hidden\" value=\"\" type=\"hidden\" name=\"ga_source\" \/>\n<input class=\"wpcf7-form-control wpcf7-hidden\" value=\"\" type=\"hidden\" name=\"ga_content\" \/>\n<input class=\"wpcf7-form-control wpcf7-hidden\" value=\"\" type=\"hidden\" name=\"ga_keyword\" \/>\n<input class=\"wpcf7-form-control wpcf7-hidden\" value=\"\" type=\"hidden\" name=\"landing_page_fdc\" \/><div class=\"wpcf7-response-output\" aria-hidden=\"true\"><\/div>\n<\/form>\n<\/div>\n<\/div><\/div><\/div><\/section>\n<\/div>","protected":false},"excerpt":{"rendered":"En un ecosistema digital on les marques i les empreses batallen pel mateix segon d'atenci\u00f3, la creativitat s'ha convertit en una eina extremadament poderosa i, paradoxalment, una de les m\u00e9s infrautilitzades amb intenci\u00f3 estrat\u00e8gica. Hi ha unanimitat situant la creativitat en un lloc important del tauler de l'impacte publicitari, per\u00f2 poques vegades s'acaba entenent com el que \u00e9s veritablement: un motor directe del rendiment. A FlandeCoco ho veiem di\u00e0riament. Quan una idea t\u00e9 la virtut de sortir del motlle, les m\u00e8triques responen. I ho fan amb for\u00e7a. L'atenci\u00f3 es conquereix, no es compra nom\u00e9s a base de pressupost. I a les Xarxes Socials, on els feeds estan saturats de missatges repetits, plantilles gen\u00e8riques i idees copiades i enganxades d'altres marques, la difer\u00e8ncia creativa es converteix en una arma de precisi\u00f3 mil\u00b7lim\u00e8trica. Tant se val si parlem d'un v\u00eddeo de 8 segons, un carrusel o una campanya de paid media: quan hi ha creativitat, es nota. Per\u00f2 el m\u00e9s interessant \u00e9s que no nom\u00e9s es nota, sin\u00f3 que es mesura. Una pe\u00e7a realment creativa genera: M\u00e9s temps de visualitzaci\u00f3 perqu\u00e8 l'usuari s'atura, processa, somriu, es sorpr\u00e8n. Millors taxes d'interacci\u00f3 perqu\u00e8 all\u00f2 que \u00e9s inesperat provoca reacci\u00f3. Major record de marca perqu\u00e8...","protected":false},"author":1,"featured_media":43823,"comment_status":"closed","ping_status":"closed","sticky":false,"template":"","format":"standard","meta":{"footnotes":""},"categories":[136],"tags":[],"class_list":["post-43832","post","type-post","status-publish","format-standard","has-post-thumbnail","hentry","category-blog-ca"],"_links":{"self":[{"href":"https:\/\/flandecoco.net\/ca\/wp-json\/wp\/v2\/posts\/43832","targetHints":{"allow":["GET"]}}],"collection":[{"href":"https:\/\/flandecoco.net\/ca\/wp-json\/wp\/v2\/posts"}],"about":[{"href":"https:\/\/flandecoco.net\/ca\/wp-json\/wp\/v2\/types\/post"}],"author":[{"embeddable":true,"href":"https:\/\/flandecoco.net\/ca\/wp-json\/wp\/v2\/users\/1"}],"replies":[{"embeddable":true,"href":"https:\/\/flandecoco.net\/ca\/wp-json\/wp\/v2\/comments?post=43832"}],"version-history":[{"count":2,"href":"https:\/\/flandecoco.net\/ca\/wp-json\/wp\/v2\/posts\/43832\/revisions"}],"predecessor-version":[{"id":43834,"href":"https:\/\/flandecoco.net\/ca\/wp-json\/wp\/v2\/posts\/43832\/revisions\/43834"}],"wp:featuredmedia":[{"embeddable":true,"href":"https:\/\/flandecoco.net\/ca\/wp-json\/wp\/v2\/media\/43823"}],"wp:attachment":[{"href":"https:\/\/flandecoco.net\/ca\/wp-json\/wp\/v2\/media?parent=43832"}],"wp:term":[{"taxonomy":"category","embeddable":true,"href":"https:\/\/flandecoco.net\/ca\/wp-json\/wp\/v2\/categories?post=43832"},{"taxonomy":"post_tag","embeddable":true,"href":"https:\/\/flandecoco.net\/ca\/wp-json\/wp\/v2\/tags?post=43832"}],"curies":[{"name":"wp","href":"https:\/\/api.w.org\/{rel}","templated":true}]}}