{"id":43536,"date":"2025-10-17T12:21:02","date_gmt":"2025-10-17T12:21:02","guid":{"rendered":"https:\/\/flandecoco.net\/?p=43536"},"modified":"2025-10-17T12:21:51","modified_gmt":"2025-10-17T12:21:51","slug":"com-dotar-dhistoria-un-esdeveniment-corporatiu-el-poder-de-lstorytelling","status":"publish","type":"post","link":"https:\/\/flandecoco.net\/ca\/blog-ca\/com-dotar-dhistoria-un-esdeveniment-corporatiu-el-poder-de-lstorytelling","title":{"rendered":"Com dotar d&#8217;hist\u00f2ria un esdeveniment corporatiu: el poder de l&#8217;storytelling"},"content":{"rendered":"<div class=\"wpb-content-wrapper\"><section class=\"vc_row wpb_row vc_row-fluid row-blog-interior  vc_row-o-content-middle vc_row-flex\"><div class=\"wpb_column vc_column_container vc_col-sm-12  col-xs-mobile-fullwidth\"><div class=\"vc_column-inner \"><div class=\"wpb_wrapper\"><div class=\"p-blog-fluido last-paragraph-no-margin\"><p>Un esdeveniment corporatiu no \u00e9s nom\u00e9s una data assenyalada en vermell al calendari, un grup de persones reunides amb interessos comuns o un escenari elegantment decorat. \u00c9s una oportunitat \u00fanica per explicar una hist\u00f2ria. Una hist\u00f2ria que emocioni, captivi i deixi empremta. Perqu\u00e8 quan un esdeveniment t\u00e9 \u00e0nima narrativa, transcendeix el que \u00e9s ef\u00edmer i es converteix en una experi\u00e8ncia que els assistents recorden i les marques capitalitzen durant molt m\u00e9s temps.<\/p>\n<p>L\u2019storytelling no \u00e9s una moda passatgera ni un mantra que repetim fins a la sacietat els publicistes. \u00c9s una eina molt poderosa per donar sentit a bona part del que fem o diem a diari. En el context dels esdeveniments, vol dir construir una narrativa coherent que acompanyi cada detall: des de la convocat\u00f2ria fins al tancament, passant per l&#8217;ambientaci\u00f3, els continguts, la posada en escena o fins i tot els obsequis.<\/p>\n<p>Quan l&#8217;assistent percep que tot t\u00e9 un qu\u00e8 i un perqu\u00e8, s&#8217;involucra emocionalment. I aqu\u00ed hi ha la difer\u00e8ncia entre assistir a un esdeveniment\u2026 i viure&#8217;l.<\/p>\n<p><img loading=\"lazy\" decoding=\"async\" class=\"alignnone size-full wp-image-43522\" src=\"https:\/\/flandecoco.net\/wp-content\/uploads\/2025\/10\/Foto_1-3.jpg\" alt=\"\" width=\"1200\" height=\"627\" srcset=\"https:\/\/flandecoco.net\/wp-content\/uploads\/2025\/10\/Foto_1-3.jpg 1200w, https:\/\/flandecoco.net\/wp-content\/uploads\/2025\/10\/Foto_1-3-300x157.jpg 300w, https:\/\/flandecoco.net\/wp-content\/uploads\/2025\/10\/Foto_1-3-1024x535.jpg 1024w, https:\/\/flandecoco.net\/wp-content\/uploads\/2025\/10\/Foto_1-3-768x401.jpg 768w, https:\/\/flandecoco.net\/wp-content\/uploads\/2025\/10\/Foto_1-3-120x63.jpg 120w, https:\/\/flandecoco.net\/wp-content\/uploads\/2025\/10\/Foto_1-3-81x42.jpg 81w\" sizes=\"auto, (max-width: 1200px) 100vw, 1200px\" \/><\/p>\n<h2><\/h2>\n<p><strong>Qu\u00e8 vol dir dotar d&#8217;hist\u00f2ria un esdeveniment?<\/strong><\/p>\n<p>Dotar d&#8217;hist\u00f2ria un esdeveniment implica convertir-lo en un relat amb principi, desenvolupament i desenlla\u00e7. En altres paraules, definir un fil conductor que uneixi tots els elements sota una mateixa idea o prop\u00f2sit.<\/p>\n<p>Aquesta hist\u00f2ria pot ser aspiracional (\u201cEl futur que volem construir junts\u201d), emocional (\u201cCelebrem all\u00f2 que ens uneix\u201d) o inspiracional (\u201cTransformar per cr\u00e9ixer\u201d). El que \u00e9s important \u00e9s que reflecteixi els valors de la marca i els traslladi a una experi\u00e8ncia sensorial i emocionalment coherent.<\/p>\n<p>L&#8217;objectiu no \u00e9s dir el missatge, \u00e9s fer-lo viure als assistents. I all\u00f2 que es viu, es recorda.<\/p>\n<p><strong>Com es pot construir una narrativa?<\/strong><\/p>\n<p>El storytelling d&#8217;un esdeveniment no s&#8217;improvisa ni s&#8217;aconsegueix per ci\u00e8ncia infusa. Exigeix \u200b\u200bestrat\u00e8gia, creativitat i coordinaci\u00f3 entre disciplines diferents. Alguns passos clau s\u00f3n:<\/p>\n<ul>\n<li><strong>Definir el prop\u00f2sit<\/strong>. Qu\u00e8 volem que els assistents i els convidats pensin, sentin o facin despr\u00e9s de l&#8217;esdeveniment?<\/li>\n<li><strong>Identificar l<\/strong><strong>\u2019<\/strong><strong>emoci<\/strong><strong>\u00f3<\/strong> Tota hist\u00f2ria memorable apel\u00b7la a una emoci\u00f3: orgull, il\u00b7lusi\u00f3, pertinen\u00e7a, superaci\u00f3&#8230;<\/li>\n<li><strong>Dissenyar un fil narratiu<\/strong>. Establir un concepte rector que connecti els missatges de marca amb l\u2019experi\u00e8ncia.<\/li>\n<li><strong>Traduir la hist\u00f2ria en experi\u00e8ncies<\/strong>. El gui\u00f3 i escaleta es materialitza als espais, el disseny, la m\u00fasica, la il\u00b7luminaci\u00f3, els continguts audiovisuals, la gastronomia o fins i tot els ritmes del programa.<\/li>\n<li><strong>Involucrar el p\u00fablic.<\/strong> Els assistents no han de ser simples espectadors, sin\u00f3 protagonistes org\u00e0nics, no for\u00e7ats, de la hist\u00f2ria.<\/li>\n<\/ul>\n<p>Cada decisi\u00f3, des del primer correu electr\u00f2nic d&#8217;invitaci\u00f3 fins a l&#8217;\u00faltima imatge projectada, forma part del relat. I quan tot encaixa, el resultat \u00e9s potent: l\u2019esdeveniment es converteix en una experi\u00e8ncia immersiva i significativa.<\/p>\n<h2><strong><img loading=\"lazy\" decoding=\"async\" class=\"alignnone size-full wp-image-43525\" src=\"https:\/\/flandecoco.net\/wp-content\/uploads\/2025\/10\/Foto_2-3.jpg\" alt=\"\" width=\"1200\" height=\"627\" srcset=\"https:\/\/flandecoco.net\/wp-content\/uploads\/2025\/10\/Foto_2-3.jpg 1200w, https:\/\/flandecoco.net\/wp-content\/uploads\/2025\/10\/Foto_2-3-300x157.jpg 300w, https:\/\/flandecoco.net\/wp-content\/uploads\/2025\/10\/Foto_2-3-1024x535.jpg 1024w, https:\/\/flandecoco.net\/wp-content\/uploads\/2025\/10\/Foto_2-3-768x401.jpg 768w, https:\/\/flandecoco.net\/wp-content\/uploads\/2025\/10\/Foto_2-3-120x63.jpg 120w, https:\/\/flandecoco.net\/wp-content\/uploads\/2025\/10\/Foto_2-3-81x42.jpg 81w\" sizes=\"auto, (max-width: 1200px) 100vw, 1200px\" \/><\/strong><\/h2>\n<p><strong>Els beneficis d\u2019explicar una hist\u00f2ria<\/strong><\/p>\n<p>Un esdeveniment amb storytelling retorna m\u00faltiples beneficis per a les marques.<\/p>\n<ul>\n<li>Les hist\u00f2ries activen les emocions i faciliten el record. Els assistents no nom\u00e9s recorden l&#8217;esdeveniment, sin\u00f3 tamb\u00e9 els valors i els missatges associats a la marca.<\/li>\n<li><strong>Connexi\u00f3 emocional.<\/strong> La narrativa crea un vincle m\u00e9s profund i aut\u00e8ntic amb el p\u00fablic.<\/li>\n<li><strong>Cohesi\u00f3 interna.<\/strong> En esdeveniments interns, ajuda a refor\u00e7ar la cultura corporativa i el sentit de pertinen\u00e7a.<\/li>\n<li>Diferenciaci\u00f3. En un entorn saturat d\u2019est\u00edmuls, les marques que comuniquen mitjan\u00e7ant hist\u00f2ries es distingeixen amb claredat.<\/li>\n<li><strong>Impacte comunicatiu.<\/strong> L&#8217;storytelling multiplica l&#8217;efic\u00e0cia dels missatges i la difusi\u00f3 posterior, tant en mitjans com a Xarxes.<\/li>\n<\/ul>\n<p>Tot plegat, la hist\u00f2ria no adorna l&#8217;esdeveniment: \u00e9s el cor que li d\u00f3na vida.<\/p>\n<p><strong>Esdeveniments FlandeCoco: hist\u00f2ries que es viuen<\/strong><\/p>\n<p>A FlandeCoco portem anys acreditant que els esdeveniments m\u00e9s memorables no s\u00f3n els m\u00e9s grans, sin\u00f3 els que expliquen millor una hist\u00f2ria. La nostra experi\u00e8ncia amb empreses de tots els sectors ens ha perm\u00e8s perfeccionar una f\u00f3rmula personalitzada on creativitat, estrat\u00e8gia i producci\u00f3 treballen en conjunt per donar forma a relats que impacten i emocionen.<\/p>\n<p><img loading=\"lazy\" decoding=\"async\" class=\"alignnone size-full wp-image-43528\" src=\"https:\/\/flandecoco.net\/wp-content\/uploads\/2025\/10\/fOTO_3-1.jpg\" alt=\"\" width=\"1200\" height=\"627\" srcset=\"https:\/\/flandecoco.net\/wp-content\/uploads\/2025\/10\/fOTO_3-1.jpg 1200w, https:\/\/flandecoco.net\/wp-content\/uploads\/2025\/10\/fOTO_3-1-300x157.jpg 300w, https:\/\/flandecoco.net\/wp-content\/uploads\/2025\/10\/fOTO_3-1-1024x535.jpg 1024w, https:\/\/flandecoco.net\/wp-content\/uploads\/2025\/10\/fOTO_3-1-768x401.jpg 768w, https:\/\/flandecoco.net\/wp-content\/uploads\/2025\/10\/fOTO_3-1-120x63.jpg 120w, https:\/\/flandecoco.net\/wp-content\/uploads\/2025\/10\/fOTO_3-1-81x42.jpg 81w\" sizes=\"auto, (max-width: 1200px) 100vw, 1200px\" \/><\/p>\n<p>Des del concepte creatiu fins a la darrera llum de l&#8217;escenari, cada \u00e0rea de la nostra ag\u00e8ncia de publicitat aporta la mirada per aconseguir una coher\u00e8ncia narrativa total. Perqu\u00e8 quan la comunicaci\u00f3, el disseny, el contingut i la posada en escena parlen el mateix idioma, la marca no nom\u00e9s organitza un esdeveniment: crea una experi\u00e8ncia que deixa empremta.<\/p>\n<p>A FlandeCoco creiem que cada esdeveniment t\u00e9 una hist\u00f2ria esperant ser explicada. I ens apassiona fer que cobri vida.<\/p>\n<p>Pots veure algunes de les accions i col\u00b7laboracions de FlandeCoco amb marques realitzades fins avui visitant el nostre <a href=\"https:\/\/flandecoco.net\/ca\/portafoli\"><strong>Portfoli <\/strong><\/a>i <a href=\"https:\/\/flandecoco.net\/ca\/els-nostres-clients\"><strong>FlanClub<\/strong><\/a>\u00a0de comptes. Si vols informaci\u00f3 addicional o con\u00e8ixer altres detalls sobre com et podem ajudar en els teus esdeveniments, presentacions o altres accions corporatives de M\u00e0rqueting i Comunicaci\u00f3, omple el seg\u00fcent formulari i r\u00e0pidament et donarem resposta.<\/p>\n<\/div>\n<div class=\"wpcf7 no-js\" id=\"wpcf7-f23482-o1\" lang=\"es-ES\" dir=\"ltr\" data-wpcf7-id=\"23482\">\n<div class=\"screen-reader-response\"><p role=\"status\" aria-live=\"polite\" aria-atomic=\"true\"><\/p> <ul><\/ul><\/div>\n<form action=\"\/ca\/wp-json\/wp\/v2\/posts\/43536#wpcf7-f23482-o1\" method=\"post\" class=\"wpcf7-form init\" aria-label=\"Formulario de contacto\" novalidate=\"novalidate\" data-status=\"init\">\n<fieldset class=\"hidden-fields-container\"><input type=\"hidden\" name=\"_wpcf7\" value=\"23482\" \/><input type=\"hidden\" name=\"_wpcf7_version\" value=\"6.1.5\" \/><input type=\"hidden\" name=\"_wpcf7_locale\" value=\"es_ES\" \/><input type=\"hidden\" name=\"_wpcf7_unit_tag\" value=\"wpcf7-f23482-o1\" \/><input type=\"hidden\" name=\"_wpcf7_container_post\" value=\"0\" \/><input type=\"hidden\" name=\"_wpcf7_posted_data_hash\" value=\"\" \/><input type=\"hidden\" name=\"_wpcf7_recaptcha_response\" value=\"\" \/>\n<\/fieldset>\n<p><label><span class=\"wpcf7-form-control-wrap\" data-name=\"your-name\"><input size=\"40\" maxlength=\"400\" class=\"wpcf7-form-control wpcf7-text wpcf7-validates-as-required\" aria-required=\"true\" aria-invalid=\"false\" placeholder=\"Nom i Cognoms\" value=\"\" type=\"text\" name=\"your-name\" \/><\/span> <\/label><br \/>\n<label><span class=\"wpcf7-form-control-wrap\" data-name=\"your-email\"><input size=\"40\" maxlength=\"400\" class=\"wpcf7-form-control wpcf7-email wpcf7-validates-as-required wpcf7-text wpcf7-validates-as-email\" aria-required=\"true\" aria-invalid=\"false\" placeholder=\"Email\" value=\"\" type=\"email\" name=\"your-email\" \/><\/span> <\/label><br \/>\n<label><span class=\"wpcf7-form-control-wrap\" data-name=\"your-empresa\"><input size=\"40\" maxlength=\"400\" class=\"wpcf7-form-control wpcf7-text wpcf7-validates-as-required\" aria-required=\"true\" aria-invalid=\"false\" placeholder=\"Empresa\" value=\"\" type=\"text\" name=\"your-empresa\" \/><\/span> <\/label><br \/>\n<label><span class=\"wpcf7-form-control-wrap\" data-name=\"your-tel\"><input size=\"40\" maxlength=\"400\" class=\"wpcf7-form-control wpcf7-tel wpcf7-validates-as-required wpcf7-text wpcf7-validates-as-tel\" aria-required=\"true\" aria-invalid=\"false\" placeholder=\"Tel\u00e8fon\" value=\"\" type=\"tel\" name=\"your-tel\" \/><\/span> <\/label><br \/>\n<label><span class=\"wpcf7-form-control-wrap\" data-name=\"your-sector\"><input size=\"40\" maxlength=\"400\" class=\"wpcf7-form-control wpcf7-text\" aria-invalid=\"false\" placeholder=\"Sector\" value=\"\" type=\"text\" name=\"your-sector\" \/><\/span> <\/label><br \/>\n<label><span class=\"wpcf7-form-control-wrap\" data-name=\"your-message\"><textarea cols=\"40\" rows=\"10\" maxlength=\"2000\" class=\"wpcf7-form-control wpcf7-textarea wpcf7-validates-as-required\" aria-required=\"true\" aria-invalid=\"false\" placeholder=\"Digues-nos qu\u00e8 necessites\" name=\"your-message\"><\/textarea><\/span> <\/label><br \/>\n<label>Com ens has conegut:<span class=\"wpcf7-form-control-wrap\" data-name=\"menu-660\"><select class=\"wpcf7-form-control wpcf7-select wpcf7-validates-as-required\" aria-required=\"true\" aria-invalid=\"false\" name=\"menu-660\"><option value=\"\">&#8212;Por favor, elige una opci\u00f3n&#8212;<\/option><option value=\"Cerca a Google\">Cerca a Google<\/option><option value=\"Instagram\">Instagram<\/option><option value=\"Facebook\">Facebook<\/option><option value=\"Linkedin\">Linkedin<\/option><option value=\"Twitter\">Twitter<\/option><\/select><\/span><\/label>\n<\/p>\n<div class=\"form-consent\">\n\t<p><span class=\"wpcf7-form-control-wrap\" data-name=\"acepta-politica\"><span class=\"wpcf7-form-control wpcf7-acceptance\"><span class=\"wpcf7-list-item\"><label><input type=\"checkbox\" name=\"acepta-politica\" value=\"1\" aria-invalid=\"false\" \/><span class=\"wpcf7-list-item-label\">He llegit i accepto les condicions contingudes en la <a href=\"\/politica-de-privacidad\" target=\"_blank\">pol\u00edtica de privacitat<\/a> sobre el tractament de les meves dades per a gestionar la meva consulta o petici\u00f3.<\/span><\/label><\/span><\/span><\/span><br \/>\n<span class=\"wpcf7-form-control-wrap\" data-name=\"acepta-info-comercial\"><span class=\"wpcf7-form-control wpcf7-checkbox\"><span class=\"wpcf7-list-item first last\"><input type=\"checkbox\" name=\"acepta-info-comercial[]\" value=\"Ens agradaria que ens prestessis el teu consentiment per a enviar-te informaci\u00f3 comercial sobre els productes, serveis, novetats de TROY&amp;MACCLURE, S.L.\" \/><span class=\"wpcf7-list-item-label\">Ens agradaria que ens prestessis el teu consentiment per a enviar-te informaci\u00f3 comercial sobre els productes, serveis, novetats de TROY&amp;MACCLURE, S.L.<\/span><\/span><\/span><\/span>\n\t<\/p>\n<\/div>\n<p><input class=\"wpcf7-form-control wpcf7-submit has-spinner\" type=\"submit\" value=\"Enviar\" \/>\n<\/p>\n<input class=\"wpcf7-form-control wpcf7-hidden\" id=\"gaCookie\" value=\"\" type=\"hidden\" name=\"gaCookie\" \/>\n<input class=\"wpcf7-form-control wpcf7-hidden\" value=\"\" type=\"hidden\" name=\"ga_campaign\" \/>\n<input class=\"wpcf7-form-control wpcf7-hidden\" value=\"\" type=\"hidden\" name=\"ga_medium\" \/>\n<input class=\"wpcf7-form-control wpcf7-hidden\" value=\"\" type=\"hidden\" name=\"ga_source\" \/>\n<input class=\"wpcf7-form-control wpcf7-hidden\" value=\"\" type=\"hidden\" name=\"ga_content\" \/>\n<input class=\"wpcf7-form-control wpcf7-hidden\" value=\"\" type=\"hidden\" name=\"ga_keyword\" \/>\n<input class=\"wpcf7-form-control wpcf7-hidden\" value=\"\" type=\"hidden\" name=\"landing_page_fdc\" \/><div class=\"wpcf7-response-output\" aria-hidden=\"true\"><\/div>\n<\/form>\n<\/div>\n<\/div><\/div><\/div><\/section>\n<\/div>","protected":false},"excerpt":{"rendered":"Un esdeveniment corporatiu no \u00e9s nom\u00e9s una data assenyalada en vermell al calendari, un grup de persones reunides amb interessos comuns o un escenari elegantment decorat. \u00c9s una oportunitat \u00fanica per explicar una hist\u00f2ria. Una hist\u00f2ria que emocioni, captivi i deixi empremta. Perqu\u00e8 quan un esdeveniment t\u00e9 \u00e0nima narrativa, transcendeix el que \u00e9s ef\u00edmer i es converteix en una experi\u00e8ncia que els assistents recorden i les marques capitalitzen durant molt m\u00e9s temps. L\u2019storytelling no \u00e9s una moda passatgera ni un mantra que repetim fins a la sacietat els publicistes. \u00c9s una eina molt poderosa per donar sentit a bona part del que fem o diem a diari. En el context dels esdeveniments, vol dir construir una narrativa coherent que acompanyi cada detall: des de la convocat\u00f2ria fins al tancament, passant per l'ambientaci\u00f3, els continguts, la posada en escena o fins i tot els obsequis. Quan l'assistent percep que tot t\u00e9 un qu\u00e8 i un perqu\u00e8, s'involucra emocionalment. I aqu\u00ed hi ha la difer\u00e8ncia entre assistir a un esdeveniment\u2026 i viure'l. Qu\u00e8 vol dir dotar d'hist\u00f2ria un esdeveniment? Dotar d'hist\u00f2ria un esdeveniment implica convertir-lo en un relat amb principi, desenvolupament i desenlla\u00e7. En altres paraules, definir un fil conductor que uneixi...","protected":false},"author":1,"featured_media":43533,"comment_status":"closed","ping_status":"closed","sticky":false,"template":"","format":"standard","meta":{"footnotes":""},"categories":[136],"tags":[],"class_list":["post-43536","post","type-post","status-publish","format-standard","has-post-thumbnail","hentry","category-blog-ca"],"_links":{"self":[{"href":"https:\/\/flandecoco.net\/ca\/wp-json\/wp\/v2\/posts\/43536","targetHints":{"allow":["GET"]}}],"collection":[{"href":"https:\/\/flandecoco.net\/ca\/wp-json\/wp\/v2\/posts"}],"about":[{"href":"https:\/\/flandecoco.net\/ca\/wp-json\/wp\/v2\/types\/post"}],"author":[{"embeddable":true,"href":"https:\/\/flandecoco.net\/ca\/wp-json\/wp\/v2\/users\/1"}],"replies":[{"embeddable":true,"href":"https:\/\/flandecoco.net\/ca\/wp-json\/wp\/v2\/comments?post=43536"}],"version-history":[{"count":2,"href":"https:\/\/flandecoco.net\/ca\/wp-json\/wp\/v2\/posts\/43536\/revisions"}],"predecessor-version":[{"id":43538,"href":"https:\/\/flandecoco.net\/ca\/wp-json\/wp\/v2\/posts\/43536\/revisions\/43538"}],"wp:featuredmedia":[{"embeddable":true,"href":"https:\/\/flandecoco.net\/ca\/wp-json\/wp\/v2\/media\/43533"}],"wp:attachment":[{"href":"https:\/\/flandecoco.net\/ca\/wp-json\/wp\/v2\/media?parent=43536"}],"wp:term":[{"taxonomy":"category","embeddable":true,"href":"https:\/\/flandecoco.net\/ca\/wp-json\/wp\/v2\/categories?post=43536"},{"taxonomy":"post_tag","embeddable":true,"href":"https:\/\/flandecoco.net\/ca\/wp-json\/wp\/v2\/tags?post=43536"}],"curies":[{"name":"wp","href":"https:\/\/api.w.org\/{rel}","templated":true}]}}