{"id":42886,"date":"2025-07-17T07:41:22","date_gmt":"2025-07-17T07:41:22","guid":{"rendered":"https:\/\/flandecoco.net\/?p=42886"},"modified":"2025-07-22T08:04:07","modified_gmt":"2025-07-22T08:04:07","slug":"accions-publicitaries-durant-les-vacances-agafar-o-deixar-passar-el-tren","status":"publish","type":"post","link":"https:\/\/flandecoco.net\/ca\/blog-ca\/accions-publicitaries-durant-les-vacances-agafar-o-deixar-passar-el-tren","title":{"rendered":"Accions publicit\u00e0ries durant les vacances: agafar o deixar passar el tren?"},"content":{"rendered":"<div class=\"wpb-content-wrapper\"><section class=\"vc_row wpb_row vc_row-fluid row-blog-interior  vc_row-o-content-middle vc_row-flex\"><div class=\"wpb_column vc_column_container vc_col-sm-12  col-xs-mobile-fullwidth\"><div class=\"vc_column-inner \"><div class=\"wpb_wrapper\"><div class=\"p-blog-fluido last-paragraph-no-margin\"><p><span style=\"font-weight: 400;\">Agost. Un mes de sensacions que fa olor de eau de crema solar, sona al ritme del dringar dels gels en un got i passa tan r\u00e0pid com la sorra que es cola i se&#8217;n va entre els dits. Per a la immensa majoria, un per\u00edode que \u00e9s sin\u00f2nim de pausa, desconnexi\u00f3 i vacances, per\u00f2 per a les marques\u2026 tamb\u00e9? Alerta spoiler: no ho hauria de ser.<\/span><\/p>\n<p><span style=\"font-weight: 400;\">Encara que hist\u00f2ricament el mes d&#8217;agost ha estat considerada una vall publicit\u00e0ria per a moltes marques i negocis, el cert \u00e9s que fa anys que aquest paradigma es transforma. I si la vostra empresa est\u00e0 pensant a desapar\u00e8ixer del mapa durant aquest mes, tenim una bona not\u00edcia (i una advert\u00e8ncia): agost pot ser una oportunitat d&#8217;or per destacar-te. Si saps aprofitar-ho, \u00e9s clar.<\/span><\/p>\n<p><b>Menys soroll, m\u00e9s atenci\u00f3<\/b><\/p>\n<p><span style=\"font-weight: 400;\">Un dels grans avantatges de fer campanyes publicit\u00e0ries a l&#8217;agost \u00e9s que tens menys compet\u00e8ncia. Moltes marques tanquen per vacances els seus esfor\u00e7os de m\u00e0rqueting, cosa que deixa m\u00e9s espai i visibilitat a les que s&#8217;opten per romandre. \u00c9s el moment perfecte per ser el que segueix parlant quan els altres han callat.<\/span><\/p>\n<p><span style=\"font-weight: 400;\">A m\u00e9s, els consumidors estan m\u00e9s relaxats, amb m\u00e9s temps lliure i, siguem honestos, amb el m\u00f2bil a la m\u00e0 sota el para-sol. L&#8217;engagement no se&#8217;n va vacances, simplement canvia de codi postal.<\/span><\/p>\n<p><b>El mood perfecte per connectar<\/b><\/p>\n<p><span style=\"font-weight: 400;\">Durant l&#8217;estiu, les persones estan m\u00e9s receptives a noves experi\u00e8ncies, a provar coses diferents, a deixar-se emportar. I aix\u00f2 \u00e9s l&#8217;ecosistema ideal per a una marca que vol connectar emocionalment amb la seva audi\u00e8ncia.<\/span><\/p>\n<p><span style=\"font-weight: 400;\">Tens un producte que es gaudeix a l&#8217;aire lliure? \u00c9s el teu moment. Un servei que pot facilitar la vida durant les vacances? Endavant. Una marca que simplement voleu associar amb moments feli\u00e7os? No ho pensis m\u00e9s.<\/span><\/p>\n<\/div>[vc_single_image image=&#8221;42890&#8243; img_size=&#8221;full&#8221;]<div class=\"last-paragraph-no-margin\"><p><span style=\"font-weight: 400;\">Agost \u00e9s un mes carregat d&#8217;emocions positives, i aquestes emocions s\u00f3n el trampol\u00ed perfecte per estimular l&#8217;experi\u00e8ncia de marca. Una activaci\u00f3 a la platja, una campanya que convidi a compartir moments amb el teu producte, una promo fresca que arribi just quan la calor apreta\u2026 Les possibilitats s\u00f3n moltes, i el context ajuda.<\/span><\/p>\n<p><b>El consumidor no s&#8217;apaga, es transforma<\/b><\/p>\n<p><span style=\"font-weight: 400;\">Pensar que a l&#8217;agost ning\u00fa compra \u00e9s com dir que al desembre ning\u00fa no menja torr\u00f3. El que canvia no \u00e9s el desig de consumir, sin\u00f3 com i quan. Les rutines es relaxen, per\u00f2 els h\u00e0bits digitals segueixen all\u00e0 (i fins i tot augmenten). Els despla\u00e7aments, els viatges, les escapades i el lleure generen un terreny f\u00e8rtil per a estrat\u00e8gies publicit\u00e0ries creatives, geolocalitzades i amb un toc de sorpresa.<\/span><\/p>\n<p><span style=\"font-weight: 400;\">A m\u00e9s, la hiperconnectivitat no es pren vacances. Les Xarxes Socials segueixen tan actives com sempre (o m\u00e9s!), i el contingut d&#8217;estiu tendeix a viralitzar-se amb m\u00e9s facilitat. Deixar\u00e0s que una altra marca ocupi el teu espai al feed nom\u00e9s perqu\u00e8 vas decidir prendre&#8217;t un descans?<\/span><\/p>\n<\/div>[vc_single_image image=&#8221;42887&#8243; img_size=&#8221;full&#8221;]<div class=\"last-paragraph-no-margin\"><p><b>El tren no passa dues vegades<\/b><\/p>\n<p><span style=\"font-weight: 400;\">Esperar el setembre per rellan\u00e7ar la maquin\u00e0ria pot sonar temptador. Per\u00f2, quan arribi, moltes marques tornaran a la c\u00e0rrega alhora. Compet\u00e8ncia a l&#8217;al\u00e7a, costos publicitaris m\u00e9s elevats i una audi\u00e8ncia saturada despr\u00e9s de l&#8217;efecte tornada a l&#8217;escola.<\/span><\/p>\n<p><span style=\"font-weight: 400;\">I si en comptes d&#8217;aix\u00f2 la teva marca ja estigu\u00e9s ben posicionada gr\u00e0cies a una campanya s\u00f2lida a l&#8217;agost? Series qui rep amb els bra\u00e7os oberts aquests consumidors que tornen a la rutina, i no qui intenta cridar m\u00e9s fort que la resta per recuperar la seva atenci\u00f3.<\/span><\/p>\n<p><b>Agost amb FlandeCoco: s\u00ed, per\u00f2 amb gel i llimona<\/b><\/p>\n<p><span style=\"font-weight: 400;\">A FlandeCoco creiem que l&#8217;estiu no \u00e9s pas una pausa, \u00e9s una oportunitat. Ens encanta idear campanyes que encaixin amb el mood estival, que parlin a l&#8217;idioma de la brisa, el relax i les ganes de viure. Perqu\u00e8, sincerament, qui va dir que fer publicitat a l&#8217;agost no podia ser divertit i eficient?<\/span><\/p>\n<p><span style=\"font-weight: 400;\">Aix\u00ed que, si dubtes, aqu\u00ed va la nostra recomanaci\u00f3: no deixis passar el tren de l&#8217;estiu. Puja a bord, relaxa&#8217;t, gaudeix del paisatge\u2026 i deixa que la teva marca segueixi conquerint cors mentre que altres segueixen adormits a l&#8217;estaci\u00f3.<\/span><\/p>\n<p><span style=\"font-weight: 400;\">Pots veure algunes de les accions i col\u00b7laboracions de FlandeCoco amb marques realitzades fins avui visitant el nostre <\/span><a href=\"https:\/\/flandecoco.net\/portfolio-new\"><b>Portfoli<\/b><\/a><span style=\"font-weight: 400;\">\u00a0 i <\/span><a href=\"https:\/\/flandecoco.net\/clientes\"><b>FlanClub<\/b> <\/a><span style=\"font-weight: 400;\"> de comptes.<\/span><\/p>\n<p><span style=\"font-weight: 400;\">Si vols informaci\u00f3 addicional o con\u00e8ixer altres detalls sobre com et podem ajudar en les teves accions corporatives de M\u00e0rqueting i Comunicaci\u00f3, omple el seg\u00fcent formulari i r\u00e0pidament et donarem resposta.<\/span><\/p>\n<\/div>\n<div class=\"wpcf7 no-js\" id=\"wpcf7-f23482-o1\" lang=\"es-ES\" dir=\"ltr\" data-wpcf7-id=\"23482\">\n<div class=\"screen-reader-response\"><p role=\"status\" aria-live=\"polite\" aria-atomic=\"true\"><\/p> <ul><\/ul><\/div>\n<form action=\"\/ca\/wp-json\/wp\/v2\/posts\/42886#wpcf7-f23482-o1\" method=\"post\" class=\"wpcf7-form init\" aria-label=\"Formulario de contacto\" novalidate=\"novalidate\" data-status=\"init\">\n<fieldset class=\"hidden-fields-container\"><input type=\"hidden\" name=\"_wpcf7\" value=\"23482\" \/><input type=\"hidden\" name=\"_wpcf7_version\" value=\"6.1.5\" \/><input type=\"hidden\" name=\"_wpcf7_locale\" value=\"es_ES\" \/><input type=\"hidden\" name=\"_wpcf7_unit_tag\" value=\"wpcf7-f23482-o1\" \/><input type=\"hidden\" name=\"_wpcf7_container_post\" value=\"0\" \/><input type=\"hidden\" name=\"_wpcf7_posted_data_hash\" value=\"\" \/><input type=\"hidden\" name=\"_wpcf7_recaptcha_response\" value=\"\" \/>\n<\/fieldset>\n<p><label><span class=\"wpcf7-form-control-wrap\" data-name=\"your-name\"><input size=\"40\" maxlength=\"400\" class=\"wpcf7-form-control wpcf7-text wpcf7-validates-as-required\" aria-required=\"true\" aria-invalid=\"false\" placeholder=\"Nom i Cognoms\" value=\"\" type=\"text\" name=\"your-name\" \/><\/span> <\/label><br \/>\n<label><span class=\"wpcf7-form-control-wrap\" data-name=\"your-email\"><input size=\"40\" maxlength=\"400\" class=\"wpcf7-form-control wpcf7-email wpcf7-validates-as-required wpcf7-text wpcf7-validates-as-email\" aria-required=\"true\" aria-invalid=\"false\" placeholder=\"Email\" value=\"\" type=\"email\" name=\"your-email\" \/><\/span> <\/label><br \/>\n<label><span class=\"wpcf7-form-control-wrap\" data-name=\"your-empresa\"><input size=\"40\" maxlength=\"400\" class=\"wpcf7-form-control wpcf7-text wpcf7-validates-as-required\" aria-required=\"true\" aria-invalid=\"false\" placeholder=\"Empresa\" value=\"\" type=\"text\" name=\"your-empresa\" \/><\/span> <\/label><br \/>\n<label><span class=\"wpcf7-form-control-wrap\" data-name=\"your-tel\"><input size=\"40\" maxlength=\"400\" class=\"wpcf7-form-control wpcf7-tel wpcf7-validates-as-required wpcf7-text wpcf7-validates-as-tel\" aria-required=\"true\" aria-invalid=\"false\" placeholder=\"Tel\u00e8fon\" value=\"\" type=\"tel\" name=\"your-tel\" \/><\/span> <\/label><br \/>\n<label><span class=\"wpcf7-form-control-wrap\" data-name=\"your-sector\"><input size=\"40\" maxlength=\"400\" class=\"wpcf7-form-control wpcf7-text\" aria-invalid=\"false\" placeholder=\"Sector\" value=\"\" type=\"text\" name=\"your-sector\" \/><\/span> <\/label><br \/>\n<label><span class=\"wpcf7-form-control-wrap\" data-name=\"your-message\"><textarea cols=\"40\" rows=\"10\" maxlength=\"2000\" class=\"wpcf7-form-control wpcf7-textarea wpcf7-validates-as-required\" aria-required=\"true\" aria-invalid=\"false\" placeholder=\"Digues-nos qu\u00e8 necessites\" name=\"your-message\"><\/textarea><\/span> <\/label><br \/>\n<label>Com ens has conegut:<span class=\"wpcf7-form-control-wrap\" data-name=\"menu-660\"><select class=\"wpcf7-form-control wpcf7-select wpcf7-validates-as-required\" aria-required=\"true\" aria-invalid=\"false\" name=\"menu-660\"><option value=\"\">&#8212;Por favor, elige una opci\u00f3n&#8212;<\/option><option value=\"Cerca a Google\">Cerca a Google<\/option><option value=\"Instagram\">Instagram<\/option><option value=\"Facebook\">Facebook<\/option><option value=\"Linkedin\">Linkedin<\/option><option value=\"Twitter\">Twitter<\/option><\/select><\/span><\/label>\n<\/p>\n<div class=\"form-consent\">\n\t<p><span class=\"wpcf7-form-control-wrap\" data-name=\"acepta-politica\"><span class=\"wpcf7-form-control wpcf7-acceptance\"><span class=\"wpcf7-list-item\"><label><input type=\"checkbox\" name=\"acepta-politica\" value=\"1\" aria-invalid=\"false\" \/><span class=\"wpcf7-list-item-label\">He llegit i accepto les condicions contingudes en la <a href=\"\/politica-de-privacidad\" target=\"_blank\">pol\u00edtica de privacitat<\/a> sobre el tractament de les meves dades per a gestionar la meva consulta o petici\u00f3.<\/span><\/label><\/span><\/span><\/span><br \/>\n<span class=\"wpcf7-form-control-wrap\" data-name=\"acepta-info-comercial\"><span class=\"wpcf7-form-control wpcf7-checkbox\"><span class=\"wpcf7-list-item first last\"><input type=\"checkbox\" name=\"acepta-info-comercial[]\" value=\"Ens agradaria que ens prestessis el teu consentiment per a enviar-te informaci\u00f3 comercial sobre els productes, serveis, novetats de TROY&amp;MACCLURE, S.L.\" \/><span class=\"wpcf7-list-item-label\">Ens agradaria que ens prestessis el teu consentiment per a enviar-te informaci\u00f3 comercial sobre els productes, serveis, novetats de TROY&amp;MACCLURE, S.L.<\/span><\/span><\/span><\/span>\n\t<\/p>\n<\/div>\n<p><input class=\"wpcf7-form-control wpcf7-submit has-spinner\" type=\"submit\" value=\"Enviar\" \/>\n<\/p>\n<input class=\"wpcf7-form-control wpcf7-hidden\" id=\"gaCookie\" value=\"\" type=\"hidden\" name=\"gaCookie\" \/>\n<input class=\"wpcf7-form-control wpcf7-hidden\" value=\"\" type=\"hidden\" name=\"ga_campaign\" \/>\n<input class=\"wpcf7-form-control wpcf7-hidden\" value=\"\" type=\"hidden\" name=\"ga_medium\" \/>\n<input class=\"wpcf7-form-control wpcf7-hidden\" value=\"\" type=\"hidden\" name=\"ga_source\" \/>\n<input class=\"wpcf7-form-control wpcf7-hidden\" value=\"\" type=\"hidden\" name=\"ga_content\" \/>\n<input class=\"wpcf7-form-control wpcf7-hidden\" value=\"\" type=\"hidden\" name=\"ga_keyword\" \/>\n<input class=\"wpcf7-form-control wpcf7-hidden\" value=\"\" type=\"hidden\" name=\"landing_page_fdc\" \/><div class=\"wpcf7-response-output\" aria-hidden=\"true\"><\/div>\n<\/form>\n<\/div>\n<\/div><\/div><\/div><\/section>\n<\/div>","protected":false},"excerpt":{"rendered":"Agost. Un mes de sensacions que fa olor de eau de crema solar, sona al ritme del dringar dels gels en un got i passa tan r\u00e0pid com la sorra que es cola i se'n va entre els dits. Per a la immensa majoria, un per\u00edode que \u00e9s sin\u00f2nim de pausa, desconnexi\u00f3 i vacances, per\u00f2 per a les marques\u2026 tamb\u00e9? Alerta spoiler: no ho hauria de ser. Encara que hist\u00f2ricament el mes d'agost ha estat considerada una vall publicit\u00e0ria per a moltes marques i negocis, el cert \u00e9s que fa anys que aquest paradigma es transforma. I si la vostra empresa est\u00e0 pensant a desapar\u00e8ixer del mapa durant aquest mes, tenim una bona not\u00edcia (i una advert\u00e8ncia): agost pot ser una oportunitat d'or per destacar-te. Si saps aprofitar-ho, \u00e9s clar. Menys soroll, m\u00e9s atenci\u00f3 Un dels grans avantatges de fer campanyes publicit\u00e0ries a l'agost \u00e9s que tens menys compet\u00e8ncia. Moltes marques tanquen per vacances els seus esfor\u00e7os de m\u00e0rqueting, cosa que deixa m\u00e9s espai i visibilitat a les que s'opten per romandre. \u00c9s el moment perfecte per ser el que segueix parlant quan els altres han callat. A m\u00e9s, els consumidors estan m\u00e9s relaxats, amb m\u00e9s temps lliure i, siguem...","protected":false},"author":1,"featured_media":42893,"comment_status":"closed","ping_status":"closed","sticky":false,"template":"","format":"standard","meta":{"footnotes":""},"categories":[136],"tags":[],"class_list":["post-42886","post","type-post","status-publish","format-standard","has-post-thumbnail","hentry","category-blog-ca"],"_links":{"self":[{"href":"https:\/\/flandecoco.net\/ca\/wp-json\/wp\/v2\/posts\/42886","targetHints":{"allow":["GET"]}}],"collection":[{"href":"https:\/\/flandecoco.net\/ca\/wp-json\/wp\/v2\/posts"}],"about":[{"href":"https:\/\/flandecoco.net\/ca\/wp-json\/wp\/v2\/types\/post"}],"author":[{"embeddable":true,"href":"https:\/\/flandecoco.net\/ca\/wp-json\/wp\/v2\/users\/1"}],"replies":[{"embeddable":true,"href":"https:\/\/flandecoco.net\/ca\/wp-json\/wp\/v2\/comments?post=42886"}],"version-history":[{"count":2,"href":"https:\/\/flandecoco.net\/ca\/wp-json\/wp\/v2\/posts\/42886\/revisions"}],"predecessor-version":[{"id":42899,"href":"https:\/\/flandecoco.net\/ca\/wp-json\/wp\/v2\/posts\/42886\/revisions\/42899"}],"wp:featuredmedia":[{"embeddable":true,"href":"https:\/\/flandecoco.net\/ca\/wp-json\/wp\/v2\/media\/42893"}],"wp:attachment":[{"href":"https:\/\/flandecoco.net\/ca\/wp-json\/wp\/v2\/media?parent=42886"}],"wp:term":[{"taxonomy":"category","embeddable":true,"href":"https:\/\/flandecoco.net\/ca\/wp-json\/wp\/v2\/categories?post=42886"},{"taxonomy":"post_tag","embeddable":true,"href":"https:\/\/flandecoco.net\/ca\/wp-json\/wp\/v2\/tags?post=42886"}],"curies":[{"name":"wp","href":"https:\/\/api.w.org\/{rel}","templated":true}]}}