{"id":42845,"date":"2025-07-17T07:59:02","date_gmt":"2025-07-17T07:59:02","guid":{"rendered":"https:\/\/flandecoco.net\/?p=42845"},"modified":"2025-07-17T08:05:59","modified_gmt":"2025-07-17T08:05:59","slug":"collage-daccions-flaneres","status":"publish","type":"post","link":"https:\/\/flandecoco.net\/ca\/noticies\/collage-daccions-flaneres","title":{"rendered":"Collage d&#8217;accions flaneres"},"content":{"rendered":"<div class=\"wpb-content-wrapper\"><section class=\"vc_row wpb_row vc_row-fluid row-blog-interior\"><div class=\"wpb_column vc_column_container  col-xs-mobile-fullwidth\"><div class=\"vc_column-inner \"><div class=\"wpb_wrapper\"><div class=\"last-paragraph-no-margin\"><p><span style=\"font-weight: 400;\">L&#8217;arribada del bon temps va comportar molt m\u00e9s que la planificaci\u00f3 de les vacances d&#8217;estiu, el primer gelat i les primeres orxates: a FlandeCoco, va significar un impuls tant per als nostres projectes digitals gestionats sota el sostre de les nostres oficines com per a accions de comunicaci\u00f3 outdoor.<\/span><\/p>\n<p><span style=\"font-weight: 400;\">Aquest segon trimestre del 2025 ha estat una clara demostraci\u00f3 d&#8217;equilibri creatiu: p\u00e0gines web, manuals de marca i administraci\u00f3 de xarxes socials convivint amb shootings fotogr\u00e0fics, continguts a peu de carrer i experi\u00e8ncies sensorials a l&#8217;aire lliure. Una primavera flanera que ens ha mantingut en constant moviment i que avui compartim amb un recull d\u2019algun dels projectes dels tres darrers mesos.<\/span><\/p>\n<p><b>Lle\u00f3 Productes Naturals: un clic tan proper<\/b><\/p>\n<p><span style=\"font-weight: 400;\">El projecte per Lle\u00f3 Productes Naturals ha estat una de les peces centrals de la primavera flanera. Aquesta empresa ofereix a les marques solucions a mida en complements alimentaris. Fabrica exclusivament per a tercers, sense marca pr\u00f2pia, assegurant que cada producte sigui \u00fanic i reflecteixi la identitat de cada empresa.<\/span><\/p>\n<p><span style=\"font-weight: 400;\">Productes innovadors i personalitzats per potenciar l&#8217;\u00e8xit d&#8217;una marca al sector de la nutrici\u00f3, des de solucions adaptades i a diferents presentacions gal\u00e8niques, tant en formes s\u00f2lides com l\u00edquides, garantint la m\u00e0xima qualitat i adaptaci\u00f3 a les exig\u00e8ncies del mercat.<\/span><\/p>\n<p><span style=\"font-weight: 400;\">En el disseny de la seva <\/span><a href=\"https:\/\/lleo.es\/\"><b>p\u00e0gina web<\/b><\/a><span style=\"font-weight: 400;\">, s&#8217;ha apostat per una est\u00e8tica neta, org\u00e0nica i propera, cent per cent alineada amb la seva filosofia corporativa.<\/span><\/p>\n<\/div>[vc_single_image image=&#8221;42380&#8243; img_size=&#8221;full&#8221;]<div class=\"last-paragraph-no-margin\"><p><b>Lunas Resort Yoga &amp; Spa: benestar en estat pur<\/b><\/p>\n<p><span style=\"font-weight: 400;\">Tamb\u00e9 hem tingut l&#8217;oportunitat de desenvolupar el lloc web per a Lunas Resort Yoga &amp; Spa, un espai exclusiu de retir on el benestar, la natura i el descans s\u00f3n protagonistes.<\/span><\/p>\n<p><span style=\"font-weight: 400;\">Un web immersiu, experiencial, fluid i emocional, que convida l&#8217;usuari des del <\/span><a href=\"https:\/\/www.lunashotels.com\/\"><b>primer clic <\/b><\/a><span style=\"font-weight: 400;\">a connectar amb la calma que defineix el resort, facilitant alhora la navegaci\u00f3 i la reserva d&#8217;estades.<\/span><\/p>\n<\/div>[vc_single_image image=&#8221;42490&#8243; img_size=&#8221;full&#8221;]<div class=\"last-paragraph-no-margin\"><p><b>Lle\u00f3 &amp; Season: passi\u00f3 a cada tret<\/b><\/p>\n<p><span style=\"font-weight: 400;\">Els shootings fotogr\u00e0fics tamb\u00e9 han tingut un paper destacat durant aquesta primavera. Per Lle\u00f3, hem desenvolupat una sessi\u00f3 fotogr\u00e0fica destinada a refor\u00e7ar la visualitat de la seva p\u00e0gina web.<\/span><\/p>\n<\/div>[vc_single_image image=&#8221;42841&#8243; img_size=&#8221;full&#8221;]<div class=\"last-paragraph-no-margin\"><p><a href=\"https:\/\/www.seasonrestaurante.es\/\"><b>Season Restaurante<\/b><\/a><span style=\"font-weight: 400;\">, <\/span><span style=\"font-weight: 400;\">un dels temples foodie de l&#8217;Eixample de Barcelona, va estrenar carta de temporada, i amb ella, nova proposta visual.<\/span><\/p>\n<\/div>[vc_single_image image=&#8221;42613&#8243; img_size=&#8221;full&#8221;]<div class=\"last-paragraph-no-margin\"><p><b>Street content amb Mimesis Sensations<\/b><\/p>\n<p><span style=\"font-weight: 400;\">Ens encanta sortir al carrer i connectar amb les persones. Per aix\u00f2, juntament amb creadors de contingut (UGC), duem a terme durant l&#8217;any accions de street content per a <\/span><a href=\"https:\/\/mimesissensations.com\/\"><b>Mimesis Sensations<\/b><\/a><span style=\"font-weight: 400;\">, una marca de productes cosm\u00e8tics BIO i vegans amb un enfocament fresc, innovador i sensorial.<\/span><\/p>\n<p><span style=\"font-weight: 400;\">En aquesta \u00faltima intervenci\u00f3 urbana, interactuant amb vianants per a presentar els productes d\u2019una forma propera, espont\u00e0nia i amb aquest toc de simpatia tan caracter\u00edstica de la manera de fer de FlandeCoco. Preguntes curioses, mostres gratu\u00eftes i molts somriures per acostar a la marca al seu p\u00fablic real.\u00a0<\/span><\/p>\n<\/div><div class=\"vc_row wpb_row vc_inner vc_row-fluid influs-videos\"><div class=\"wpb_column vc_column_container vc_col-sm-12  col-xs-mobile-fullwidth\"><div class=\"vc_column-inner \"><div class=\"wpb_wrapper\">[vc_raw_html]JTNDZGl2JTIwY2xhc3MlM0QlMjJNYXJxdWVlJTIyJTNFJTBBJTNDZGl2JTIwY2xhc3MlM0QlMjJNYXJxdWVlLWNvbnRlbnQtc3RhdGljJTIyJTNFJTBBJTNDZGl2JTIwY2xhc3MlM0QlMjJNYXJxdWVlLXRhZyUyMiUzRSUzQ3ZpZGVvJTIwYXV0b3BsYXklM0QlMjJhdXRvcGxheSUyMiUyMGxvb3AlM0QlMjJsb29wJTIyJTIwbXV0ZWQlM0QlMjIlMjIlMjB3aWR0aCUzRCUyMjEwMCUyNSUyMiUyMGhlaWdodCUzRCUyMiUyMiUzRSUzQ3NvdXJjZSUyMHNyYyUzRCUyMiUyRndwLWNvbnRlbnQlMkZ1cGxvYWRzJTJGdmlkZW9zJTJGdWdjLW51ZXZhLm1wNCUyMiUyMHR5cGUlM0QlMjJ2aWRlbyUyRm1wNCUyMiUyMCUyRiUzRSUzQyUyRnZpZGVvJTNFJTNDJTJGZGl2JTNFJTBBJTNDZGl2JTIwY2xhc3MlM0QlMjJNYXJxdWVlLXRhZyUyMiUzRSUzQ3ZpZGVvJTIwYXV0b3BsYXklM0QlMjJhdXRvcGxheSUyMiUyMGxvb3AlM0QlMjJsb29wJTIyJTIwbXV0ZWQlM0QlMjIlMjIlMjB3aWR0aCUzRCUyMjEwMCUyNSUyMiUyMGhlaWdodCUzRCUyMiUyMiUzRSUzQ3NvdXJjZSUyMHNyYyUzRCUyMiUyRndwLWNvbnRlbnQlMkZ1cGxvYWRzJTJGdmlkZW9zJTJGc3RyZWV0LWNvbnRlbnQtMDEubW92JTIyJTIwdHlwZSUzRCUyMnZpZGVvJTJGbXA0JTIyJTIwJTJGJTNFJTNDJTJGdmlkZW8lM0UlM0MlMkZkaXYlM0UlMEElM0NkaXYlMjBjbGFzcyUzRCUyMk1hcnF1ZWUtdGFnJTIyJTNFJTNDdmlkZW8lMjBhdXRvcGxheSUzRCUyMmF1dG9wbGF5JTIyJTIwbG9vcCUzRCUyMmxvb3AlMjIlMjBtdXRlZCUzRCUyMiUyMiUyMHdpZHRoJTNEJTIyMTAwJTI1JTIyJTIwaGVpZ2h0JTNEJTIyJTIyJTNFJTNDc291cmNlJTIwc3JjJTNEJTIyJTJGd3AtY29udGVudCUyRnVwbG9hZHMlMkZ2aWRlb3MlMkZ1Z2MtbnVldmEubXA0JTIyJTIwdHlwZSUzRCUyMnZpZGVvJTJGbXA0JTIyJTIwJTJGJTNFJTNDJTJGdmlkZW8lM0UlM0MlMkZkaXYlM0UlMEElM0NkaXYlMjBjbGFzcyUzRCUyMk1hcnF1ZWUtdGFnJTIyJTNFJTNDdmlkZW8lMjBhdXRvcGxheSUzRCUyMmF1dG9wbGF5JTIyJTIwbG9vcCUzRCUyMmxvb3AlMjIlMjBtdXRlZCUzRCUyMiUyMiUyMHdpZHRoJTNEJTIyMTAwJTI1JTIyJTIwaGVpZ2h0JTNEJTIyJTIyJTNFJTNDc291cmNlJTIwc3JjJTNEJTIyJTJGd3AtY29udGVudCUyRnVwbG9hZHMlMkZ2aWRlb3MlMkZzdHJlZXQtY29udGVudC0wMi5tb3YlMjIlMjB0eXBlJTNEJTIydmlkZW8lMkZtcDQlMjIlMjAlMkYlM0UlM0MlMkZ2aWRlbyUzRSUzQyUyRmRpdiUzRSUwQSUzQyUyRmRpdiUzRSUwQSUzQyUyRmRpdiUzRQ==[\/vc_raw_html]<\/div><\/div><\/div><\/div>[vc_empty_space height=&#8221;25px&#8221;]<div class=\"last-paragraph-no-margin\"><p><b>MAPFRE en Nexa-7<\/b><\/p>\n<p><span style=\"font-weight: 400;\">Finalment, una de les fites m\u00e9s rellevants del trimestre ha estat la creaci\u00f3 del nou manual de senyal\u00e8tica per a Mapfre al complex Nexa-7. Tradueix la identitat corporativa en un sistema gr\u00e0fic prec\u00eds, funcional i universal Cada senyal, cada s\u00edmbol, refor\u00e7a l&#8217;experi\u00e8ncia de marca als espais f\u00edsics, garantint seguretat, orientaci\u00f3 i consist\u00e8ncia.<\/span><\/p>\n<p><span style=\"font-weight: 400;\">Un document t\u00e8cnic que reflecteix el comprom\u00eds de Mapfre amb l&#8217;excel\u00b7l\u00e8ncia operativa i la comunicaci\u00f3 efica\u00e7.<\/span><\/p>\n<\/div>[vc_single_image image=&#8221;42568&#8243; img_size=&#8221;full&#8221;]<div class=\"last-paragraph-no-margin\"><p><span style=\"font-weight: 400;\">Un recap de projectes del 2n trimestre d&#8217;any que reflecteixen el nostre comprom\u00eds amb les marques que desitgen comunicar des de l&#8217;autenticitat, ja sigui des d&#8217;una pantalla o al mig del carrer. Seguim apostant per aquest equilibri entre all\u00f2 digital i all\u00f2 vivencial, entre all\u00f2 conceptual i all\u00f2 tangible. l&#8217;estiu no ha fet m\u00e9s que comen\u00e7ar!<\/span><\/p>\n<\/div>\n<div class=\"wpcf7 no-js\" id=\"wpcf7-f23482-o1\" lang=\"es-ES\" dir=\"ltr\" data-wpcf7-id=\"23482\">\n<div class=\"screen-reader-response\"><p role=\"status\" aria-live=\"polite\" aria-atomic=\"true\"><\/p> <ul><\/ul><\/div>\n<form action=\"\/ca\/wp-json\/wp\/v2\/posts\/42845#wpcf7-f23482-o1\" method=\"post\" class=\"wpcf7-form init\" aria-label=\"Formulario de contacto\" novalidate=\"novalidate\" data-status=\"init\">\n<fieldset class=\"hidden-fields-container\"><input type=\"hidden\" name=\"_wpcf7\" value=\"23482\" \/><input type=\"hidden\" name=\"_wpcf7_version\" value=\"6.1.5\" \/><input type=\"hidden\" name=\"_wpcf7_locale\" value=\"es_ES\" \/><input type=\"hidden\" name=\"_wpcf7_unit_tag\" value=\"wpcf7-f23482-o1\" \/><input type=\"hidden\" name=\"_wpcf7_container_post\" value=\"0\" \/><input type=\"hidden\" name=\"_wpcf7_posted_data_hash\" value=\"\" \/><input type=\"hidden\" name=\"_wpcf7_recaptcha_response\" value=\"\" \/>\n<\/fieldset>\n<p><label><span class=\"wpcf7-form-control-wrap\" data-name=\"your-name\"><input size=\"40\" maxlength=\"400\" class=\"wpcf7-form-control wpcf7-text wpcf7-validates-as-required\" aria-required=\"true\" aria-invalid=\"false\" placeholder=\"Nom i Cognoms\" value=\"\" type=\"text\" name=\"your-name\" \/><\/span> <\/label><br \/>\n<label><span class=\"wpcf7-form-control-wrap\" data-name=\"your-email\"><input size=\"40\" maxlength=\"400\" class=\"wpcf7-form-control wpcf7-email wpcf7-validates-as-required wpcf7-text wpcf7-validates-as-email\" aria-required=\"true\" aria-invalid=\"false\" placeholder=\"Email\" value=\"\" type=\"email\" name=\"your-email\" \/><\/span> <\/label><br \/>\n<label><span class=\"wpcf7-form-control-wrap\" data-name=\"your-empresa\"><input size=\"40\" maxlength=\"400\" class=\"wpcf7-form-control wpcf7-text wpcf7-validates-as-required\" aria-required=\"true\" aria-invalid=\"false\" placeholder=\"Empresa\" value=\"\" type=\"text\" name=\"your-empresa\" \/><\/span> <\/label><br \/>\n<label><span class=\"wpcf7-form-control-wrap\" data-name=\"your-tel\"><input size=\"40\" maxlength=\"400\" class=\"wpcf7-form-control wpcf7-tel wpcf7-validates-as-required wpcf7-text wpcf7-validates-as-tel\" aria-required=\"true\" aria-invalid=\"false\" placeholder=\"Tel\u00e8fon\" value=\"\" type=\"tel\" name=\"your-tel\" \/><\/span> <\/label><br \/>\n<label><span class=\"wpcf7-form-control-wrap\" data-name=\"your-sector\"><input size=\"40\" maxlength=\"400\" class=\"wpcf7-form-control wpcf7-text\" aria-invalid=\"false\" placeholder=\"Sector\" value=\"\" type=\"text\" name=\"your-sector\" \/><\/span> <\/label><br \/>\n<label><span class=\"wpcf7-form-control-wrap\" data-name=\"your-message\"><textarea cols=\"40\" rows=\"10\" maxlength=\"2000\" class=\"wpcf7-form-control wpcf7-textarea wpcf7-validates-as-required\" aria-required=\"true\" aria-invalid=\"false\" placeholder=\"Digues-nos qu\u00e8 necessites\" name=\"your-message\"><\/textarea><\/span> <\/label><br \/>\n<label>Com ens has conegut:<span class=\"wpcf7-form-control-wrap\" data-name=\"menu-660\"><select class=\"wpcf7-form-control wpcf7-select wpcf7-validates-as-required\" aria-required=\"true\" aria-invalid=\"false\" name=\"menu-660\"><option value=\"\">&#8212;Por favor, elige una opci\u00f3n&#8212;<\/option><option value=\"Cerca a Google\">Cerca a Google<\/option><option value=\"Instagram\">Instagram<\/option><option value=\"Facebook\">Facebook<\/option><option value=\"Linkedin\">Linkedin<\/option><option value=\"Twitter\">Twitter<\/option><\/select><\/span><\/label>\n<\/p>\n<div class=\"form-consent\">\n\t<p><span class=\"wpcf7-form-control-wrap\" data-name=\"acepta-politica\"><span class=\"wpcf7-form-control wpcf7-acceptance\"><span class=\"wpcf7-list-item\"><label><input type=\"checkbox\" name=\"acepta-politica\" value=\"1\" aria-invalid=\"false\" \/><span class=\"wpcf7-list-item-label\">He llegit i accepto les condicions contingudes en la <a href=\"\/politica-de-privacidad\" target=\"_blank\">pol\u00edtica de privacitat<\/a> sobre el tractament de les meves dades per a gestionar la meva consulta o petici\u00f3.<\/span><\/label><\/span><\/span><\/span><br \/>\n<span class=\"wpcf7-form-control-wrap\" data-name=\"acepta-info-comercial\"><span class=\"wpcf7-form-control wpcf7-checkbox\"><span class=\"wpcf7-list-item first last\"><input type=\"checkbox\" name=\"acepta-info-comercial[]\" value=\"Ens agradaria que ens prestessis el teu consentiment per a enviar-te informaci\u00f3 comercial sobre els productes, serveis, novetats de TROY&amp;MACCLURE, S.L.\" \/><span class=\"wpcf7-list-item-label\">Ens agradaria que ens prestessis el teu consentiment per a enviar-te informaci\u00f3 comercial sobre els productes, serveis, novetats de TROY&amp;MACCLURE, S.L.<\/span><\/span><\/span><\/span>\n\t<\/p>\n<\/div>\n<p><input class=\"wpcf7-form-control wpcf7-submit has-spinner\" type=\"submit\" value=\"Enviar\" \/>\n<\/p>\n<input class=\"wpcf7-form-control wpcf7-hidden\" id=\"gaCookie\" value=\"\" type=\"hidden\" name=\"gaCookie\" \/>\n<input class=\"wpcf7-form-control wpcf7-hidden\" value=\"\" type=\"hidden\" name=\"ga_campaign\" \/>\n<input class=\"wpcf7-form-control wpcf7-hidden\" value=\"\" type=\"hidden\" name=\"ga_medium\" \/>\n<input class=\"wpcf7-form-control wpcf7-hidden\" value=\"\" type=\"hidden\" name=\"ga_source\" \/>\n<input class=\"wpcf7-form-control wpcf7-hidden\" value=\"\" type=\"hidden\" name=\"ga_content\" \/>\n<input class=\"wpcf7-form-control wpcf7-hidden\" value=\"\" type=\"hidden\" name=\"ga_keyword\" \/>\n<input class=\"wpcf7-form-control wpcf7-hidden\" value=\"\" type=\"hidden\" name=\"landing_page_fdc\" \/><div class=\"wpcf7-response-output\" aria-hidden=\"true\"><\/div>\n<\/form>\n<\/div>\n<\/div><\/div><\/div><\/section>\n<\/div>","protected":false},"excerpt":{"rendered":"L'arribada del bon temps va comportar molt m\u00e9s que la planificaci\u00f3 de les vacances d'estiu, el primer gelat i les primeres orxates: a FlandeCoco, va significar un impuls tant per als nostres projectes digitals gestionats sota el sostre de les nostres oficines com per a accions de comunicaci\u00f3 outdoor. Aquest segon trimestre del 2025 ha estat una clara demostraci\u00f3 d'equilibri creatiu: p\u00e0gines web, manuals de marca i administraci\u00f3 de xarxes socials convivint amb shootings fotogr\u00e0fics, continguts a peu de carrer i experi\u00e8ncies sensorials a l'aire lliure. Una primavera flanera que ens ha mantingut en constant moviment i que avui compartim amb un recull d\u2019algun dels projectes dels tres darrers mesos. Lle\u00f3 Productes Naturals: un clic tan proper El projecte per Lle\u00f3 Productes Naturals ha estat una de les peces centrals de la primavera flanera. Aquesta empresa ofereix a les marques solucions a mida en complements alimentaris. Fabrica exclusivament per a tercers, sense marca pr\u00f2pia, assegurant que cada producte sigui \u00fanic i reflecteixi la identitat de cada empresa. Productes innovadors i personalitzats per potenciar l'\u00e8xit d'una marca al sector de la nutrici\u00f3, des de solucions adaptades i a diferents presentacions gal\u00e8niques, tant en formes s\u00f2lides com l\u00edquides, garantint la m\u00e0xima qualitat...","protected":false},"author":1,"featured_media":42819,"comment_status":"closed","ping_status":"closed","sticky":false,"template":"","format":"standard","meta":{"footnotes":""},"categories":[137],"tags":[],"class_list":["post-42845","post","type-post","status-publish","format-standard","has-post-thumbnail","hentry","category-noticies"],"_links":{"self":[{"href":"https:\/\/flandecoco.net\/ca\/wp-json\/wp\/v2\/posts\/42845","targetHints":{"allow":["GET"]}}],"collection":[{"href":"https:\/\/flandecoco.net\/ca\/wp-json\/wp\/v2\/posts"}],"about":[{"href":"https:\/\/flandecoco.net\/ca\/wp-json\/wp\/v2\/types\/post"}],"author":[{"embeddable":true,"href":"https:\/\/flandecoco.net\/ca\/wp-json\/wp\/v2\/users\/1"}],"replies":[{"embeddable":true,"href":"https:\/\/flandecoco.net\/ca\/wp-json\/wp\/v2\/comments?post=42845"}],"version-history":[{"count":2,"href":"https:\/\/flandecoco.net\/ca\/wp-json\/wp\/v2\/posts\/42845\/revisions"}],"predecessor-version":[{"id":42847,"href":"https:\/\/flandecoco.net\/ca\/wp-json\/wp\/v2\/posts\/42845\/revisions\/42847"}],"wp:featuredmedia":[{"embeddable":true,"href":"https:\/\/flandecoco.net\/ca\/wp-json\/wp\/v2\/media\/42819"}],"wp:attachment":[{"href":"https:\/\/flandecoco.net\/ca\/wp-json\/wp\/v2\/media?parent=42845"}],"wp:term":[{"taxonomy":"category","embeddable":true,"href":"https:\/\/flandecoco.net\/ca\/wp-json\/wp\/v2\/categories?post=42845"},{"taxonomy":"post_tag","embeddable":true,"href":"https:\/\/flandecoco.net\/ca\/wp-json\/wp\/v2\/tags?post=42845"}],"curies":[{"name":"wp","href":"https:\/\/api.w.org\/{rel}","templated":true}]}}