{"id":42555,"date":"2025-06-11T07:39:17","date_gmt":"2025-06-11T07:39:17","guid":{"rendered":"https:\/\/flandecoco.net\/?p=42555"},"modified":"2025-06-12T07:40:33","modified_gmt":"2025-06-12T07:40:33","slug":"planifica-per-ser-memorable-en-una-fira-sectorial","status":"publish","type":"post","link":"https:\/\/flandecoco.net\/ca\/blog-ca\/planifica-per-ser-memorable-en-una-fira-sectorial","title":{"rendered":"Planifica per ser memorable en una fira sectorial"},"content":{"rendered":"<div class=\"wpb-content-wrapper\"><section class=\"vc_row wpb_row vc_row-fluid row-blog-interior\"><div class=\"wpb_column vc_column_container  col-xs-mobile-fullwidth\"><div class=\"vc_column-inner \"><div class=\"wpb_wrapper\"><div class=\"last-paragraph-no-margin\"><p><span style=\"font-weight: 400;\">Les fires sectorials no s\u00f3n aparadors de m\u00fascul corporatiu: s\u00f3n plataformes vives de generaci\u00f3 de leads, posicionament de marca, sinergies estrat\u00e8giques i oportunitats de negoci concretes. En un context en qu\u00e8 cada sector celebra un o diversos esdeveniments de refer\u00e8ncia a l&#8217;any, acudir amb estand propi \u00e9s una decisi\u00f3 d&#8217;alt impacte per a qualsevol empresa o marca que vulgui cr\u00e9ixer, consolidar-se o internacionalitzar-se.<\/span><\/p>\n<p><span style=\"font-weight: 400;\">Tot i aix\u00f2, el simple fet d\u2019estar present no \u00e9s una clau mestra que obre totes les portes. L\u2019\u00e8xit no s\u2019improvisa: es dissenya. Triomfar en una fira sectorial exigeix <\/span><span style=\"font-weight: 400;\">\u200b\u200b<\/span><span style=\"font-weight: 400;\">una planificaci\u00f3 rigorosa, on cada decisi\u00f3 pr\u00e8via a l&#8217;esdeveniment multiplica els resultats durant i despr\u00e9s. A FlandeCoco hem acompanyat desenes d&#8217;empreses en aquest tipus d&#8217;esdeveniments i sabem que el cam\u00ed cap a l&#8217;\u00e8xit comen\u00e7a molt abans d&#8217;aixecar el tel\u00f3 de l&#8217;estand.<\/span><\/p>\n<p><b>Negociaci\u00f3 de l\u2019espai<\/b><\/p>\n<p><span style=\"font-weight: 400;\">L&#8217;elecci\u00f3 i la negociaci\u00f3 de l&#8217;espai expositiu \u00e9s una de les primeres decisions clau. No \u00e9s el mateix estar en un passad\u00eds de pas obligat que en una cantonada perif\u00e8rica. Negociar amb antelaci\u00f3 permet accedir a ubicacions privilegiades, millors condicions econ\u00f2miques i opcions de personalitzaci\u00f3 m\u00e9s \u00e0mplies. A m\u00e9s, estar atents als pl\u00e0nols, les zones comunes o els fluxos de circulaci\u00f3 \u00e9s vital per triar amb intel\u00b7lig\u00e8ncia.<\/span><\/p>\n<p><b>Un estand que parli per tu<\/b><\/p>\n<p><span style=\"font-weight: 400;\">L&#8217;estand \u00e9s el rostre f\u00edsic de la teva marca durant la fira. No pot ser gen\u00e8ric ni respondre nom\u00e9s a criteris funcionals. Ha de ser un espai ef\u00edmer, s\u00ed, per\u00f2 memorable. Diferencial, coherent amb la teva identitat de marca, acollidor i orientat a generar interacci\u00f3. Des del disseny estructural fins als detalls gr\u00e0fics i audiovisuals, tot ha d&#8217;estar pensat per atraure, comunicar i deixar empremta.<\/span><\/p>\n<\/div>[vc_single_image image=&#8221;42548&#8243; img_size=&#8221;full&#8221;]<div class=\"last-paragraph-no-margin\"><p><b>Refor\u00e7os amb criteri<\/b><\/p>\n<p><span style=\"font-weight: 400;\">No sempre es pot ni s\u2019ha de comptar nom\u00e9s amb l\u2019equip intern de l\u2019empresa per atendre l\u2019estand. Comptar amb hostesses, assistents de producte, dinamitzadors o personal biling\u00fce especialitzat pot marcar una gran difer\u00e8ncia. No es tracta nom\u00e9s de tenir m\u00e9s mans, sin\u00f3 de disposar de perfils formats, alineats amb el to de la teva marca i capa\u00e7os de representar amb solv\u00e8ncia la teva proposta de valor.<\/span><\/p>\n<p><b>Material espec\u00edfic<\/b><\/p>\n<p><span style=\"font-weight: 400;\">Els cat\u00e0legs, d\u00edptics o tr\u00edptics que es lliuren a una fira no s\u00f3n els mateixos que s&#8217;utilitzen en una visita comercial est\u00e0ndard. Han d&#8217;estar adaptats al context de l&#8217;esdeveniment, destacar all\u00f2 essencial de la teva oferta\/servei i facilitar una lectura r\u00e0pida, per\u00f2 atractiva. A m\u00e9s a m\u00e9s, \u00e9s recomanable disposar de versions digitals accessibles mitjan\u00e7ant codis QR o altres eines de captaci\u00f3.<\/span><\/p>\n<p><b>Accions de m\u00e0rqueting in and out<\/b><\/p>\n<p><span style=\"font-weight: 400;\">La teva participaci\u00f3 no es pot limitar a l&#8217;estand. Una bona estrat\u00e8gia de m\u00e0rqueting per a fira contempla des de l&#8217;enviament previ d&#8217;invitacions personalitzades a clients clau, fins a sortejos, demos o activacions que generin tr\u00e0nsit i conversa a l&#8217;esdeveniment. A m\u00e9s, \u00e9s recomanable aprofitar els canals digitals per amplificar la teva pres\u00e8ncia amb campanyes espec\u00edfiques a xarxes socials, emailings o premsa sectorial.<\/span><\/p>\n<p><b>Participaci\u00f3 activa<\/b><\/p>\n<p><span style=\"font-weight: 400;\">Ser part de l&#8217;agenda oficial de l&#8217;esdeveniment com a ponent o veu a taules rodones afegeix un valor incalculable a la teva pres\u00e8ncia. Et posiciona com a referent, multiplica la visibilitat de la teva marca i atrau contactes qualificats. Postula&#8217;t amb temps, proposa temes rellevants i tria els portaveus adequats per transmetre el teu missatge amb claredat i autoritat.<\/span><\/p>\n<\/div>[vc_single_image image=&#8221;42545&#8243; img_size=&#8221;full&#8221;]<div class=\"last-paragraph-no-margin\"><p><b>Networking m\u00e9s enll\u00e0 de l&#8217;horari<\/b><\/p>\n<p><span style=\"font-weight: 400;\">En caure la persiana de la fira comen\u00e7a una nova jornada d&#8217;oportunitats. Sopars amb potencials clients, trobades informals, afterworks organitzats per la pr\u00f2pia fira o per associacions del sector. Aprofitar aquests moments en un ambient m\u00e9s relaxat permet establir vincles m\u00e9s personals i generar confian\u00e7a, base de tota relaci\u00f3 comercial duradora.<\/span><\/p>\n<p><span style=\"font-weight: 400;\">Triomfar, \u00e9sser memorable en una fira sectorial no \u00e9s fruit de l&#8217;atzar, la intu\u00efci\u00f3 o la mera pres\u00e8ncia. \u00c9s el resultat de la planificaci\u00f3 met\u00f2dica, experta i professional. I aquesta planificaci\u00f3 no es pot deixar mai al marge: requereix experi\u00e8ncia, visi\u00f3 estrat\u00e8gica i capacitat d&#8217;execuci\u00f3 a tots els fronts.<\/span><\/p>\n<p><span style=\"font-weight: 400;\">A FlandeCoco som aquest partner 360 que la teva empresa necessita per convertir la seva participaci\u00f3 en una fira en un veritable cas d\u2019\u00e8xit. Ens ocupem de tot: des de la conceptualitzaci\u00f3 de l&#8217;estand fins a posar totes les eines per al tancament del darrer lead qualificat. Quan es tracta de visibilitat, oportunitats i resultats, no n&#8217;hi ha prou amb estar: cal destacar. I per aix\u00f2\u2026 Contacta amb nosaltres!<\/span><\/p>\n<\/div>\n<div class=\"wpcf7 no-js\" id=\"wpcf7-f23482-o1\" lang=\"es-ES\" dir=\"ltr\" data-wpcf7-id=\"23482\">\n<div class=\"screen-reader-response\"><p role=\"status\" aria-live=\"polite\" aria-atomic=\"true\"><\/p> <ul><\/ul><\/div>\n<form action=\"\/ca\/wp-json\/wp\/v2\/posts\/42555#wpcf7-f23482-o1\" method=\"post\" class=\"wpcf7-form init\" aria-label=\"Formulario de contacto\" novalidate=\"novalidate\" data-status=\"init\">\n<fieldset class=\"hidden-fields-container\"><input type=\"hidden\" name=\"_wpcf7\" value=\"23482\" \/><input type=\"hidden\" name=\"_wpcf7_version\" value=\"6.1.5\" \/><input type=\"hidden\" name=\"_wpcf7_locale\" value=\"es_ES\" \/><input type=\"hidden\" name=\"_wpcf7_unit_tag\" value=\"wpcf7-f23482-o1\" \/><input type=\"hidden\" name=\"_wpcf7_container_post\" value=\"0\" \/><input type=\"hidden\" name=\"_wpcf7_posted_data_hash\" value=\"\" \/><input type=\"hidden\" name=\"_wpcf7_recaptcha_response\" value=\"\" \/>\n<\/fieldset>\n<p><label><span class=\"wpcf7-form-control-wrap\" data-name=\"your-name\"><input size=\"40\" maxlength=\"400\" class=\"wpcf7-form-control wpcf7-text wpcf7-validates-as-required\" aria-required=\"true\" aria-invalid=\"false\" placeholder=\"Nom i Cognoms\" value=\"\" type=\"text\" name=\"your-name\" \/><\/span> <\/label><br \/>\n<label><span class=\"wpcf7-form-control-wrap\" data-name=\"your-email\"><input size=\"40\" maxlength=\"400\" class=\"wpcf7-form-control wpcf7-email wpcf7-validates-as-required wpcf7-text wpcf7-validates-as-email\" aria-required=\"true\" aria-invalid=\"false\" placeholder=\"Email\" value=\"\" type=\"email\" name=\"your-email\" \/><\/span> <\/label><br \/>\n<label><span class=\"wpcf7-form-control-wrap\" data-name=\"your-empresa\"><input size=\"40\" maxlength=\"400\" class=\"wpcf7-form-control wpcf7-text wpcf7-validates-as-required\" aria-required=\"true\" aria-invalid=\"false\" placeholder=\"Empresa\" value=\"\" type=\"text\" name=\"your-empresa\" \/><\/span> <\/label><br \/>\n<label><span class=\"wpcf7-form-control-wrap\" data-name=\"your-tel\"><input size=\"40\" maxlength=\"400\" class=\"wpcf7-form-control wpcf7-tel wpcf7-validates-as-required wpcf7-text wpcf7-validates-as-tel\" aria-required=\"true\" aria-invalid=\"false\" placeholder=\"Tel\u00e8fon\" value=\"\" type=\"tel\" name=\"your-tel\" \/><\/span> <\/label><br \/>\n<label><span class=\"wpcf7-form-control-wrap\" data-name=\"your-sector\"><input size=\"40\" maxlength=\"400\" class=\"wpcf7-form-control wpcf7-text\" aria-invalid=\"false\" placeholder=\"Sector\" value=\"\" type=\"text\" name=\"your-sector\" \/><\/span> <\/label><br \/>\n<label><span class=\"wpcf7-form-control-wrap\" data-name=\"your-message\"><textarea cols=\"40\" rows=\"10\" maxlength=\"2000\" class=\"wpcf7-form-control wpcf7-textarea wpcf7-validates-as-required\" aria-required=\"true\" aria-invalid=\"false\" placeholder=\"Digues-nos qu\u00e8 necessites\" name=\"your-message\"><\/textarea><\/span> <\/label><br \/>\n<label>Com ens has conegut:<span class=\"wpcf7-form-control-wrap\" data-name=\"menu-660\"><select class=\"wpcf7-form-control wpcf7-select wpcf7-validates-as-required\" aria-required=\"true\" aria-invalid=\"false\" name=\"menu-660\"><option value=\"\">&#8212;Por favor, elige una opci\u00f3n&#8212;<\/option><option value=\"Cerca a Google\">Cerca a Google<\/option><option value=\"Instagram\">Instagram<\/option><option value=\"Facebook\">Facebook<\/option><option value=\"Linkedin\">Linkedin<\/option><option value=\"Twitter\">Twitter<\/option><\/select><\/span><\/label>\n<\/p>\n<div class=\"form-consent\">\n\t<p><span class=\"wpcf7-form-control-wrap\" data-name=\"acepta-politica\"><span class=\"wpcf7-form-control wpcf7-acceptance\"><span class=\"wpcf7-list-item\"><label><input type=\"checkbox\" name=\"acepta-politica\" value=\"1\" aria-invalid=\"false\" \/><span class=\"wpcf7-list-item-label\">He llegit i accepto les condicions contingudes en la <a href=\"\/politica-de-privacidad\" target=\"_blank\">pol\u00edtica de privacitat<\/a> sobre el tractament de les meves dades per a gestionar la meva consulta o petici\u00f3.<\/span><\/label><\/span><\/span><\/span><br \/>\n<span class=\"wpcf7-form-control-wrap\" data-name=\"acepta-info-comercial\"><span class=\"wpcf7-form-control wpcf7-checkbox\"><span class=\"wpcf7-list-item first last\"><input type=\"checkbox\" name=\"acepta-info-comercial[]\" value=\"Ens agradaria que ens prestessis el teu consentiment per a enviar-te informaci\u00f3 comercial sobre els productes, serveis, novetats de TROY&amp;MACCLURE, S.L.\" \/><span class=\"wpcf7-list-item-label\">Ens agradaria que ens prestessis el teu consentiment per a enviar-te informaci\u00f3 comercial sobre els productes, serveis, novetats de TROY&amp;MACCLURE, S.L.<\/span><\/span><\/span><\/span>\n\t<\/p>\n<\/div>\n<p><input class=\"wpcf7-form-control wpcf7-submit has-spinner\" type=\"submit\" value=\"Enviar\" \/>\n<\/p>\n<input class=\"wpcf7-form-control wpcf7-hidden\" id=\"gaCookie\" value=\"\" type=\"hidden\" name=\"gaCookie\" \/>\n<input class=\"wpcf7-form-control wpcf7-hidden\" value=\"\" type=\"hidden\" name=\"ga_campaign\" \/>\n<input class=\"wpcf7-form-control wpcf7-hidden\" value=\"\" type=\"hidden\" name=\"ga_medium\" \/>\n<input class=\"wpcf7-form-control wpcf7-hidden\" value=\"\" type=\"hidden\" name=\"ga_source\" \/>\n<input class=\"wpcf7-form-control wpcf7-hidden\" value=\"\" type=\"hidden\" name=\"ga_content\" \/>\n<input class=\"wpcf7-form-control wpcf7-hidden\" value=\"\" type=\"hidden\" name=\"ga_keyword\" \/>\n<input class=\"wpcf7-form-control wpcf7-hidden\" value=\"\" type=\"hidden\" name=\"landing_page_fdc\" \/><div class=\"wpcf7-response-output\" aria-hidden=\"true\"><\/div>\n<\/form>\n<\/div>\n<\/div><\/div><\/div><\/section>\n<\/div>","protected":false},"excerpt":{"rendered":"Les fires sectorials no s\u00f3n aparadors de m\u00fascul corporatiu: s\u00f3n plataformes vives de generaci\u00f3 de leads, posicionament de marca, sinergies estrat\u00e8giques i oportunitats de negoci concretes. En un context en qu\u00e8 cada sector celebra un o diversos esdeveniments de refer\u00e8ncia a l'any, acudir amb estand propi \u00e9s una decisi\u00f3 d'alt impacte per a qualsevol empresa o marca que vulgui cr\u00e9ixer, consolidar-se o internacionalitzar-se. Tot i aix\u00f2, el simple fet d\u2019estar present no \u00e9s una clau mestra que obre totes les portes. L\u2019\u00e8xit no s\u2019improvisa: es dissenya. Triomfar en una fira sectorial exigeix \u200b\u200buna planificaci\u00f3 rigorosa, on cada decisi\u00f3 pr\u00e8via a l'esdeveniment multiplica els resultats durant i despr\u00e9s. A FlandeCoco hem acompanyat desenes d'empreses en aquest tipus d'esdeveniments i sabem que el cam\u00ed cap a l'\u00e8xit comen\u00e7a molt abans d'aixecar el tel\u00f3 de l'estand. Negociaci\u00f3 de l\u2019espai L'elecci\u00f3 i la negociaci\u00f3 de l'espai expositiu \u00e9s una de les primeres decisions clau. No \u00e9s el mateix estar en un passad\u00eds de pas obligat que en una cantonada perif\u00e8rica. Negociar amb antelaci\u00f3 permet accedir a ubicacions privilegiades, millors condicions econ\u00f2miques i opcions de personalitzaci\u00f3 m\u00e9s \u00e0mplies. A m\u00e9s, estar atents als pl\u00e0nols, les zones comunes o els fluxos de circulaci\u00f3 \u00e9s vital per...","protected":false},"author":1,"featured_media":42552,"comment_status":"closed","ping_status":"closed","sticky":false,"template":"","format":"standard","meta":{"footnotes":""},"categories":[136],"tags":[],"class_list":["post-42555","post","type-post","status-publish","format-standard","has-post-thumbnail","hentry","category-blog-ca"],"_links":{"self":[{"href":"https:\/\/flandecoco.net\/ca\/wp-json\/wp\/v2\/posts\/42555","targetHints":{"allow":["GET"]}}],"collection":[{"href":"https:\/\/flandecoco.net\/ca\/wp-json\/wp\/v2\/posts"}],"about":[{"href":"https:\/\/flandecoco.net\/ca\/wp-json\/wp\/v2\/types\/post"}],"author":[{"embeddable":true,"href":"https:\/\/flandecoco.net\/ca\/wp-json\/wp\/v2\/users\/1"}],"replies":[{"embeddable":true,"href":"https:\/\/flandecoco.net\/ca\/wp-json\/wp\/v2\/comments?post=42555"}],"version-history":[{"count":2,"href":"https:\/\/flandecoco.net\/ca\/wp-json\/wp\/v2\/posts\/42555\/revisions"}],"predecessor-version":[{"id":42557,"href":"https:\/\/flandecoco.net\/ca\/wp-json\/wp\/v2\/posts\/42555\/revisions\/42557"}],"wp:featuredmedia":[{"embeddable":true,"href":"https:\/\/flandecoco.net\/ca\/wp-json\/wp\/v2\/media\/42552"}],"wp:attachment":[{"href":"https:\/\/flandecoco.net\/ca\/wp-json\/wp\/v2\/media?parent=42555"}],"wp:term":[{"taxonomy":"category","embeddable":true,"href":"https:\/\/flandecoco.net\/ca\/wp-json\/wp\/v2\/categories?post=42555"},{"taxonomy":"post_tag","embeddable":true,"href":"https:\/\/flandecoco.net\/ca\/wp-json\/wp\/v2\/tags?post=42555"}],"curies":[{"name":"wp","href":"https:\/\/api.w.org\/{rel}","templated":true}]}}