{"id":42250,"date":"2025-04-28T07:47:19","date_gmt":"2025-04-28T07:47:19","guid":{"rendered":"https:\/\/flandecoco.net\/?p=42250"},"modified":"2025-04-28T07:48:44","modified_gmt":"2025-04-28T07:48:44","slug":"com-el-branding-aconsegueix-impulsar-una-marca-al-mercat","status":"publish","type":"post","link":"https:\/\/flandecoco.net\/ca\/blog-ca\/com-el-branding-aconsegueix-impulsar-una-marca-al-mercat","title":{"rendered":"Com el branding aconsegueix impulsar una marca al mercat?"},"content":{"rendered":"<div class=\"wpb-content-wrapper\"><section class=\"vc_row wpb_row vc_row-fluid row-blog-interior\"><div class=\"wpb_column vc_column_container  col-xs-mobile-fullwidth\"><div class=\"vc_column-inner \"><div class=\"wpb_wrapper\"><div class=\"last-paragraph-no-margin\"><p>Productes similars, experi\u00e8ncies de servei pr\u00e0cticament clonades, ofertes constants, consumidors cada cop m\u00e9s informats\u2026 En un mercat dictatorialment governat per la saturaci\u00f3, el branding s&#8217;ha convertit en un element clau per a la diferenciaci\u00f3 i el posicionament d&#8217;una marca.<\/p>\n<p>Tenir un bon producte o un servei competitiu ja no \u00e9s un argument suficient, i les marques que aconsegueixen destacar s\u00f3n aquelles que construeixen una identitat s\u00f2lida, connecten emocionalment amb la seva audi\u00e8ncia i mantenen una l\u00ednia de coher\u00e8ncia a cada punt de contacte. Sense m\u00e9s literatures, les marques que inverteixen en branding guanyen en rellev\u00e0ncia, confian\u00e7a i la prefer\u00e8ncia del mercat.<\/p>\n<p><strong>No nom\u00e9s un logo<\/strong><\/p>\n<p>Una de les concepcions m\u00e9s limitades sobre el branding \u00e9s reduir-ne l&#8217;impacte a un logotip atractiu o un canvi est\u00e8tic Si b\u00e9 la identitat visual \u00e9s una part fonamental del proc\u00e9s, el branding abra\u00e7a molt m\u00e9s.<\/p>\n<p>Com explica el guru nord-americ\u00e0 <a href=\"https:\/\/www.martyneumeier.com\/\"><strong>Marty Neumeier<\/strong><\/a>\u00a0, \u201cuna marca no \u00e9s el que tu dius que \u00e9s, sin\u00f3 el que els consumidors diuen que \u00e9s\u201d. El branding \u00e9s, per tant, un proc\u00e9s estrat\u00e8gic que requereix entendre profundament el p\u00fablic objectiu, definir una proposta de valor diferenciadora i transmetre-la de forma coherent a cada acci\u00f3, missatge i canal de qu\u00e8 es disposa.<\/p>\n<\/div>[vc_single_image image=&#8221;42243&#8243; img_size=&#8221;full&#8221;]<div class=\"last-paragraph-no-margin\"><p><strong>De la identitat a les emocions<\/strong><\/p>\n<p>Una marca amb una identitat ben definida \u00e9s capa\u00e7 de generar connexions profundes amb les seves audi\u00e8ncies. Un matx que no nom\u00e9s es tradueix en reconeixement, sin\u00f3 tamb\u00e9 en lleialtat.<\/p>\n<p>Apple, per exemple, no ven nom\u00e9s tecnologia, ven disseny, estil de vida. Nike no ven sabatilles o roba t\u00e8cnica; ven superaci\u00f3 personal i esperit esportiu. En tots dos casos, el branding ha estat fonamental per construir un univers simb\u00f2lic que va m\u00e9s enll\u00e0 del producte i que converteix els consumidors en una lleial comunitat de fans.<\/p>\n<p><strong>\u00c9s inversi\u00f3, mai una despesa o peatge<\/strong><\/p>\n<p>Una de les principals barreres per a moltes empreses, especialment pimes, \u00e9s considerar el branding com un luxe o una despesa prescindible. No obstant aix\u00f2, les dades mostren el contrari.<\/p>\n<p>Un estudi de Kantar va revelar que les marques fortes creixen fins a tres vegades m\u00e9s r\u00e0pid que els seus competidors i generen un retorn sobre la inversi\u00f3 publicit\u00e0ria significativament m\u00e9s gran. En un entorn social i econ\u00f2mic tan incert com l&#8217;actual, el branding s\u2019erigeix \u200b\u200bno sols com una eina de diferenciaci\u00f3, sin\u00f3 tamb\u00e9 de rendibilitat.<\/p>\n<\/div>[vc_single_image image=&#8221;42246&#8243; img_size=&#8221;full&#8221;]<div class=\"last-paragraph-no-margin\"><p><strong>La coher\u00e8ncia: clau per al posicionament<\/strong><\/p>\n<p>La coher\u00e8ncia \u00e9s un dels principis fonamentals del branding. Una marca ha de ser consistent en la seva veu, el seu to, el seu estil visual i els seus valors, tant en les campanyes com en la seva atenci\u00f3 al client, els seus Xarxes Socials i fins i tot en els seus processos interns.<\/p>\n<p>En aquest sentit, el branding no \u00e9s nom\u00e9s una tasca del departament de m\u00e0rqueting o d&#8217;una ag\u00e8ncia externa. \u00c9s una filosofia que ha de ser permeable en tota l&#8217;organitzaci\u00f3. Des de l&#8217;alta direcci\u00f3 fins al personal de contacte, tots han de ser ambaixadors de marca.<\/p>\n<p>El branding no \u00e9s un proc\u00e9s est\u00e0tic. Les marques evolucionen al ritme dels canvis culturals, tecnol\u00f2gics i de comportament del consumidor. Les que s&#8217;estanquen o ancoren en un passat reeixit corren el risc de tornar-se irrellevants. Les que s&#8217;adapten sense perdre&#8217;n l&#8217;ess\u00e8ncia surten enfortides.<\/p>\n<p><strong>Ser elegit o ser oblidat<\/strong><\/p>\n<p>\u00c9s vital fer <a href=\"https:\/\/flandecoco.net\/ca\/blog-ca\/per-que-fer-una-auditoria-de-comunicacio-corporativa\"><strong>auditories de marca<\/strong><\/a>\u00a0peri\u00f2diques, analitzar la percepci\u00f3 del mercat, i estar oberts a redefinir elements quan sigui necessari. L&#8217;objectiu no \u00e9s canviar per canviar, sin\u00f3 cr\u00e9ixer amb sentit i mantenir la rellev\u00e0ncia.<\/p>\n<p>Impulsar una marca al mercat ja no dep\u00e8n nom\u00e9s de tenir un bon producte o una campanya puntual amb punch. Exigeix \u200b\u200buna estrat\u00e8gia de branding integral que permeti construir identitat, connectar emocionalment, generar confian\u00e7a i mantenir-se vigent. Per als decisors de m\u00e0rqueting i publicitat d&#8217;empreses i marques, apostar pel branding \u00e9s apostar pel valor a llarg termini. I en un mercat cada cop m\u00e9s competitiu, aquest valor pot ser la difer\u00e8ncia entre ser elegit o ser oblidat.<\/p>\n<p>Els m\u00e9s de 20 anys de FlandeCoco capitanejant el branding d&#8217;empreses i marques de totes les activitats econ\u00f2miques s\u00f3n una credencial excel\u00b7lent. Pots veure algunes de les accions realitzades fins avui visitant el nostre<strong><a href=\"https:\/\/flandecoco.net\/ca\/portafoli\">Portfoli<\/a><\/strong><strong> i <a href=\"https:\/\/flandecoco.net\/ca\/els-nostres-clients\">FlanClub de la Bona Comunicaci\u00f3<\/a><\/strong>.<\/p>\n<p>Si desitges informaci\u00f3 addicional o con\u00e8ixer altres detalls sobre com podem ajudar-te en les teves accions de M\u00e0rqueting i Comunicaci\u00f3, omple el seg\u00fcent formulari i r\u00e0pidament et donarem resposta.<\/p>\n<\/div>\n<div class=\"wpcf7 no-js\" id=\"wpcf7-f23482-o1\" lang=\"es-ES\" dir=\"ltr\" data-wpcf7-id=\"23482\">\n<div class=\"screen-reader-response\"><p role=\"status\" aria-live=\"polite\" aria-atomic=\"true\"><\/p> <ul><\/ul><\/div>\n<form action=\"\/ca\/wp-json\/wp\/v2\/posts\/42250#wpcf7-f23482-o1\" method=\"post\" class=\"wpcf7-form init\" aria-label=\"Formulario de contacto\" novalidate=\"novalidate\" data-status=\"init\">\n<fieldset class=\"hidden-fields-container\"><input type=\"hidden\" name=\"_wpcf7\" value=\"23482\" \/><input type=\"hidden\" name=\"_wpcf7_version\" value=\"6.1.5\" \/><input type=\"hidden\" name=\"_wpcf7_locale\" value=\"es_ES\" \/><input type=\"hidden\" name=\"_wpcf7_unit_tag\" value=\"wpcf7-f23482-o1\" \/><input type=\"hidden\" name=\"_wpcf7_container_post\" value=\"0\" \/><input type=\"hidden\" name=\"_wpcf7_posted_data_hash\" value=\"\" \/><input type=\"hidden\" name=\"_wpcf7_recaptcha_response\" value=\"\" \/>\n<\/fieldset>\n<p><label><span class=\"wpcf7-form-control-wrap\" data-name=\"your-name\"><input size=\"40\" maxlength=\"400\" class=\"wpcf7-form-control wpcf7-text wpcf7-validates-as-required\" aria-required=\"true\" aria-invalid=\"false\" placeholder=\"Nom i Cognoms\" value=\"\" type=\"text\" name=\"your-name\" \/><\/span> <\/label><br \/>\n<label><span class=\"wpcf7-form-control-wrap\" data-name=\"your-email\"><input size=\"40\" maxlength=\"400\" class=\"wpcf7-form-control wpcf7-email wpcf7-validates-as-required wpcf7-text wpcf7-validates-as-email\" aria-required=\"true\" aria-invalid=\"false\" placeholder=\"Email\" value=\"\" type=\"email\" name=\"your-email\" \/><\/span> <\/label><br \/>\n<label><span class=\"wpcf7-form-control-wrap\" data-name=\"your-empresa\"><input size=\"40\" maxlength=\"400\" class=\"wpcf7-form-control wpcf7-text wpcf7-validates-as-required\" aria-required=\"true\" aria-invalid=\"false\" placeholder=\"Empresa\" value=\"\" type=\"text\" name=\"your-empresa\" \/><\/span> <\/label><br \/>\n<label><span class=\"wpcf7-form-control-wrap\" data-name=\"your-tel\"><input size=\"40\" maxlength=\"400\" class=\"wpcf7-form-control wpcf7-tel wpcf7-validates-as-required wpcf7-text wpcf7-validates-as-tel\" aria-required=\"true\" aria-invalid=\"false\" placeholder=\"Tel\u00e8fon\" value=\"\" type=\"tel\" name=\"your-tel\" \/><\/span> <\/label><br \/>\n<label><span class=\"wpcf7-form-control-wrap\" data-name=\"your-sector\"><input size=\"40\" maxlength=\"400\" class=\"wpcf7-form-control wpcf7-text\" aria-invalid=\"false\" placeholder=\"Sector\" value=\"\" type=\"text\" name=\"your-sector\" \/><\/span> <\/label><br \/>\n<label><span class=\"wpcf7-form-control-wrap\" data-name=\"your-message\"><textarea cols=\"40\" rows=\"10\" maxlength=\"2000\" class=\"wpcf7-form-control wpcf7-textarea wpcf7-validates-as-required\" aria-required=\"true\" aria-invalid=\"false\" placeholder=\"Digues-nos qu\u00e8 necessites\" name=\"your-message\"><\/textarea><\/span> <\/label><br \/>\n<label>Com ens has conegut:<span class=\"wpcf7-form-control-wrap\" data-name=\"menu-660\"><select class=\"wpcf7-form-control wpcf7-select wpcf7-validates-as-required\" aria-required=\"true\" aria-invalid=\"false\" name=\"menu-660\"><option value=\"\">&#8212;Por favor, elige una opci\u00f3n&#8212;<\/option><option value=\"Cerca a Google\">Cerca a Google<\/option><option value=\"Instagram\">Instagram<\/option><option value=\"Facebook\">Facebook<\/option><option value=\"Linkedin\">Linkedin<\/option><option value=\"Twitter\">Twitter<\/option><\/select><\/span><\/label>\n<\/p>\n<div class=\"form-consent\">\n\t<p><span class=\"wpcf7-form-control-wrap\" data-name=\"acepta-politica\"><span class=\"wpcf7-form-control wpcf7-acceptance\"><span class=\"wpcf7-list-item\"><label><input type=\"checkbox\" name=\"acepta-politica\" value=\"1\" aria-invalid=\"false\" \/><span class=\"wpcf7-list-item-label\">He llegit i accepto les condicions contingudes en la <a href=\"\/politica-de-privacidad\" target=\"_blank\">pol\u00edtica de privacitat<\/a> sobre el tractament de les meves dades per a gestionar la meva consulta o petici\u00f3.<\/span><\/label><\/span><\/span><\/span><br \/>\n<span class=\"wpcf7-form-control-wrap\" data-name=\"acepta-info-comercial\"><span class=\"wpcf7-form-control wpcf7-checkbox\"><span class=\"wpcf7-list-item first last\"><input type=\"checkbox\" name=\"acepta-info-comercial[]\" value=\"Ens agradaria que ens prestessis el teu consentiment per a enviar-te informaci\u00f3 comercial sobre els productes, serveis, novetats de TROY&amp;MACCLURE, S.L.\" \/><span class=\"wpcf7-list-item-label\">Ens agradaria que ens prestessis el teu consentiment per a enviar-te informaci\u00f3 comercial sobre els productes, serveis, novetats de TROY&amp;MACCLURE, S.L.<\/span><\/span><\/span><\/span>\n\t<\/p>\n<\/div>\n<p><input class=\"wpcf7-form-control wpcf7-submit has-spinner\" type=\"submit\" value=\"Enviar\" \/>\n<\/p>\n<input class=\"wpcf7-form-control wpcf7-hidden\" id=\"gaCookie\" value=\"\" type=\"hidden\" name=\"gaCookie\" \/>\n<input class=\"wpcf7-form-control wpcf7-hidden\" value=\"\" type=\"hidden\" name=\"ga_campaign\" \/>\n<input class=\"wpcf7-form-control wpcf7-hidden\" value=\"\" type=\"hidden\" name=\"ga_medium\" \/>\n<input class=\"wpcf7-form-control wpcf7-hidden\" value=\"\" type=\"hidden\" name=\"ga_source\" \/>\n<input class=\"wpcf7-form-control wpcf7-hidden\" value=\"\" type=\"hidden\" name=\"ga_content\" \/>\n<input class=\"wpcf7-form-control wpcf7-hidden\" value=\"\" type=\"hidden\" name=\"ga_keyword\" \/>\n<input class=\"wpcf7-form-control wpcf7-hidden\" value=\"\" type=\"hidden\" name=\"landing_page_fdc\" \/><div class=\"wpcf7-response-output\" aria-hidden=\"true\"><\/div>\n<\/form>\n<\/div>\n<\/div><\/div><\/div><\/section>\n<\/div>","protected":false},"excerpt":{"rendered":"Productes similars, experi\u00e8ncies de servei pr\u00e0cticament clonades, ofertes constants, consumidors cada cop m\u00e9s informats\u2026 En un mercat dictatorialment governat per la saturaci\u00f3, el branding s'ha convertit en un element clau per a la diferenciaci\u00f3 i el posicionament d'una marca. Tenir un bon producte o un servei competitiu ja no \u00e9s un argument suficient, i les marques que aconsegueixen destacar s\u00f3n aquelles que construeixen una identitat s\u00f2lida, connecten emocionalment amb la seva audi\u00e8ncia i mantenen una l\u00ednia de coher\u00e8ncia a cada punt de contacte. Sense m\u00e9s literatures, les marques que inverteixen en branding guanyen en rellev\u00e0ncia, confian\u00e7a i la prefer\u00e8ncia del mercat. No nom\u00e9s un logo Una de les concepcions m\u00e9s limitades sobre el branding \u00e9s reduir-ne l'impacte a un logotip atractiu o un canvi est\u00e8tic Si b\u00e9 la identitat visual \u00e9s una part fonamental del proc\u00e9s, el branding abra\u00e7a molt m\u00e9s. Com explica el guru nord-americ\u00e0 Marty Neumeier\u00a0, \u201cuna marca no \u00e9s el que tu dius que \u00e9s, sin\u00f3 el que els consumidors diuen que \u00e9s\u201d. El branding \u00e9s, per tant, un proc\u00e9s estrat\u00e8gic que requereix entendre profundament el p\u00fablic objectiu, definir una proposta de valor diferenciadora i transmetre-la de forma coherent a cada acci\u00f3, missatge i canal de qu\u00e8...","protected":false},"author":1,"featured_media":42241,"comment_status":"closed","ping_status":"closed","sticky":false,"template":"","format":"standard","meta":{"footnotes":""},"categories":[136],"tags":[],"class_list":["post-42250","post","type-post","status-publish","format-standard","has-post-thumbnail","hentry","category-blog-ca"],"_links":{"self":[{"href":"https:\/\/flandecoco.net\/ca\/wp-json\/wp\/v2\/posts\/42250","targetHints":{"allow":["GET"]}}],"collection":[{"href":"https:\/\/flandecoco.net\/ca\/wp-json\/wp\/v2\/posts"}],"about":[{"href":"https:\/\/flandecoco.net\/ca\/wp-json\/wp\/v2\/types\/post"}],"author":[{"embeddable":true,"href":"https:\/\/flandecoco.net\/ca\/wp-json\/wp\/v2\/users\/1"}],"replies":[{"embeddable":true,"href":"https:\/\/flandecoco.net\/ca\/wp-json\/wp\/v2\/comments?post=42250"}],"version-history":[{"count":2,"href":"https:\/\/flandecoco.net\/ca\/wp-json\/wp\/v2\/posts\/42250\/revisions"}],"predecessor-version":[{"id":42252,"href":"https:\/\/flandecoco.net\/ca\/wp-json\/wp\/v2\/posts\/42250\/revisions\/42252"}],"wp:featuredmedia":[{"embeddable":true,"href":"https:\/\/flandecoco.net\/ca\/wp-json\/wp\/v2\/media\/42241"}],"wp:attachment":[{"href":"https:\/\/flandecoco.net\/ca\/wp-json\/wp\/v2\/media?parent=42250"}],"wp:term":[{"taxonomy":"category","embeddable":true,"href":"https:\/\/flandecoco.net\/ca\/wp-json\/wp\/v2\/categories?post=42250"},{"taxonomy":"post_tag","embeddable":true,"href":"https:\/\/flandecoco.net\/ca\/wp-json\/wp\/v2\/tags?post=42250"}],"curies":[{"name":"wp","href":"https:\/\/api.w.org\/{rel}","templated":true}]}}