{"id":42106,"date":"2025-04-03T07:47:12","date_gmt":"2025-04-03T07:47:12","guid":{"rendered":"https:\/\/flandecoco.net\/?p=42106"},"modified":"2025-04-11T12:13:12","modified_gmt":"2025-04-11T12:13:12","slug":"recap-de-lhivern-flandecoco","status":"publish","type":"post","link":"https:\/\/flandecoco.net\/ca\/noticies\/recap-de-lhivern-flandecoco","title":{"rendered":"Recap de l&#8217;hivern FlandeCoco"},"content":{"rendered":"<div class=\"wpb-content-wrapper\"><section class=\"vc_row wpb_row vc_row-fluid row-blog-interior\"><div class=\"wpb_column vc_column_container  col-xs-mobile-fullwidth\"><div class=\"vc_column-inner \"><div class=\"wpb_wrapper\"><div class=\"last-paragraph-no-margin\"><p>La transversalitat dels serveis publicitaris de <a href=\"https:\/\/flandecoco.net\/servicios\"><strong>FlandeCoco<\/strong><\/a>, un dels signes d&#8217;identitat de l&#8217;ag\u00e8ncia que valoren m\u00e9s les marques i les empreses, ha estat la protagonista destacada del primer trimestre del 2025.<\/p>\n<p>Una pluralitat 360 que ens ha ofert un vitam\u00ednic inici d&#8217;any amb novetats a diversos comptes, sectors econ\u00f2mics i accions de m\u00e0rqueting i comunicaci\u00f3. Algunes encara a la fase final del projecte i, per tant, no visibilitzables i d&#8217;altres, les que resumim a continuaci\u00f3, ja plenament actives i visibles.<\/p>\n<p><strong>Empreses amb empremta social<\/strong><\/p>\n<p>La fortalesa de Flan com a partner en la gesti\u00f3 de Xarxes Socials corporatives, una for\u00e7a que integra els equips de M\u00e0rqueting, Comunicaci\u00f3, Creativitat i Social Mitjana de l&#8217;ag\u00e8ncia, ja mostra la seva empremta als Social de <a href=\"https:\/\/batega.es\/es\"><strong>Batega<\/strong><\/a>, <a href=\"https:\/\/es-process.com\/\"><strong>Essential Process<\/strong><\/a>\u00a0i <a href=\"https:\/\/grupfedeformacion.com\"><strong>Mentora<\/strong><\/a>.<\/p>\n<p><strong>Batega<\/strong>, una empresa catalana de professionals de la salut i les emerg\u00e8ncies m\u00e8diques dedicada a la cardioprotecci\u00f3 d&#8217;espais i a la formaci\u00f3, dota de m\u00fascul la seva pres\u00e8ncia a <strong><a href=\"https:\/\/www.facebook.com\/bategasuportvital\/\">Facebook<\/a><\/strong>\u00a0, <a href=\"https:\/\/www.linkedin.com\/company\/11260435\/admin\/dashboard\/\"><strong>LinkedIn<\/strong><\/a>\u00a0i <a href=\"https:\/\/www.instagram.com\/batega_cardioproteccio\/\"><strong>Instagram<\/strong><\/a>.<\/p>\n<p>Uns continguts identitaris, cridaners i d&#8217;alt inter\u00e8s informatiu que tenen com a missi\u00f3 conscienciar sobre la import\u00e0ncia vital dels DEA (Desfibril\u00b7ladors Externs Automatitzats) en espais p\u00fablics i la formaci\u00f3 de les persones per saber actuar davant les aturades cardiorespirat\u00f2ries.<\/p>\n<\/div>[vc_single_image image=&#8221;42096&#8243; img_size=&#8221;full&#8221;]<div class=\"last-paragraph-no-margin\"><p>Una veu propera i accessible, un disseny atractiu i una voluntat de conscienciar i formar per combatre els imprevistos del cor.<\/p>\n<p><strong>Essential Process<\/strong> aterra a Xarxes per estimular el coneixement de marca, el protagonisme digital i el B2B. Una empresa jove, amb gent jove, per\u00f2 amb una hist\u00f2ria de m\u00e9s de 25 anys en el disseny i la fabricaci\u00f3 de suplements nutricionals i complements alimentaris per a tercers.<\/p>\n<p>Innovaci\u00f3 i qualitat al servei del disseny i fabricaci\u00f3 de pinsos complementaris d&#8217;animals de companyia per a empreses de nutrici\u00f3 animal, complementat amb un servei de consultoria que recolza les empreses en tot el proc\u00e9s per assegurar la qualitat dels seus productes finals.<\/p>\n<p>Acabats d&#8217;aterrar a LinkedIn, de la m\u00e0 de Flan, el rigor, la qualitat i el punch visual dels seus continguts comen\u00e7a a construir una comunitat de qualitat i quantitat.<\/p>\n<\/div><video autoplay muted loop controls playsinline class=\"pofo-html5-video\"><source type=\"video\/mp4\" src=\"\/wp-content\/uploads\/videos\/video-es-process.mp4\"><\/video><div class=\"last-paragraph-no-margin\"><p>La darrera incorporaci\u00f3 al FlanClub a Xarxes Socials \u00e9s <strong>Mentora<\/strong>. La formaci\u00f3 de <a href=\"https:\/\/grupfedefarma.com\/es\"><strong>Grup Fedefarma<\/strong><\/a>\u00a0desembarca amb for\u00e7a a <a href=\"https:\/\/www.linkedin.com\/company\/106327338\/admin\/dashboard\/\"><strong>LinkedIn<\/strong><\/a>, <a href=\"https:\/\/www.instagram.com\/mentorafarma\/\"><strong>Instagram<\/strong><\/a>, <a href=\"https:\/\/www.facebook.com\/mentorafarma\/\"><strong>Facebook<\/strong><\/a> i <a href=\"https:\/\/www.tiktok.com\/@mentorafarma\"><strong>TikTok <\/strong><\/a>amb la voluntat inequ\u00edvoca d\u2019empoderar \u00a0a professionals farmac\u00e8utics amb un ecosistema d&#8217;aprenentatge d&#8217;alt nivell que garanteix l&#8217;actualitzaci\u00f3 constant.<\/p>\n<p>Una plataforma digital, molt activa i protagonista a Xarxes, des de posts que estimulen el coneixement, l&#8217;aprenentatge i la visibilitat a les seves accions.<\/p>\n<\/div>[vc_single_image image=&#8221;42093&#8243; img_size=&#8221;full&#8221;][vc_single_image image=&#8221;42090&#8243; img_size=&#8221;full&#8221;][vc_single_image image=&#8221;42087&#8243; img_size=&#8221;full&#8221;]<div class=\"last-paragraph-no-margin\"><p><strong>Complexos amb identitat<\/strong><\/p>\n<p>L&#8217;antic Park Cugat \u00e9s un dels projectes FlandeCoco amb un proc\u00e9s m\u00e9s dilatat en temps i complet. Un complex empresarial compost per 7 edificis en entorn enjardinat que aposta per potenciar la for\u00e7a Hub des d&#8217;un nou naming, imatge de marca i senyal\u00edstica exterior.<\/p>\n<p>La identificaci\u00f3 de socis i propietaris amb un naming que integr\u00e9s les especificitats del complex, la voluntat empresarial i els vincles d&#8217;uni\u00f3 va ser el primer pas que va desembocar en l&#8217;elecci\u00f3 un\u00e0nime de Nexa 7.<\/p>\n<p>Una f\u00f3rmula que genera record a l&#8217;espectador evocant esperit col\u00b7laboratiu, uni\u00f3 i innovaci\u00f3 des d&#8217;un neologisme que el relaciona amb la proximitat de l&#8217;AP 7. Logo i manual de marca van ser els primers passos per a una construcci\u00f3 d&#8217;identitat\u2026<\/p>\n<\/div>[vc_single_image image=&#8221;42084&#8243; img_size=&#8221;full&#8221;]<div class=\"last-paragraph-no-margin\"><p>\u2026que ja \u00e9s visible a la senyal\u00edstica de l&#8217;espai.<\/p>\n<\/div>[vc_single_image image=&#8221;42162&#8243; img_size=&#8221;full&#8221;]<div class=\"last-paragraph-no-margin\"><p><strong>Restauraci\u00f3 en digital i firal<\/strong><\/p>\n<p>La nova web de <a href=\"https:\/\/www.saveupmarket.com\/blog\/\"><strong>Save Up Market<\/strong><\/a>\u00a0\u00e9s el primer dels sites made by FlandeCoco que veuen la llum el 2025. Una finestra oberta a noves oportunitats que actua com a gegant finestral en l\u00ednia d&#8217;estalvi, efici\u00e8ncia i control per a empreses de restauraci\u00f3 col\u00b7lectiva i organitzada.<\/p>\n<\/div><div class=\"last-paragraph-no-margin\"><p>La nova web no ha estat l&#8217;\u00fanica novetat flanera de la central de compres. La seva pres\u00e8ncia a la Fira HIP 2025, de la qual ja vam oferir detallada informaci\u00f3 a <a href=\"https:\/\/flandecoco.net\/noticias\/hip-2025-innovar-des-la-pasion\"><strong>\u201cHIP 202: innovar des de la passi\u00f3\u201d<\/strong><\/a>, va estar recolzada per la idea, desenvolupament i construcci\u00f3 del seu estand a l&#8217;esdeveniment.<\/p>\n<\/div><video autoplay muted loop controls playsinline class=\"pofo-html5-video\"><source type=\"video\/mp4\" src=\"\/wp-content\/uploads\/videos\/video-saveup.mp4\"><\/video><div class=\"last-paragraph-no-margin\"><p>Un punt estrat\u00e8gic per a professionals del sector, que va atreure visitants interessats a con\u00e8ixer de primera m\u00e0 com optimitzar els seus processos de compra i millorar la rendibilitat dels seus negocis. I una acollida excepcional, reflectint la sensibilitat sectorial per les solucions tecnol\u00f2giques que faciliten i fan m\u00e9s eficient l&#8217;operativa al sector.<\/p>\n<p>La informaci\u00f3 de valor \u00e9s un altre dels punts forts del HIP i all\u00e0 vam estar acompanyant tant a Marc Ferr\u00e9, CEO de Save Up Market, a la pon\u00e8ncia &#8220;Compres i estalvies? Fem-ho junts, fem-ho f\u00e0cil&#8221;, com a Noelia Llera, directora de M\u00e0rqueting i responsable d&#8217;I+D a <strong><a href=\"https:\/\/albi.es\/\">Albi Restauraci\u00f3n<\/a><\/strong>, altre dels nostres comptes referencials.<\/p>\n<\/div>[vc_single_image image=&#8221;42078&#8243; img_size=&#8221;full&#8221;]<div class=\"last-paragraph-no-margin\"><p>Els shootings fotogr\u00e0fics per a Essential Process, <a href=\"https:\/\/www.seasonrestaurante.es\/\"><strong>Season Restaurant <\/strong><\/a>o <a href=\"https:\/\/lleo.es\/\"><strong>Lle\u00f3<\/strong><\/a>, les accions de Street Marketing juntament amb influencers per a <a href=\"https:\/\/mimesissensations.com\/\"><strong>Mimesis Sensations<\/strong><\/a>\u00a0 i la visita a la Fira Iberzoo Propet van ser altres dels destacats.<\/p>\n<p>Un inici d&#8217;any que, compatibilitzat amb les tasques publicit\u00e0ries quotidianes que realitzem per als membres del <a href=\"https:\/\/flandecoco.net\/clientes\"><strong>FlanClub<\/strong><\/a>, convida a pensar que el millor encara est\u00e0 per arribar. I segur que us ho explicarem\u2026<\/p>\n<\/div>\n<div class=\"wpcf7 no-js\" id=\"wpcf7-f6-o1\" lang=\"es-ES\" dir=\"ltr\" data-wpcf7-id=\"6\">\n<div class=\"screen-reader-response\"><p role=\"status\" aria-live=\"polite\" aria-atomic=\"true\"><\/p> <ul><\/ul><\/div>\n<form action=\"\/ca\/wp-json\/wp\/v2\/posts\/42106#wpcf7-f6-o1\" method=\"post\" class=\"wpcf7-form init\" aria-label=\"Formulario de contacto\" novalidate=\"novalidate\" data-status=\"init\">\n<fieldset class=\"hidden-fields-container\"><input type=\"hidden\" name=\"_wpcf7\" value=\"6\" \/><input type=\"hidden\" name=\"_wpcf7_version\" value=\"6.1.5\" \/><input type=\"hidden\" name=\"_wpcf7_locale\" value=\"es_ES\" \/><input type=\"hidden\" name=\"_wpcf7_unit_tag\" value=\"wpcf7-f6-o1\" \/><input type=\"hidden\" name=\"_wpcf7_container_post\" value=\"0\" \/><input type=\"hidden\" name=\"_wpcf7_posted_data_hash\" value=\"\" \/><input type=\"hidden\" name=\"_wpcf7_recaptcha_response\" value=\"\" \/>\n<\/fieldset>\n<p><label><span class=\"wpcf7-form-control-wrap\" data-name=\"your-name\"><input size=\"40\" maxlength=\"400\" class=\"wpcf7-form-control wpcf7-text wpcf7-validates-as-required\" aria-required=\"true\" aria-invalid=\"false\" placeholder=\"Nombre y Apellidos\" value=\"\" type=\"text\" name=\"your-name\" \/><\/span> <\/label><br \/>\n<label><span class=\"wpcf7-form-control-wrap\" data-name=\"your-email\"><input size=\"40\" maxlength=\"400\" class=\"wpcf7-form-control wpcf7-email wpcf7-validates-as-required wpcf7-text wpcf7-validates-as-email\" aria-required=\"true\" aria-invalid=\"false\" placeholder=\"Email\" value=\"\" type=\"email\" name=\"your-email\" \/><\/span> <\/label><br \/>\n<label> <span class=\"wpcf7-form-control-wrap\" data-name=\"your-tel\"><input size=\"40\" maxlength=\"400\" class=\"wpcf7-form-control wpcf7-tel wpcf7-validates-as-required wpcf7-text wpcf7-validates-as-tel\" aria-required=\"true\" aria-invalid=\"false\" placeholder=\"Tel\u00e9fono\" value=\"\" type=\"tel\" name=\"your-tel\" \/><\/span> <\/label><br \/>\n<label><span class=\"wpcf7-form-control-wrap\" data-name=\"your-empresa\"><input size=\"40\" maxlength=\"400\" class=\"wpcf7-form-control wpcf7-text wpcf7-validates-as-required\" aria-required=\"true\" aria-invalid=\"false\" placeholder=\"Empresa\" value=\"\" type=\"text\" name=\"your-empresa\" \/><\/span> <\/label><br \/>\n<label><span class=\"wpcf7-form-control-wrap\" data-name=\"your-sector\"><input size=\"40\" maxlength=\"400\" class=\"wpcf7-form-control wpcf7-text\" aria-invalid=\"false\" placeholder=\"Sector\" value=\"\" type=\"text\" name=\"your-sector\" \/><\/span> <\/label><br \/>\n<label><span class=\"wpcf7-form-control-wrap\" data-name=\"your-message\"><textarea cols=\"40\" rows=\"10\" maxlength=\"2000\" class=\"wpcf7-form-control wpcf7-textarea wpcf7-validates-as-required\" aria-required=\"true\" aria-invalid=\"false\" placeholder=\"Dinos qu\u00e9 necesitas\" name=\"your-message\"><\/textarea><\/span> <\/label><br \/>\n<label>C\u00f3mo nos has conocido:<span class=\"wpcf7-form-control-wrap\" data-name=\"menu-213\"><select class=\"wpcf7-form-control wpcf7-select wpcf7-validates-as-required\" aria-required=\"true\" aria-invalid=\"false\" name=\"menu-213\"><option value=\"\">&#8212;Por favor, elige una opci\u00f3n&#8212;<\/option><option value=\"B\u00fasqueda en Google.\">B\u00fasqueda en Google.<\/option><option value=\"Instagram\">Instagram<\/option><option value=\"Facebook\">Facebook<\/option><option value=\"Linkedin\">Linkedin<\/option><option value=\"Twitter\">Twitter<\/option><\/select><\/span><\/label>\n<\/p>\n<div class=\"form-consent\">\n\t<p style=\"font-size:14px;line-height: 1.2;margin-bottom:10px;\">TROY&MACCLURE, S.L. como responsable del tratamiento tratar\u00e1 tus datos con la finalidad de dar respuesta a tu consulta o petici\u00f3n. Puedes acceder, rectificar y suprimir tus datos, as\u00ed como ejercer otros derechos consultando la informaci\u00f3n adicional y detallada sobre protecci\u00f3n de datos en nuestra <a href=\"\/politica-de-privacidad\" target=\"_blank\">pol\u00edtica de privacidad<\/a>\n\t<\/p>\n\t<p><span class=\"wpcf7-form-control-wrap\" data-name=\"acepta-politica\"><span class=\"wpcf7-form-control wpcf7-acceptance\"><span class=\"wpcf7-list-item\"><label><input type=\"checkbox\" name=\"acepta-politica\" value=\"1\" aria-invalid=\"false\" \/><span class=\"wpcf7-list-item-label\">He le\u00eddo y acepto las condiciones contenidas en la <a href=\"\/politica-de-privacidad\" target=\"_blank\"> pol\u00edtica de privacidad<\/a> sobre el tratamiento de mis datos para gestionar mi consulta o petici\u00f3n.<\/span><\/label><\/span><\/span><\/span><br \/>\n<span class=\"wpcf7-form-control-wrap\" data-name=\"acepta-info-comercial\"><span class=\"wpcf7-form-control wpcf7-checkbox\"><span class=\"wpcf7-list-item first last\"><input type=\"checkbox\" name=\"acepta-info-comercial[]\" value=\"Nos gustar\u00eda que nos prestaras tu consentimiento para enviarte informaci\u00f3n comercial sobre los productos, servicios, novedades de TROY&amp;MACCLURE, S.L.\" \/><span class=\"wpcf7-list-item-label\">Nos gustar\u00eda que nos prestaras tu consentimiento para enviarte informaci\u00f3n comercial sobre los productos, servicios, novedades de TROY&amp;MACCLURE, S.L.<\/span><\/span><\/span><\/span>\n\t<\/p>\n<\/div>\n<p><input class=\"wpcf7-form-control wpcf7-submit has-spinner\" type=\"submit\" value=\"Enviar\" \/>\n<\/p>\n<input class=\"wpcf7-form-control wpcf7-hidden\" id=\"gaCookie\" value=\"\" type=\"hidden\" name=\"gaCookie\" \/>\n<input class=\"wpcf7-form-control wpcf7-hidden\" value=\"\" type=\"hidden\" name=\"ga_campaign\" \/>\n<input class=\"wpcf7-form-control wpcf7-hidden\" value=\"\" type=\"hidden\" name=\"ga_medium\" \/>\n<input class=\"wpcf7-form-control wpcf7-hidden\" value=\"\" type=\"hidden\" name=\"ga_source\" \/>\n<input class=\"wpcf7-form-control wpcf7-hidden\" value=\"\" type=\"hidden\" name=\"ga_content\" \/>\n<input class=\"wpcf7-form-control wpcf7-hidden\" value=\"\" type=\"hidden\" name=\"ga_keyword\" \/>\n<input class=\"wpcf7-form-control wpcf7-hidden\" value=\"\" type=\"hidden\" name=\"landing_page_fdc\" \/><div class=\"wpcf7-response-output\" aria-hidden=\"true\"><\/div>\n<\/form>\n<\/div>\n<\/div><\/div><\/div><\/section>\n<\/div>","protected":false},"excerpt":{"rendered":"La transversalitat dels serveis publicitaris de FlandeCoco, un dels signes d'identitat de l'ag\u00e8ncia que valoren m\u00e9s les marques i les empreses, ha estat la protagonista destacada del primer trimestre del 2025. Una pluralitat 360 que ens ha ofert un vitam\u00ednic inici d'any amb novetats a diversos comptes, sectors econ\u00f2mics i accions de m\u00e0rqueting i comunicaci\u00f3. Algunes encara a la fase final del projecte i, per tant, no visibilitzables i d'altres, les que resumim a continuaci\u00f3, ja plenament actives i visibles. Empreses amb empremta social La fortalesa de Flan com a partner en la gesti\u00f3 de Xarxes Socials corporatives, una for\u00e7a que integra els equips de M\u00e0rqueting, Comunicaci\u00f3, Creativitat i Social Mitjana de l'ag\u00e8ncia, ja mostra la seva empremta als Social de Batega, Essential Process\u00a0i Mentora. Batega, una empresa catalana de professionals de la salut i les emerg\u00e8ncies m\u00e8diques dedicada a la cardioprotecci\u00f3 d'espais i a la formaci\u00f3, dota de m\u00fascul la seva pres\u00e8ncia a Facebook\u00a0, LinkedIn\u00a0i Instagram. Uns continguts identitaris, cridaners i d'alt inter\u00e8s informatiu que tenen com a missi\u00f3 conscienciar sobre la import\u00e0ncia vital dels DEA (Desfibril\u00b7ladors Externs Automatitzats) en espais p\u00fablics i la formaci\u00f3 de les persones per saber actuar davant les aturades cardiorespirat\u00f2ries. [vc_single_image image=\"42096\" img_size=\"full\"]Una veu...","protected":false},"author":1,"featured_media":42101,"comment_status":"closed","ping_status":"closed","sticky":false,"template":"","format":"standard","meta":{"footnotes":""},"categories":[137],"tags":[],"class_list":["post-42106","post","type-post","status-publish","format-standard","has-post-thumbnail","hentry","category-noticies"],"_links":{"self":[{"href":"https:\/\/flandecoco.net\/ca\/wp-json\/wp\/v2\/posts\/42106","targetHints":{"allow":["GET"]}}],"collection":[{"href":"https:\/\/flandecoco.net\/ca\/wp-json\/wp\/v2\/posts"}],"about":[{"href":"https:\/\/flandecoco.net\/ca\/wp-json\/wp\/v2\/types\/post"}],"author":[{"embeddable":true,"href":"https:\/\/flandecoco.net\/ca\/wp-json\/wp\/v2\/users\/1"}],"replies":[{"embeddable":true,"href":"https:\/\/flandecoco.net\/ca\/wp-json\/wp\/v2\/comments?post=42106"}],"version-history":[{"count":4,"href":"https:\/\/flandecoco.net\/ca\/wp-json\/wp\/v2\/posts\/42106\/revisions"}],"predecessor-version":[{"id":42165,"href":"https:\/\/flandecoco.net\/ca\/wp-json\/wp\/v2\/posts\/42106\/revisions\/42165"}],"wp:featuredmedia":[{"embeddable":true,"href":"https:\/\/flandecoco.net\/ca\/wp-json\/wp\/v2\/media\/42101"}],"wp:attachment":[{"href":"https:\/\/flandecoco.net\/ca\/wp-json\/wp\/v2\/media?parent=42106"}],"wp:term":[{"taxonomy":"category","embeddable":true,"href":"https:\/\/flandecoco.net\/ca\/wp-json\/wp\/v2\/categories?post=42106"},{"taxonomy":"post_tag","embeddable":true,"href":"https:\/\/flandecoco.net\/ca\/wp-json\/wp\/v2\/tags?post=42106"}],"curies":[{"name":"wp","href":"https:\/\/api.w.org\/{rel}","templated":true}]}}