{"id":41633,"date":"2025-01-31T12:43:22","date_gmt":"2025-01-31T12:43:22","guid":{"rendered":"https:\/\/flandecoco.net\/?p=41633"},"modified":"2025-01-31T12:43:22","modified_gmt":"2025-01-31T12:43:22","slug":"per-que-fer-una-auditoria-de-comunicacio-corporativa","status":"publish","type":"post","link":"https:\/\/flandecoco.net\/ca\/blog-ca\/per-que-fer-una-auditoria-de-comunicacio-corporativa","title":{"rendered":"Per qu\u00e8 fer una auditoria de comunicaci\u00f3 corporativa?"},"content":{"rendered":"<div class=\"wpb-content-wrapper\"><section class=\"vc_row wpb_row vc_row-fluid row-blog-interior\"><div class=\"wpb_column vc_column_container  col-xs-mobile-fullwidth\"><div class=\"vc_column-inner \"><div class=\"wpb_wrapper\"><div class=\"last-paragraph-no-margin\"><p><span style=\"font-weight: 400;\">El coneixement i l\u2019an\u00e0lisi s\u00f3n factors determinants per a la presa de decisions en mil i un \u00e0mbits de la vida. En un entorn empresarial cada cop m\u00e9s competitiu i exigent, la comunicaci\u00f3 corporativa s&#8217;ha consolidat com una eina estrat\u00e8gica clau.<\/span><\/p>\n<p><span style=\"font-weight: 400;\">A l&#8217;hora de garantir que aquesta sigui efectiva, alineada amb els objectius de l&#8217;organitzaci\u00f3 i adaptada al p\u00fablic, \u00e9s essencial dur a terme una auditoria externa i objectiva de comunicaci\u00f3. Qu\u00e8 \u00e9s exactament aquest proc\u00e9s? Quins aspectes pot analitzar i quins beneficis aporta?<\/span><\/p>\n<p><b>Una informaci\u00f3 d&#8217;alt valor<\/b><\/p>\n<p><span style=\"font-weight: 400;\">L&#8217;auditoria de comunicaci\u00f3 corporativa \u00e9s un proc\u00e9s d&#8217;avaluaci\u00f3 sistem\u00e0tic que permet analitzar com s&#8217;est\u00e0 duent a terme la comunicaci\u00f3 dins i fora d&#8217;una empresa. El seu objectiu principal \u00e9s identificar fortaleses, debilitats, oportunitats i amenaces en les estrat\u00e8gies i les t\u00e0ctiques comunicatives de l&#8217;organitzaci\u00f3. Aquest diagn\u00f2stic no nom\u00e9s inclou els missatges i els canals utilitzats, sin\u00f3 tamb\u00e9 la percepci\u00f3 que tenen els diferents p\u00fablics de la marca.<\/span><\/p>\n<p><span style=\"font-weight: 400;\">El proc\u00e9s implica, \u00f2bviament segons cada cas i necessitat, la recopilaci\u00f3 i l&#8217;an\u00e0lisi de dades qualitatives i quantitatives, com ara entrevistes, an\u00e0lisi de contingut i competidors, i revisi\u00f3 de materials comunicatius. Una informaci\u00f3 de valor enorme que permet elaborar recomanacions que permetin optimitzar l&#8217;estrat\u00e8gia comunicativa.<\/span><\/p>\n<\/div>[vc_single_image image=&#8221;41626&#8243; img_size=&#8221;full&#8221;]<div class=\"last-paragraph-no-margin\"><p><b>Quins factors permet analitzar?<\/b><\/p>\n<p><span style=\"font-weight: 400;\">Una auditoria de comunicaci\u00f3 corporativa \u00e9s un exercici integral que pot abastar diversos aspectes clau:<\/span><\/p>\n<p><b>Coher\u00e8ncia del missatge<\/b><span style=\"font-weight: 400;\">. Avalua si els missatges emesos per l&#8217;organitzaci\u00f3 s\u00f3n consistents i alienats amb la visi\u00f3, la missi\u00f3 i els valors, tant en la comunicaci\u00f3 interna com externa.<\/span><\/p>\n<p><b>Canals de comunicaci\u00f3.<\/b><span style=\"font-weight: 400;\"> Analitza l&#8217;efectivitat dels mitjans utilitzats (com ara Xarxes Socials, comunicats de premsa, butlletins interns, p\u00e0gina web) i determina si s\u00f3n els m\u00e9s adequats per arribar als diferents p\u00fablics.<\/span><\/p>\n<p><b>Relacions p\u00fabliques.<\/b><span style=\"font-weight: 400;\"> Examina la relaci\u00f3 de l&#8217;empresa amb els mitjans de comunicaci\u00f3, els stakeholders, els clients i altres actors clau.<\/span><\/p>\n<p><b>Reputaci\u00f3 i imatge de marca.<\/b><span style=\"font-weight: 400;\"> Investiga com \u00e9s percebuda l&#8217;empresa pels empleats, els clients i el p\u00fablic en general.<\/span><\/p>\n<p><b>Comunicaci\u00f3 interna.<\/b><span style=\"font-weight: 400;\"> Reviseu els fluxos d&#8217;informaci\u00f3 dins de l&#8217;organitzaci\u00f3 per assegurar que els empleats estiguin informats i alineats amb els objectius corporatius.<\/span><\/p>\n<p><b>An\u00e0lisi de crisi.<\/b><span style=\"font-weight: 400;\"> Avalua com gestiona l&#8217;organitzaci\u00f3 situacions adverses i si compta amb un pla de comunicaci\u00f3 de crisi efectiu.<\/span><\/p>\n<p><b>Resultats i retorn d\u2019inversi\u00f3.<\/b><span style=\"font-weight: 400;\"> Mesura l&#8217;impacte de les accions comunicatives als resultats del negoci, incloent indicadors clau com el nivell d&#8217;engagement, abast i conversi\u00f3.<\/span><\/p>\n<p><b>Estudi de la compet\u00e8ncia.<\/b><span style=\"font-weight: 400;\"> Com altres organitzacions del mateix sector gestionen la comunicaci\u00f3. Avaluaci\u00f3 d&#8217;estrat\u00e8gies, missatges, canals i percepci\u00f3 de marca per identificar fortaleses, debilitats i oportunitats que permetin millorar la pr\u00f2pia comunicaci\u00f3 i posicionament al mercat.<\/span><\/p>\n<\/div>[vc_single_image image=&#8221;41623&#8243; img_size=&#8221;full&#8221;]<div class=\"last-paragraph-no-margin\"><p><b>Quins beneficis aporta a una empresa?<\/b><\/p>\n<p><span style=\"font-weight: 400;\">Una auditoria de comunicaci\u00f3 corporativa aporta infinitat de beneficis tangibles i intangibles per a una empresa. En detallem alguns dels m\u00e9s rellevants.<\/span><\/p>\n<ul>\n<li><b>Identificaci\u00f3 de les \u00e0rees de millora.<\/b><span style=\"font-weight: 400;\"> Permet detectar punts febles en l&#8217;estrat\u00e8gia comunicativa, com ara missatges inconsistents, canals inefica\u00e7os o manca d&#8217;alineaci\u00f3 entre la comunicaci\u00f3 interna i externa.<\/span><\/li>\n<li><b>Optimitzaci\u00f3 de recursos.<\/b><span style=\"font-weight: 400;\"> Ajuda a prioritzar les inversions en els canals i missatges que generen m\u00e9s impacte, reduint despeses innecess\u00e0ries.<\/span><\/li>\n<li><b>Enfortiment de la reputaci\u00f3.<\/b><span style=\"font-weight: 400;\"> Alinear la comunicaci\u00f3 amb les expectatives del p\u00fablic millora la percepci\u00f3 de la marca i en refor\u00e7a la credibilitat.<\/span><\/li>\n<li><b>Millora de la gesti\u00f3 del talent.<\/b><span style=\"font-weight: 400;\"> Una comunicaci\u00f3 interna efica\u00e7 incrementa la satisfacci\u00f3 i el comprom\u00eds dels empleats, cosa que es tradueix en m\u00e9s productivitat i retenci\u00f3 de talent.<\/span><\/li>\n<li><b>Prevenci\u00f3 de crisi.<\/b><span style=\"font-weight: 400;\"> Comptar amb un diagn\u00f2stic clar dels possibles riscos permet a l&#8217;empresa preparar-se millor davant de situacions adverses i minimitzar-ne l&#8217;impacte.<\/span><\/li>\n<li><b>Impuls a la competitivitat.<\/b><span style=\"font-weight: 400;\"> Una comunicaci\u00f3 ben executada ajuda a diferenciar l&#8217;empresa al seu sector i posicionar-la com a l\u00edder d&#8217;opini\u00f3.<\/span><\/li>\n<\/ul>\n<p><span style=\"font-weight: 400;\">L&#8217;auditoria de comunicaci\u00f3 corporativa \u00e9s una eina indispensable per a les empreses que busquen enfortir la seva estrat\u00e8gia i assolir els objectius de negoci. En proporcionar una an\u00e0lisi detallada i recomanacions clares, aquest proc\u00e9s no nom\u00e9s optimitza els esfor\u00e7os comunicatius, sin\u00f3 que tamb\u00e9 genera valor en termes de reputaci\u00f3, efici\u00e8ncia i competitivitat. En un mercat empresarial tan competitiu com l&#8217;actual, invertir en aquest tipus d&#8217;avaluaci\u00f3 \u00e9s apostar pel creixement sostenible i l&#8217;excel\u00b7l\u00e8ncia corporativa.<\/span><\/p>\n<p><span style=\"font-weight: 400;\">Els m\u00e9s de 20 anys de<\/span> <a href=\"https:\/\/flandecoco.net\/\"><b>FlandeCoco <\/b><\/a><span style=\"font-weight: 400;\">assessorant empreses i institucions sobre les seves accions de comunicaci\u00f3 de corporativa s\u00f3n una credencial excel\u00b7lent. Pots veure algunes de les accions realitzades fins avui visitant el nostre <\/span><a href=\"https:\/\/flandecoco.net\/portfolio-new\"><b>Portfoli<\/b><\/a><span style=\"font-weight: 400;\">\u00a0 i <\/span><a href=\"https:\/\/flandecoco.net\/clients\"><b>FlanClub<\/b> <b>de la<\/b> <b>Bona Comunicaci\u00f3<\/b><\/a><span style=\"font-weight: 400;\">.<\/span><\/p>\n<p><span style=\"font-weight: 400;\">Si vols informaci\u00f3 addicional o con\u00e8ixer altres detalls sobre com et podem ajudar en les teves accions corporatives de M\u00e0rqueting i Comunicaci\u00f3, omple el seg\u00fcent formulari i r\u00e0pidament et donarem resposta.<\/span><\/p>\n<\/div>\n<div class=\"wpcf7 no-js\" id=\"wpcf7-f23482-o1\" lang=\"es-ES\" dir=\"ltr\" data-wpcf7-id=\"23482\">\n<div class=\"screen-reader-response\"><p role=\"status\" aria-live=\"polite\" aria-atomic=\"true\"><\/p> <ul><\/ul><\/div>\n<form action=\"\/ca\/wp-json\/wp\/v2\/posts\/41633#wpcf7-f23482-o1\" method=\"post\" class=\"wpcf7-form init\" aria-label=\"Formulario de contacto\" novalidate=\"novalidate\" data-status=\"init\">\n<fieldset class=\"hidden-fields-container\"><input type=\"hidden\" name=\"_wpcf7\" value=\"23482\" \/><input type=\"hidden\" name=\"_wpcf7_version\" value=\"6.1.5\" \/><input type=\"hidden\" name=\"_wpcf7_locale\" value=\"es_ES\" \/><input type=\"hidden\" name=\"_wpcf7_unit_tag\" value=\"wpcf7-f23482-o1\" \/><input type=\"hidden\" name=\"_wpcf7_container_post\" value=\"0\" \/><input type=\"hidden\" name=\"_wpcf7_posted_data_hash\" value=\"\" \/><input type=\"hidden\" name=\"_wpcf7_recaptcha_response\" value=\"\" \/>\n<\/fieldset>\n<p><label><span class=\"wpcf7-form-control-wrap\" data-name=\"your-name\"><input size=\"40\" maxlength=\"400\" class=\"wpcf7-form-control wpcf7-text wpcf7-validates-as-required\" aria-required=\"true\" aria-invalid=\"false\" placeholder=\"Nom i Cognoms\" value=\"\" type=\"text\" name=\"your-name\" \/><\/span> <\/label><br \/>\n<label><span class=\"wpcf7-form-control-wrap\" data-name=\"your-email\"><input size=\"40\" maxlength=\"400\" class=\"wpcf7-form-control wpcf7-email wpcf7-validates-as-required wpcf7-text wpcf7-validates-as-email\" aria-required=\"true\" aria-invalid=\"false\" placeholder=\"Email\" value=\"\" type=\"email\" name=\"your-email\" \/><\/span> <\/label><br \/>\n<label><span class=\"wpcf7-form-control-wrap\" data-name=\"your-empresa\"><input size=\"40\" maxlength=\"400\" class=\"wpcf7-form-control wpcf7-text wpcf7-validates-as-required\" aria-required=\"true\" aria-invalid=\"false\" placeholder=\"Empresa\" value=\"\" type=\"text\" name=\"your-empresa\" \/><\/span> <\/label><br \/>\n<label><span class=\"wpcf7-form-control-wrap\" data-name=\"your-tel\"><input size=\"40\" maxlength=\"400\" class=\"wpcf7-form-control wpcf7-tel wpcf7-validates-as-required wpcf7-text wpcf7-validates-as-tel\" aria-required=\"true\" aria-invalid=\"false\" placeholder=\"Tel\u00e8fon\" value=\"\" type=\"tel\" name=\"your-tel\" \/><\/span> <\/label><br \/>\n<label><span class=\"wpcf7-form-control-wrap\" data-name=\"your-sector\"><input size=\"40\" maxlength=\"400\" class=\"wpcf7-form-control wpcf7-text\" aria-invalid=\"false\" placeholder=\"Sector\" value=\"\" type=\"text\" name=\"your-sector\" \/><\/span> <\/label><br \/>\n<label><span class=\"wpcf7-form-control-wrap\" data-name=\"your-message\"><textarea cols=\"40\" rows=\"10\" maxlength=\"2000\" class=\"wpcf7-form-control wpcf7-textarea wpcf7-validates-as-required\" aria-required=\"true\" aria-invalid=\"false\" placeholder=\"Digues-nos qu\u00e8 necessites\" name=\"your-message\"><\/textarea><\/span> <\/label><br \/>\n<label>Com ens has conegut:<span class=\"wpcf7-form-control-wrap\" data-name=\"menu-660\"><select class=\"wpcf7-form-control wpcf7-select wpcf7-validates-as-required\" aria-required=\"true\" aria-invalid=\"false\" name=\"menu-660\"><option value=\"\">&#8212;Por favor, elige una opci\u00f3n&#8212;<\/option><option value=\"Cerca a Google\">Cerca a Google<\/option><option value=\"Instagram\">Instagram<\/option><option value=\"Facebook\">Facebook<\/option><option value=\"Linkedin\">Linkedin<\/option><option value=\"Twitter\">Twitter<\/option><\/select><\/span><\/label>\n<\/p>\n<div class=\"form-consent\">\n\t<p><span class=\"wpcf7-form-control-wrap\" data-name=\"acepta-politica\"><span class=\"wpcf7-form-control wpcf7-acceptance\"><span class=\"wpcf7-list-item\"><label><input type=\"checkbox\" name=\"acepta-politica\" value=\"1\" aria-invalid=\"false\" \/><span class=\"wpcf7-list-item-label\">He llegit i accepto les condicions contingudes en la <a href=\"\/politica-de-privacidad\" target=\"_blank\">pol\u00edtica de privacitat<\/a> sobre el tractament de les meves dades per a gestionar la meva consulta o petici\u00f3.<\/span><\/label><\/span><\/span><\/span><br \/>\n<span class=\"wpcf7-form-control-wrap\" data-name=\"acepta-info-comercial\"><span class=\"wpcf7-form-control wpcf7-checkbox\"><span class=\"wpcf7-list-item first last\"><input type=\"checkbox\" name=\"acepta-info-comercial[]\" value=\"Ens agradaria que ens prestessis el teu consentiment per a enviar-te informaci\u00f3 comercial sobre els productes, serveis, novetats de TROY&amp;MACCLURE, S.L.\" \/><span class=\"wpcf7-list-item-label\">Ens agradaria que ens prestessis el teu consentiment per a enviar-te informaci\u00f3 comercial sobre els productes, serveis, novetats de TROY&amp;MACCLURE, S.L.<\/span><\/span><\/span><\/span>\n\t<\/p>\n<\/div>\n<p><input class=\"wpcf7-form-control wpcf7-submit has-spinner\" type=\"submit\" value=\"Enviar\" \/>\n<\/p>\n<input class=\"wpcf7-form-control wpcf7-hidden\" id=\"gaCookie\" value=\"\" type=\"hidden\" name=\"gaCookie\" \/>\n<input class=\"wpcf7-form-control wpcf7-hidden\" value=\"\" type=\"hidden\" name=\"ga_campaign\" \/>\n<input class=\"wpcf7-form-control wpcf7-hidden\" value=\"\" type=\"hidden\" name=\"ga_medium\" \/>\n<input class=\"wpcf7-form-control wpcf7-hidden\" value=\"\" type=\"hidden\" name=\"ga_source\" \/>\n<input class=\"wpcf7-form-control wpcf7-hidden\" value=\"\" type=\"hidden\" name=\"ga_content\" \/>\n<input class=\"wpcf7-form-control wpcf7-hidden\" value=\"\" type=\"hidden\" name=\"ga_keyword\" \/>\n<input class=\"wpcf7-form-control wpcf7-hidden\" value=\"\" type=\"hidden\" name=\"landing_page_fdc\" \/><div class=\"wpcf7-response-output\" aria-hidden=\"true\"><\/div>\n<\/form>\n<\/div>\n<\/div><\/div><\/div><\/section>\n<\/div>","protected":false},"excerpt":{"rendered":"El coneixement i l\u2019an\u00e0lisi s\u00f3n factors determinants per a la presa de decisions en mil i un \u00e0mbits de la vida. En un entorn empresarial cada cop m\u00e9s competitiu i exigent, la comunicaci\u00f3 corporativa s'ha consolidat com una eina estrat\u00e8gica clau. A l'hora de garantir que aquesta sigui efectiva, alineada amb els objectius de l'organitzaci\u00f3 i adaptada al p\u00fablic, \u00e9s essencial dur a terme una auditoria externa i objectiva de comunicaci\u00f3. Qu\u00e8 \u00e9s exactament aquest proc\u00e9s? Quins aspectes pot analitzar i quins beneficis aporta? Una informaci\u00f3 d'alt valor L'auditoria de comunicaci\u00f3 corporativa \u00e9s un proc\u00e9s d'avaluaci\u00f3 sistem\u00e0tic que permet analitzar com s'est\u00e0 duent a terme la comunicaci\u00f3 dins i fora d'una empresa. El seu objectiu principal \u00e9s identificar fortaleses, debilitats, oportunitats i amenaces en les estrat\u00e8gies i les t\u00e0ctiques comunicatives de l'organitzaci\u00f3. Aquest diagn\u00f2stic no nom\u00e9s inclou els missatges i els canals utilitzats, sin\u00f3 tamb\u00e9 la percepci\u00f3 que tenen els diferents p\u00fablics de la marca. El proc\u00e9s implica, \u00f2bviament segons cada cas i necessitat, la recopilaci\u00f3 i l'an\u00e0lisi de dades qualitatives i quantitatives, com ara entrevistes, an\u00e0lisi de contingut i competidors, i revisi\u00f3 de materials comunicatius. Una informaci\u00f3 de valor enorme que permet elaborar recomanacions que permetin optimitzar l'estrat\u00e8gia comunicativa....","protected":false},"author":1,"featured_media":41630,"comment_status":"closed","ping_status":"closed","sticky":false,"template":"","format":"standard","meta":{"footnotes":""},"categories":[136],"tags":[],"class_list":["post-41633","post","type-post","status-publish","format-standard","has-post-thumbnail","hentry","category-blog-ca"],"_links":{"self":[{"href":"https:\/\/flandecoco.net\/ca\/wp-json\/wp\/v2\/posts\/41633","targetHints":{"allow":["GET"]}}],"collection":[{"href":"https:\/\/flandecoco.net\/ca\/wp-json\/wp\/v2\/posts"}],"about":[{"href":"https:\/\/flandecoco.net\/ca\/wp-json\/wp\/v2\/types\/post"}],"author":[{"embeddable":true,"href":"https:\/\/flandecoco.net\/ca\/wp-json\/wp\/v2\/users\/1"}],"replies":[{"embeddable":true,"href":"https:\/\/flandecoco.net\/ca\/wp-json\/wp\/v2\/comments?post=41633"}],"version-history":[{"count":1,"href":"https:\/\/flandecoco.net\/ca\/wp-json\/wp\/v2\/posts\/41633\/revisions"}],"predecessor-version":[{"id":41634,"href":"https:\/\/flandecoco.net\/ca\/wp-json\/wp\/v2\/posts\/41633\/revisions\/41634"}],"wp:featuredmedia":[{"embeddable":true,"href":"https:\/\/flandecoco.net\/ca\/wp-json\/wp\/v2\/media\/41630"}],"wp:attachment":[{"href":"https:\/\/flandecoco.net\/ca\/wp-json\/wp\/v2\/media?parent=41633"}],"wp:term":[{"taxonomy":"category","embeddable":true,"href":"https:\/\/flandecoco.net\/ca\/wp-json\/wp\/v2\/categories?post=41633"},{"taxonomy":"post_tag","embeddable":true,"href":"https:\/\/flandecoco.net\/ca\/wp-json\/wp\/v2\/tags?post=41633"}],"curies":[{"name":"wp","href":"https:\/\/api.w.org\/{rel}","templated":true}]}}