{"id":41085,"date":"2024-11-19T17:16:39","date_gmt":"2024-11-19T17:16:39","guid":{"rendered":"https:\/\/flandecoco.net\/?p=41085"},"modified":"2024-11-19T17:23:37","modified_gmt":"2024-11-19T17:23:37","slug":"la-tele-que-ens-va-parir","status":"publish","type":"post","link":"https:\/\/flandecoco.net\/ca\/blog-ca\/la-tele-que-ens-va-parir","title":{"rendered":"La tele que ens va parir"},"content":{"rendered":"<div class=\"wpb-content-wrapper\"><section class=\"vc_row wpb_row vc_row-fluid row-blog-interior\"><div class=\"wpb_column vc_column_container  col-xs-mobile-fullwidth\"><div class=\"vc_column-inner \"><div class=\"wpb_wrapper\"><div class=\"last-paragraph-no-margin\"><p><span style=\"font-weight: 400;\">Tan addictiva com prescindible, tan assenyada i rigorosa com pueril, tant passat a l&#8217;esquena com a incert \u00e9s el seu futur per a molts. Plataformes, streaming, Youtube, Xarxes Socials\u2026 Una legi\u00f3 de formats audiovisuals discuteix actualment la dictadura medi\u00e0tica de la TV (ara <\/span><span style=\"font-weight: 400;\">?<\/span><span style=\"font-weight: 400;\"> televisi\u00f3 lineal).<\/span><\/p>\n<p><span style=\"font-weight: 400;\">Un evident canvi de paradigma amb infinitat de capes d\u2019an\u00e0lisi en l\u2019\u00e0mbit estatal ja que, malgrat l&#8217;indiscutible indifer\u00e8ncia que li propina el segment m\u00e9s jove de poblaci\u00f3, continua sent el mitj\u00e0 amb m\u00e9s volum d&#8217;inversi\u00f3 el 2024 (1.289,6 milions d&#8217;euros del gener) al setembre) i un creixement del 3,5% respecte al curs anterior.<\/span><\/p>\n<p><span style=\"font-weight: 400;\">En el <\/span><a href=\"https:\/\/www.un.org\/es\/observances\/world-television-day#:~:text=En%201996%2C%20la%20Asamblea%20General,ese%20medio%20en%20la%20ONU\"><b>Dia Mundial de la Televisi\u00f3<\/b><\/a><span style=\"font-weight: 400;\">, on l&#8217;objectiu de l&#8217;ONU \u00e9s destacar la rellev\u00e0ncia, intercanvi cultural, educaci\u00f3, conscienciaci\u00f3 i cultura que aconsegueix estimular el medi, no ens aturarem a analitzar els seus (m\u00e9s o menys rebatibles) valors ni a intentar pronosticar el panorama que li espera.<\/span><\/p>\n<p><span style=\"font-weight: 400;\">En el seu Dia m\u00e9s especial, ens posem en mode Canal Hist\u00f2ria per detallar-vos algunes curiositats i records de\u2026 la tele que ens va parir.<\/span><\/p>\n<\/div>[vc_single_image image=&#8221;41073&#8243; img_size=&#8221;full&#8221;]<div class=\"last-paragraph-no-margin\"><p><b>Quan es va fer la primera emissi\u00f3?<\/b><\/p>\n<p><span style=\"font-weight: 400;\">El 28 d&#8217;octubre del 1956 es va realitzar la primera emissi\u00f3 amb un concert, un capell\u00e0, una raci\u00f3 de <\/span><i><span style=\"font-weight: 400;\">coros y danzas<\/span><\/i><span style=\"font-weight: 400;\"> de l&#8217;\u00e8poca i el missatge inaugural del ministre Gabriel Arias Salgado. Un senyor que, estranyament, no va lluir bigotet per a l&#8217;ocasi\u00f3. Poc m\u00e9s de 600 persones van gaudir de l\u2019estrena.<\/span><\/p>\n<p><b>Frases m\u00e9s famoses dels espots<\/b><\/p>\n<p><span style=\"font-weight: 400;\">Per pur matrimoni de conveni\u00e8ncia (i superviv\u00e8ncia), televisi\u00f3 i anuncis fa anys que tenen una relaci\u00f3 \u00edntima. Una condemna que, tot i aix\u00f2, ens ha obsequiat amb frases i ocurr\u00e8ncies que van aconseguir arrasar tant o m\u00e9s que les marques que les van impulsar.<\/span><\/p>\n<p><span style=\"font-weight: 400;\">Com que establir un r\u00e0nquing \u00e9s d&#8217;all\u00f2 m\u00e9s subjectiu, relacionem algunes de les m\u00e9s emblem\u00e0tiques.<\/span><\/p>\n<ul>\n<li style=\"font-weight: 400;\" aria-level=\"1\"><span style=\"font-weight: 400;\">\u201c\u00bfA qu\u00e9 huelen las nubes?\u201d (Evax)\u00a0<\/span><\/li>\n<li style=\"font-weight: 400;\" aria-level=\"1\"><span style=\"font-weight: 400;\">\u201c\u00a1Te gusta conducir!\u201d (BMW)\u00a0<\/span><\/li>\n<li style=\"font-weight: 400;\" aria-level=\"1\"><span style=\"font-weight: 400;\">\u201cPiensa en verde\u201d (Heineken)\u00a0<\/span><\/li>\n<li style=\"font-weight: 400;\" aria-level=\"1\"><span style=\"font-weight: 400;\">\u201c\u00a1El frotar se va a acabar\u201d (Mistol)<\/span><\/li>\n<li style=\"font-weight: 400;\" aria-level=\"1\"><span style=\"font-weight: 400;\">\u201c\u00a1Hola, soy Edu! \u00a1Feliz navidad!\u201d (Airtel)\u00a0<\/span><\/li>\n<li style=\"font-weight: 400;\" aria-level=\"1\"><span style=\"font-weight: 400;\">\u201c\u00a1Claro que s\u00ed, guapi!\u201d (Chicfy)<\/span><\/li>\n<li style=\"font-weight: 400;\" aria-level=\"1\"><span style=\"font-weight: 400;\">\u201c\u00a1Busque, compare y si encuentra algo mejor: c\u00f3mprelo!\u201d (Col\u00f3n)<\/span><\/li>\n<li style=\"font-weight: 400;\" aria-level=\"1\"><span style=\"font-weight: 400;\">\u201cA mi plin\u2026 \u00a1Yo duermo con Pikol\u00edn!\u201d (Pikol\u00edn)\u00a0<\/span><\/li>\n<li style=\"font-weight: 400;\" aria-level=\"1\"><span style=\"font-weight: 400;\">\u201c\u00a1Porque yo lo valgo\u201d (L\u2019Oreal)<\/span><\/li>\n<li style=\"font-weight: 400;\" aria-level=\"1\"><span style=\"font-weight: 400;\">\u201cSi bebes, no conduzcas\u201d (DGT)<\/span><\/li>\n<\/ul>\n<p><b>Quin programa porta m\u00e9s anys que est\u00e0 en antena?<\/b><\/p>\n<p><span style=\"font-weight: 400;\">Informe Semanal \u00e9s el programa m\u00e9s veter\u00e0 de la TV p\u00e0tria i el m\u00e9s antic del seu g\u00e8nere (Actualitat) a Europa. S&#8217;emet sense interrupci\u00f3 des del 31 de mar\u00e7 de 1973. \u00c9s a dir, 51 anyets pels quals han passat com a presentadors algunes icones com Pedro Erquicia, Mercedes Mil\u00e0, Manuel Leguineche o Rosa Maria Mateo, entre altres.<\/span><\/p>\n<p><b>Quin esdeveniment esportiu en directe ha estat el m\u00e9s vist a TV a nivell global?<\/b><\/p>\n<p><span style=\"font-weight: 400;\">Gaireb\u00e9 la meitat de la poblaci\u00f3 mundial (3.600 milions d&#8217;espectadors) van veure els Jocs Ol\u00edmpic de Rio de Janeiro del 2016 en directe. La final del Mundial de futbol del 2018 entre Fran\u00e7a i Cro\u00e0cia es va quedar a les portes del liderat amb 3.570 milions.<\/span><\/p>\n<\/div>[vc_single_image image=&#8221;41075&#8243; img_size=&#8221;full&#8221;]<div class=\"last-paragraph-no-margin\"><p><b>S\u00e8ries m\u00edtiques dels 90<\/b><\/p>\n<p><span style=\"font-weight: 400;\">L&#8217;aterratge de les privades i el pas endavant a nivell de globalitzaci\u00f3 va provocar l&#8217;arribada d&#8217;incomptables s\u00e8ries desafiant les de producci\u00f3 nacional a la graella televisiva. Sense cap altra jerarquia que la de la nostra mem\u00f2ria, a qualsevol Top no haurien de faltar memorables com:<\/span><\/p>\n<ul>\n<li style=\"font-weight: 400;\" aria-level=\"1\"><span style=\"font-weight: 400;\">Beverly Hills 90210\u00a0<\/span><\/li>\n<li style=\"font-weight: 400;\" aria-level=\"1\"><span style=\"font-weight: 400;\">Compa\u00f1eros\u00a0<\/span><\/li>\n<li style=\"font-weight: 400;\" aria-level=\"1\"><span style=\"font-weight: 400;\">Cosas de casa<\/span><\/li>\n<li style=\"font-weight: 400;\" aria-level=\"1\"><span style=\"font-weight: 400;\">Dawson crece\u00a0<\/span><\/li>\n<li style=\"font-weight: 400;\" aria-level=\"1\"><span style=\"font-weight: 400;\">El Pr\u00edncipe de Bel-Air<\/span><\/li>\n<li style=\"font-weight: 400;\" aria-level=\"1\"><span style=\"font-weight: 400;\">Farmacia de guardia\u00a0<\/span><\/li>\n<li style=\"font-weight: 400;\" aria-level=\"1\"><span style=\"font-weight: 400;\">Friends\u00a0<\/span><\/li>\n<li style=\"font-weight: 400;\" aria-level=\"1\"><span style=\"font-weight: 400;\">Los Simpson<\/span><\/li>\n<li style=\"font-weight: 400;\" aria-level=\"1\"><span style=\"font-weight: 400;\">Los Vigilantes de la playa\u00a0<\/span><\/li>\n<li style=\"font-weight: 400;\" aria-level=\"1\"><span style=\"font-weight: 400;\">M\u00e9dico de familia\u00a0<\/span><\/li>\n<li style=\"font-weight: 400;\" aria-level=\"1\"><span style=\"font-weight: 400;\">Salvados por la campana<\/span><\/li>\n<\/ul>\n<p><b>Quan va arribar el color a la tele?<\/b><\/p>\n<p><span style=\"font-weight: 400;\">S\u00ed, la televisi\u00f3 inicialment s&#8217;emetia en blanc i negre. I a Espanya, la primera emissi\u00f3 acolorida no va arribar fins al 1969 amb la celebraci\u00f3 del Festival d&#8217;Eurovisi\u00f3. Una efem\u00e8ride amb matisos ja que el<\/span> <a href=\"https:\/\/www.youtube.com\/watch?v=J4g5QYJOFzQ\"><b>La-la-la <\/b><\/a><span style=\"font-weight: 400;\">acolorit nom\u00e9s es va poder veure a la resta d&#8217;Europa.<\/span><\/p>\n<p><span style=\"font-weight: 400;\">A partir del 1973 es comencen a compaginar les emissions en color i blanc i negre i \u00e9s al 1978 quan es produeix el canvi definitiu al color. La nord-americana CBS ho va fer per primera vegada el 1951.<\/span><\/p>\n<p><b>Quan va deixar d&#8217;haver-hi nom\u00e9s dos canals?<\/b><\/p>\n<p><span style=\"font-weight: 400;\">Fins al 24 de desembre de 1989, les alternatives televisives es redu\u00efen a veure TV1 i TV2 (VHF al Diccionari Boomer). El dia despr\u00e9s surten en antena les primeres emissions en proves de televisions privades que un mes despr\u00e9s (gener 1990) es regularitzen. Antena 3 i Telecinco s\u00f3n les pioneres que encara segueixen.<\/span><\/p>\n<\/div>[vc_single_image image=&#8221;41077&#8243; img_size=&#8221;full&#8221;]<div class=\"last-paragraph-no-margin\"><p><b>Batalles a cop d&#8217;anuncis<\/b><\/p>\n<p><span style=\"font-weight: 400;\">La TV tamb\u00e9 ha abonat el camp perqu\u00e8 grans companyies dirimeixin les difer\u00e8ncies a cop d&#8217;anunci. Potser la rivalitat m\u00e9s famosa \u00e9s la de <\/span><b>Coca-Cola vs. Pepsi<\/b><span style=\"font-weight: 400;\">, per\u00f2 d&#8217;altres tamb\u00e9 s&#8217;han embarcat en baralles al fang cat\u00f2dic.<\/span><\/p>\n<p><b>Apple vs. Microsoft<\/b><span style=\"font-weight: 400;\">. Ambdues marques s&#8217;han enfrontat, sobretot a trav\u00e9s de la comparaci\u00f3 entre els seus sistemes operatius i dispositius. A Get a Mac, Apple va personificar Mac i PC amb actors. Els anuncis mostraven un Mac jove, relaxat i cool, mentre que PC era maldestre i antiquat. Microsoft va respondre amb campanyes com I&#8217;m a PC per defensar a capa i espasa la seva marca i els seus usuaris.<\/span><\/p>\n<p><b>McDonald&#8217;s vs. Burger King<\/b><span style=\"font-weight: 400;\">. A Whopper Detour, Burger King va convidar els clients a demanar Whoppers quan estaven a prop d&#8217;un McDonald&#8217;s, mostrant el seu sentit de l&#8217;humor i la disposici\u00f3 a competir directament. McDonald&#8217;s tamb\u00e9 va llan\u00e7ar anuncis defensant el seu Big Mac i fent refer\u00e8ncia a la compet\u00e8ncia.<\/span><\/p>\n<p><b>Nike vs. Adidas<\/b><span style=\"font-weight: 400;\">. Totes dues marques de roba i cal\u00e7at esportiu competeixen pels millors patrocinadors, esdeveniments esportius i atletes. La compet\u00e8ncia s&#8217;est\u00e9n a comercials que ressalten la superioritat de cada marca en termes de qualitat i estil. El Just Do It de Nike s&#8217;enfoca en la inspiraci\u00f3 i la motivaci\u00f3 per als vostres anuncis, mentre que Adidas respon amb campanyes com Impossible is Nothing, ressaltant la seva pr\u00f2pia visi\u00f3 d&#8217;apoderament i resist\u00e8ncia.<\/span><\/p>\n<p><b>Quin final de s\u00e8rie \u00e9s el m\u00e9s vist als Estats Units?<\/b><\/p>\n<p><span style=\"font-weight: 400;\">Ni el final de \u201cPerdidos\u201d (13,5 milions) ni el de \u201cFriends\u201d (52,5 milions) tenen l&#8217;honor. L&#8217;\u00faltim cap\u00edtol m\u00e9s vist d&#8217;una s\u00e8rie de TV \u00e9s el de <\/span><a href=\"https:\/\/www.youtube.com\/watch?v=v605dDOO-Dw\"><b>M.A.S.H<\/b><\/a><span style=\"font-weight: 400;\">\u00a0el 1983 amb la barbaritat de 105 milions d&#8217;espectadors enganxats a la tele.<\/span><\/p>\n<\/div>[vc_single_image image=&#8221;41079&#8243; img_size=&#8221;full&#8221;]<div class=\"last-paragraph-no-margin\"><p><span style=\"font-weight: 400;\">\u00c9s el final quan entra la <\/span><span style=\"font-weight: 400;\"><a href=\"https:\/\/es.wikipedia.org\/wiki\/Carta_de_ajuste\">Carta d&#8217;Ajus<\/a>t<\/span><span style=\"font-weight: 400;\">, per\u00f2 si vols seguir submergint-te al m\u00f3n de la televisi\u00f3 pots fer-ho llegint <\/span><a href=\"https:\/\/flandecoco.net\/blog\/un-verano-de-spot\"><b>Un estiu d\u2019spot<\/b><\/a><span style=\"font-weight: 400;\">, <\/span><a href=\"https:\/\/flandecoco.net\/blog\/por-clamor-al-claim\"><b>Per clamor al claim<\/b><\/a><span style=\"font-weight: 400;\">, <\/span><a href=\"https:\/\/flandecoco.net\/blog\/spots-de-los-90-que-causaron-furor\"><b>Anuncis dels 90 que van causaro furor <\/b><\/a><span style=\"font-weight: 400;\">i altres continguts del <\/span><a href=\"https:\/\/flandecoco.net\/blog\"><b>Blog FlandeCoco <\/b><\/a><span style=\"font-weight: 400;\">relacionats amb Comunicaci\u00f3, Publicitat i Mitjans.<\/span><\/p>\n<p><span style=\"font-weight: 400;\">Si necessites un partner de confian\u00e7a i proximitat per a l&#8217;estrat\u00e8gia de M\u00e0rqueting de la teva empresa o negoci, omple el seg\u00fcent formulari i et donarem resposta r\u00e0pidament.<\/span><\/p>\n<\/div>\n<div class=\"wpcf7 no-js\" id=\"wpcf7-f6-o1\" lang=\"es-ES\" dir=\"ltr\" data-wpcf7-id=\"6\">\n<div class=\"screen-reader-response\"><p role=\"status\" aria-live=\"polite\" aria-atomic=\"true\"><\/p> <ul><\/ul><\/div>\n<form action=\"\/ca\/wp-json\/wp\/v2\/posts\/41085#wpcf7-f6-o1\" method=\"post\" class=\"wpcf7-form init\" aria-label=\"Formulario de contacto\" novalidate=\"novalidate\" data-status=\"init\">\n<fieldset class=\"hidden-fields-container\"><input type=\"hidden\" name=\"_wpcf7\" value=\"6\" \/><input type=\"hidden\" name=\"_wpcf7_version\" value=\"6.1.5\" \/><input type=\"hidden\" name=\"_wpcf7_locale\" value=\"es_ES\" \/><input type=\"hidden\" name=\"_wpcf7_unit_tag\" value=\"wpcf7-f6-o1\" \/><input type=\"hidden\" name=\"_wpcf7_container_post\" value=\"0\" \/><input type=\"hidden\" name=\"_wpcf7_posted_data_hash\" value=\"\" \/><input type=\"hidden\" name=\"_wpcf7_recaptcha_response\" value=\"\" \/>\n<\/fieldset>\n<p><label><span class=\"wpcf7-form-control-wrap\" data-name=\"your-name\"><input size=\"40\" maxlength=\"400\" class=\"wpcf7-form-control wpcf7-text wpcf7-validates-as-required\" aria-required=\"true\" aria-invalid=\"false\" placeholder=\"Nombre y Apellidos\" value=\"\" type=\"text\" name=\"your-name\" \/><\/span> <\/label><br \/>\n<label><span class=\"wpcf7-form-control-wrap\" data-name=\"your-email\"><input size=\"40\" maxlength=\"400\" class=\"wpcf7-form-control wpcf7-email wpcf7-validates-as-required wpcf7-text wpcf7-validates-as-email\" aria-required=\"true\" aria-invalid=\"false\" placeholder=\"Email\" value=\"\" type=\"email\" name=\"your-email\" \/><\/span> <\/label><br \/>\n<label> <span class=\"wpcf7-form-control-wrap\" data-name=\"your-tel\"><input size=\"40\" maxlength=\"400\" class=\"wpcf7-form-control wpcf7-tel wpcf7-validates-as-required wpcf7-text wpcf7-validates-as-tel\" aria-required=\"true\" aria-invalid=\"false\" placeholder=\"Tel\u00e9fono\" value=\"\" type=\"tel\" name=\"your-tel\" \/><\/span> <\/label><br \/>\n<label><span class=\"wpcf7-form-control-wrap\" data-name=\"your-empresa\"><input size=\"40\" maxlength=\"400\" class=\"wpcf7-form-control wpcf7-text wpcf7-validates-as-required\" aria-required=\"true\" aria-invalid=\"false\" placeholder=\"Empresa\" value=\"\" type=\"text\" name=\"your-empresa\" \/><\/span> <\/label><br \/>\n<label><span class=\"wpcf7-form-control-wrap\" data-name=\"your-sector\"><input size=\"40\" maxlength=\"400\" class=\"wpcf7-form-control wpcf7-text\" aria-invalid=\"false\" placeholder=\"Sector\" value=\"\" type=\"text\" name=\"your-sector\" \/><\/span> <\/label><br \/>\n<label><span class=\"wpcf7-form-control-wrap\" data-name=\"your-message\"><textarea cols=\"40\" rows=\"10\" maxlength=\"2000\" class=\"wpcf7-form-control wpcf7-textarea wpcf7-validates-as-required\" aria-required=\"true\" aria-invalid=\"false\" placeholder=\"Dinos qu\u00e9 necesitas\" name=\"your-message\"><\/textarea><\/span> <\/label><br \/>\n<label>C\u00f3mo nos has conocido:<span class=\"wpcf7-form-control-wrap\" data-name=\"menu-213\"><select class=\"wpcf7-form-control wpcf7-select wpcf7-validates-as-required\" aria-required=\"true\" aria-invalid=\"false\" name=\"menu-213\"><option value=\"\">&#8212;Por favor, elige una opci\u00f3n&#8212;<\/option><option value=\"B\u00fasqueda en Google.\">B\u00fasqueda en Google.<\/option><option value=\"Instagram\">Instagram<\/option><option value=\"Facebook\">Facebook<\/option><option value=\"Linkedin\">Linkedin<\/option><option value=\"Twitter\">Twitter<\/option><\/select><\/span><\/label>\n<\/p>\n<div class=\"form-consent\">\n\t<p style=\"font-size:14px;line-height: 1.2;margin-bottom:10px;\">TROY&MACCLURE, S.L. como responsable del tratamiento tratar\u00e1 tus datos con la finalidad de dar respuesta a tu consulta o petici\u00f3n. Puedes acceder, rectificar y suprimir tus datos, as\u00ed como ejercer otros derechos consultando la informaci\u00f3n adicional y detallada sobre protecci\u00f3n de datos en nuestra <a href=\"\/politica-de-privacidad\" target=\"_blank\">pol\u00edtica de privacidad<\/a>\n\t<\/p>\n\t<p><span class=\"wpcf7-form-control-wrap\" data-name=\"acepta-politica\"><span class=\"wpcf7-form-control wpcf7-acceptance\"><span class=\"wpcf7-list-item\"><label><input type=\"checkbox\" name=\"acepta-politica\" value=\"1\" aria-invalid=\"false\" \/><span class=\"wpcf7-list-item-label\">He le\u00eddo y acepto las condiciones contenidas en la <a href=\"\/politica-de-privacidad\" target=\"_blank\"> pol\u00edtica de privacidad<\/a> sobre el tratamiento de mis datos para gestionar mi consulta o petici\u00f3n.<\/span><\/label><\/span><\/span><\/span><br \/>\n<span class=\"wpcf7-form-control-wrap\" data-name=\"acepta-info-comercial\"><span class=\"wpcf7-form-control wpcf7-checkbox\"><span class=\"wpcf7-list-item first last\"><input type=\"checkbox\" name=\"acepta-info-comercial[]\" value=\"Nos gustar\u00eda que nos prestaras tu consentimiento para enviarte informaci\u00f3n comercial sobre los productos, servicios, novedades de TROY&amp;MACCLURE, S.L.\" \/><span class=\"wpcf7-list-item-label\">Nos gustar\u00eda que nos prestaras tu consentimiento para enviarte informaci\u00f3n comercial sobre los productos, servicios, novedades de TROY&amp;MACCLURE, S.L.<\/span><\/span><\/span><\/span>\n\t<\/p>\n<\/div>\n<p><input class=\"wpcf7-form-control wpcf7-submit has-spinner\" type=\"submit\" value=\"Enviar\" \/>\n<\/p>\n<input class=\"wpcf7-form-control wpcf7-hidden\" id=\"gaCookie\" value=\"\" type=\"hidden\" name=\"gaCookie\" \/>\n<input class=\"wpcf7-form-control wpcf7-hidden\" value=\"\" type=\"hidden\" name=\"ga_campaign\" \/>\n<input class=\"wpcf7-form-control wpcf7-hidden\" value=\"\" type=\"hidden\" name=\"ga_medium\" \/>\n<input class=\"wpcf7-form-control wpcf7-hidden\" value=\"\" type=\"hidden\" name=\"ga_source\" \/>\n<input class=\"wpcf7-form-control wpcf7-hidden\" value=\"\" type=\"hidden\" name=\"ga_content\" \/>\n<input class=\"wpcf7-form-control wpcf7-hidden\" value=\"\" type=\"hidden\" name=\"ga_keyword\" \/>\n<input class=\"wpcf7-form-control wpcf7-hidden\" value=\"\" type=\"hidden\" name=\"landing_page_fdc\" \/><div class=\"wpcf7-response-output\" aria-hidden=\"true\"><\/div>\n<\/form>\n<\/div>\n<\/div><\/div><\/div><\/section>\n<\/div>","protected":false},"excerpt":{"rendered":"Tan addictiva com prescindible, tan assenyada i rigorosa com pueril, tant passat a l'esquena com a incert \u00e9s el seu futur per a molts. Plataformes, streaming, Youtube, Xarxes Socials\u2026 Una legi\u00f3 de formats audiovisuals discuteix actualment la dictadura medi\u00e0tica de la TV (ara ? televisi\u00f3 lineal). Un evident canvi de paradigma amb infinitat de capes d\u2019an\u00e0lisi en l\u2019\u00e0mbit estatal ja que, malgrat l'indiscutible indifer\u00e8ncia que li propina el segment m\u00e9s jove de poblaci\u00f3, continua sent el mitj\u00e0 amb m\u00e9s volum d'inversi\u00f3 el 2024 (1.289,6 milions d'euros del gener) al setembre) i un creixement del 3,5% respecte al curs anterior. En el Dia Mundial de la Televisi\u00f3, on l'objectiu de l'ONU \u00e9s destacar la rellev\u00e0ncia, intercanvi cultural, educaci\u00f3, conscienciaci\u00f3 i cultura que aconsegueix estimular el medi, no ens aturarem a analitzar els seus (m\u00e9s o menys rebatibles) valors ni a intentar pronosticar el panorama que li espera. En el seu Dia m\u00e9s especial, ens posem en mode Canal Hist\u00f2ria per detallar-vos algunes curiositats i records de\u2026 la tele que ens va parir. [vc_single_image image=\"41073\" img_size=\"full\"]Quan es va fer la primera emissi\u00f3? El 28 d'octubre del 1956 es va realitzar la primera emissi\u00f3 amb un concert, un capell\u00e0, una raci\u00f3 de coros...","protected":false},"author":1,"featured_media":41082,"comment_status":"closed","ping_status":"closed","sticky":false,"template":"","format":"standard","meta":{"footnotes":""},"categories":[136],"tags":[],"class_list":["post-41085","post","type-post","status-publish","format-standard","has-post-thumbnail","hentry","category-blog-ca"],"_links":{"self":[{"href":"https:\/\/flandecoco.net\/ca\/wp-json\/wp\/v2\/posts\/41085","targetHints":{"allow":["GET"]}}],"collection":[{"href":"https:\/\/flandecoco.net\/ca\/wp-json\/wp\/v2\/posts"}],"about":[{"href":"https:\/\/flandecoco.net\/ca\/wp-json\/wp\/v2\/types\/post"}],"author":[{"embeddable":true,"href":"https:\/\/flandecoco.net\/ca\/wp-json\/wp\/v2\/users\/1"}],"replies":[{"embeddable":true,"href":"https:\/\/flandecoco.net\/ca\/wp-json\/wp\/v2\/comments?post=41085"}],"version-history":[{"count":2,"href":"https:\/\/flandecoco.net\/ca\/wp-json\/wp\/v2\/posts\/41085\/revisions"}],"predecessor-version":[{"id":41087,"href":"https:\/\/flandecoco.net\/ca\/wp-json\/wp\/v2\/posts\/41085\/revisions\/41087"}],"wp:featuredmedia":[{"embeddable":true,"href":"https:\/\/flandecoco.net\/ca\/wp-json\/wp\/v2\/media\/41082"}],"wp:attachment":[{"href":"https:\/\/flandecoco.net\/ca\/wp-json\/wp\/v2\/media?parent=41085"}],"wp:term":[{"taxonomy":"category","embeddable":true,"href":"https:\/\/flandecoco.net\/ca\/wp-json\/wp\/v2\/categories?post=41085"},{"taxonomy":"post_tag","embeddable":true,"href":"https:\/\/flandecoco.net\/ca\/wp-json\/wp\/v2\/tags?post=41085"}],"curies":[{"name":"wp","href":"https:\/\/api.w.org\/{rel}","templated":true}]}}