{"id":40927,"date":"2024-10-09T16:51:20","date_gmt":"2024-10-09T16:51:20","guid":{"rendered":"https:\/\/flandecoco.net\/?p=40927"},"modified":"2024-10-09T16:52:11","modified_gmt":"2024-10-09T16:52:11","slug":"com-la-creativitat-millora-la-comunicacio-corporativa","status":"publish","type":"post","link":"https:\/\/flandecoco.net\/ca\/blog-ca\/com-la-creativitat-millora-la-comunicacio-corporativa","title":{"rendered":"Com la creativitat millora la comunicaci\u00f3 corporativa?"},"content":{"rendered":"<div class=\"wpb-content-wrapper\"><section class=\"vc_row wpb_row vc_row-fluid row-blog-interior\"><div class=\"wpb_column vc_column_container  col-xs-mobile-fullwidth\"><div class=\"vc_column-inner \"><div class=\"wpb_wrapper\"><div class=\"last-paragraph-no-margin\"><p><span style=\"font-weight: 400;\">Com deia el bolero, la dist\u00e0ncia fa l&#8217;oblit. Corporacions, organismes i institucions s&#8217;enfronten al repte de comunicar-se de manera efectiva amb els p\u00fablics, tant interns com externs.<\/span><\/p>\n<p><span style=\"font-weight: 400;\">La comunicaci\u00f3 corporativa i institucional es veu en l&#8217;obligaci\u00f3 de baixar del p\u00falpit i trencar amb els tradicionals formats formals i r\u00edgids que han estat la seva veu durant d\u00e8cades. La frescor i la creativitat s\u00f3n essencials avui dia per connectar amb audi\u00e8ncies que, cada cop m\u00e9s, busquen experi\u00e8ncies personalitzades, aut\u00e8ntiques i properes. La proximitat, ara, en fa el record.<\/span><\/p>\n<p><b>El rigor creatiu: un equilibri necessari<\/b><\/p>\n<p><span style=\"font-weight: 400;\">Un dels mites m\u00e9s estesos sobre la comunicaci\u00f3 corporativa \u00e9s que, per la seva naturalesa, ha de ser solemne, distant i, de vegades, impersonal. Aquest enfocament, encara que valu\u00f3s en determinats contextos, no respon a les necessitats d<\/span><span style=\"font-weight: 400;\">\u2019<\/span><span style=\"font-weight: 400;\">una era on la immediatesa i la interacci\u00f3 directa amb els usuaris s<\/span><span style=\"font-weight: 400;\">\u2019<\/span><span style=\"font-weight: 400;\">han tornat fonamentals.<\/span><\/p>\n<p><span style=\"font-weight: 400;\">La bona not\u00edcia \u00e9s que incorporar creativitat i frescor a la comunicaci\u00f3 corporativa no vol dir perdre el rigor o la formalitat. Al contrari: una estrat\u00e8gia comunicativa moderna pot (i ha de ser) tan propera com precisa, tan humana com transparent. Les empreses i institucions que han sabut trobar aquest equilibri estan aconseguint construir relacions m\u00e9s profundes i significatives amb les audi\u00e8ncies. En fer-ho, generen m\u00e9s confian\u00e7a i lleialtat entre els seus clients, empleats i altres segments interessats.<\/span><\/p>\n<\/div>[vc_single_image image=&#8221;40919&#8243; img_size=&#8221;full&#8221;]<div class=\"last-paragraph-no-margin\"><p><span style=\"font-weight: 400;\">La implementaci\u00f3 d\u2019una estrat\u00e8gia de comunicaci\u00f3 corporativa creativa i propera t\u00e9 m\u00faltiples beneficis. Alguns s\u00f3n:<\/span><\/p>\n<p><b>Connexi\u00f3 emocional<\/b><\/p>\n<p><span style=\"font-weight: 400;\">A la comunicaci\u00f3 institucional, \u00e9s fonamental connectar amb les emocions de l&#8217;audi\u00e8ncia. Un missatge carregat de creativitat i autenticitat t\u00e9 molt m\u00e9s impacte que un de t\u00e8cnic o formal. Les persones responen millor a missatges que semblen genu\u00efns i propers, ja que generen empatia i experi\u00e8ncia. Aix\u00f2 s&#8217;aplica tant a clients com a empleats i col\u00b7laboradors, els quals valoren sentir-se part d&#8217;una empresa o instituci\u00f3 que no nom\u00e9s es preocupa per ells a nivell professional, sin\u00f3 tamb\u00e9 a l&#8217;hum\u00e0.<\/span><\/p>\n<p><b>Adaptabilitat als diferents canals<\/b><\/p>\n<p><span style=\"font-weight: 400;\">Cada canal t\u00e9 caracter\u00edstiques i audi\u00e8ncies espec\u00edfiques. Mentre que un comunicat de premsa pot requerir un to m\u00e9s formal i estructurat, les Xarxes Socials demanen frescor i dinamisme. La creativitat permet adaptar el missatge al canal sense perdre l&#8217;enfocament o els valors institucionals, cosa que resulta clau per mantenir una comunicaci\u00f3 coherent i efectiva. La proximitat no est\u00e0 renyida amb el rigor. Aix\u00ed, \u00e9s possible tenir una comunicaci\u00f3 corporativa \u00e0gil, divertida i amena a Twitter, per\u00f2 professional i seriosa en un informe corporatiu.<\/span><\/p>\n<p><b>Impuls a la reputaci\u00f3<\/b><\/p>\n<p><span style=\"font-weight: 400;\">Una empresa o organisme que aposta per una comunicaci\u00f3 creativa i fresca transmet una imatge de modernitat i obertura. Aix\u00f2 \u00e9s atractiu per als nous p\u00fablics, especialment els m\u00e9s joves, que valoren l&#8217;autenticitat i la innovaci\u00f3. A m\u00e9s, la creativitat sol estar associada a una empresa o instituci\u00f3 que no tem innovar i buscar noves maneres de fer les coses, cosa que millora la seva reputaci\u00f3 davant de la compet\u00e8ncia.<\/span><\/p>\n<p><b>Fidelitzaci\u00f3 i comprom\u00eds<\/b><\/p>\n<p><span style=\"font-weight: 400;\">La frescor i la creativitat en la comunicaci\u00f3 corporativa poden ser un factor diferenciador clau en la fidelitzaci\u00f3 de clients i la motivaci\u00f3 d&#8217;empleats. Quan una organitzaci\u00f3 es comunica de manera propera i atractiva, crea un sentiment de pertinen\u00e7a entre la seva audi\u00e8ncia. Els empleats se senten m\u00e9s identificats amb una instituci\u00f3 que no t\u00e9 por de mostrar-se humana i accessible. De la mateixa manera, els clients valoren una comunicaci\u00f3 que els parli de manera directa, sense tecnicismes innecessaris o formalismes buits.<\/span><\/p>\n<p><b>Enfrontar les crisi\u00a0<\/b><\/p>\n<p><span style=\"font-weight: 400;\">La proximitat i la transpar\u00e8ncia tamb\u00e9 tenen un rol crucial a l&#8217;hora de gestionar crisis comunicacionals. Les empreses i institucions que han cultivat una relaci\u00f3 oberta i de confian\u00e7a amb els seus p\u00fablics poden fer front a moments de dificultat de manera m\u00e9s efectiva. En utilitzar un llenguatge proper i directe, les institucions poden explicar millor les situacions complicades, cosa que en facilita la comprensi\u00f3 i en redueix l&#8217;impacte negatiu.<\/span><\/p>\n<\/div>[vc_single_image image=&#8221;40921&#8243; img_size=&#8221;full&#8221;]<div class=\"last-paragraph-no-margin\"><p><b>La frescor no elimina el rigor<\/b><\/p>\n<p><span style=\"font-weight: 400;\">La transpar\u00e8ncia i el rigor no estan en conflicte amb la frescor. Sovint, la paraula &#8220;fresc&#8221; pot associar-se err\u00f2niament amb manca de formalitat o serietat. Tot i aix\u00f2, la frescor no implica descuit. La creativitat en la comunicaci\u00f3 no ha de ser sin\u00f2nim de superficialitat o manca de rigor. Al contrari: una estrat\u00e8gia de comunicaci\u00f3 creativa i propera exigeix, si \u00e9s possible, un nivell m\u00e9s alt de planificaci\u00f3 i precisi\u00f3. Els missatges han de ser clars, consistents i alineats amb els valors i els objectius de l&#8217;empresa o instituci\u00f3.<\/span><\/p>\n<p><span style=\"font-weight: 400;\">En aquest sentit, la transpar\u00e8ncia continua sent un pilar fonamental en qualsevol estrat\u00e8gia de comunicaci\u00f3 institucional. Els usuaris valoren, ara m\u00e9s que mai, que les empreses siguin sinceres i obertes. Una comunicaci\u00f3 creativa pot servir precisament per fer arribar aquests valors de manera m\u00e9s atractiva i memorable.<\/span><\/p>\n<p><span style=\"font-weight: 400;\">La comunicaci\u00f3 corporativa i institucional pot ser tan rigorosa com creativa i fresca. Aquest enfocament no nom\u00e9s facilita una connexi\u00f3 emocional m\u00e9s gran amb l&#8217;audi\u00e8ncia, sin\u00f3 que tamb\u00e9 refor\u00e7a la reputaci\u00f3, millora la fidelitzaci\u00f3 i permet enfrontar amb m\u00e9s solv\u00e8ncia les crisis. Les empreses, organismes i institucions que aposten per aquest equilibri estaran millor preparades per als reptes actuals i futurs, mantenint sempre la proximitat i la innovaci\u00f3 al centre de la seva estrat\u00e8gia comunicativa.<\/span><\/p>\n<p><span style=\"font-weight: 400;\">Els m\u00e9s de 20 anys de <\/span><a href=\"https:\/\/flandecoco.net\/\"><b>FlandeCoco<\/b><\/a><span style=\"font-weight: 400;\">\u00a0col\u00b7laborant en la comunicaci\u00f3 corporativa d&#8217;empreses, organismes i institucions s\u00f3n una credencial excel\u00b7lent. Pots veure algunes de les accions i col\u00b7laboracions realitzades fins ara visitant el nostre <\/span><a href=\"https:\/\/flandecoco.net\/portfolio-new\"><b>Portfolio<\/b><\/a><span style=\"font-weight: 400;\">\u00a0i <\/span><a href=\"https:\/\/flandecoco.net\/clientes\"><b>\u00c0rea de Clients<\/b><\/a><span style=\"font-weight: 400;\">.<\/span><\/p>\n<p><span style=\"font-weight: 400;\">Si vols informaci\u00f3 addicional o con\u00e8ixer altres detalls sobre com et podem ajudar en les teves accions corporatives de M\u00e0rqueting i Comunicaci\u00f3, omple el seg\u00fcent formulari i r\u00e0pidament et donarem resposta.<\/span><\/p>\n<\/div>\n<div class=\"wpcf7 no-js\" id=\"wpcf7-f6-o1\" lang=\"es-ES\" dir=\"ltr\" data-wpcf7-id=\"6\">\n<div class=\"screen-reader-response\"><p role=\"status\" aria-live=\"polite\" aria-atomic=\"true\"><\/p> <ul><\/ul><\/div>\n<form action=\"\/ca\/wp-json\/wp\/v2\/posts\/40927#wpcf7-f6-o1\" method=\"post\" class=\"wpcf7-form init\" aria-label=\"Formulario de contacto\" novalidate=\"novalidate\" data-status=\"init\">\n<fieldset class=\"hidden-fields-container\"><input type=\"hidden\" name=\"_wpcf7\" value=\"6\" \/><input type=\"hidden\" name=\"_wpcf7_version\" value=\"6.1.5\" \/><input type=\"hidden\" name=\"_wpcf7_locale\" value=\"es_ES\" \/><input type=\"hidden\" name=\"_wpcf7_unit_tag\" value=\"wpcf7-f6-o1\" \/><input type=\"hidden\" name=\"_wpcf7_container_post\" value=\"0\" \/><input type=\"hidden\" name=\"_wpcf7_posted_data_hash\" value=\"\" \/><input type=\"hidden\" name=\"_wpcf7_recaptcha_response\" value=\"\" \/>\n<\/fieldset>\n<p><label><span class=\"wpcf7-form-control-wrap\" data-name=\"your-name\"><input size=\"40\" maxlength=\"400\" class=\"wpcf7-form-control wpcf7-text wpcf7-validates-as-required\" aria-required=\"true\" aria-invalid=\"false\" placeholder=\"Nombre y Apellidos\" value=\"\" type=\"text\" name=\"your-name\" \/><\/span> <\/label><br \/>\n<label><span class=\"wpcf7-form-control-wrap\" data-name=\"your-email\"><input size=\"40\" maxlength=\"400\" class=\"wpcf7-form-control wpcf7-email wpcf7-validates-as-required wpcf7-text wpcf7-validates-as-email\" aria-required=\"true\" aria-invalid=\"false\" placeholder=\"Email\" value=\"\" type=\"email\" name=\"your-email\" \/><\/span> <\/label><br \/>\n<label> <span class=\"wpcf7-form-control-wrap\" data-name=\"your-tel\"><input size=\"40\" maxlength=\"400\" class=\"wpcf7-form-control wpcf7-tel wpcf7-validates-as-required wpcf7-text wpcf7-validates-as-tel\" aria-required=\"true\" aria-invalid=\"false\" placeholder=\"Tel\u00e9fono\" value=\"\" type=\"tel\" name=\"your-tel\" \/><\/span> <\/label><br \/>\n<label><span class=\"wpcf7-form-control-wrap\" data-name=\"your-empresa\"><input size=\"40\" maxlength=\"400\" class=\"wpcf7-form-control wpcf7-text wpcf7-validates-as-required\" aria-required=\"true\" aria-invalid=\"false\" placeholder=\"Empresa\" value=\"\" type=\"text\" name=\"your-empresa\" \/><\/span> <\/label><br \/>\n<label><span class=\"wpcf7-form-control-wrap\" data-name=\"your-sector\"><input size=\"40\" maxlength=\"400\" class=\"wpcf7-form-control wpcf7-text\" aria-invalid=\"false\" placeholder=\"Sector\" value=\"\" type=\"text\" name=\"your-sector\" \/><\/span> <\/label><br \/>\n<label><span class=\"wpcf7-form-control-wrap\" data-name=\"your-message\"><textarea cols=\"40\" rows=\"10\" maxlength=\"2000\" class=\"wpcf7-form-control wpcf7-textarea wpcf7-validates-as-required\" aria-required=\"true\" aria-invalid=\"false\" placeholder=\"Dinos qu\u00e9 necesitas\" name=\"your-message\"><\/textarea><\/span> <\/label><br \/>\n<label>C\u00f3mo nos has conocido:<span class=\"wpcf7-form-control-wrap\" data-name=\"menu-213\"><select class=\"wpcf7-form-control wpcf7-select wpcf7-validates-as-required\" aria-required=\"true\" aria-invalid=\"false\" name=\"menu-213\"><option value=\"\">&#8212;Por favor, elige una opci\u00f3n&#8212;<\/option><option value=\"B\u00fasqueda en Google.\">B\u00fasqueda en Google.<\/option><option value=\"Instagram\">Instagram<\/option><option value=\"Facebook\">Facebook<\/option><option value=\"Linkedin\">Linkedin<\/option><option value=\"Twitter\">Twitter<\/option><\/select><\/span><\/label>\n<\/p>\n<div class=\"form-consent\">\n\t<p style=\"font-size:14px;line-height: 1.2;margin-bottom:10px;\">TROY&MACCLURE, S.L. como responsable del tratamiento tratar\u00e1 tus datos con la finalidad de dar respuesta a tu consulta o petici\u00f3n. Puedes acceder, rectificar y suprimir tus datos, as\u00ed como ejercer otros derechos consultando la informaci\u00f3n adicional y detallada sobre protecci\u00f3n de datos en nuestra <a href=\"\/politica-de-privacidad\" target=\"_blank\">pol\u00edtica de privacidad<\/a>\n\t<\/p>\n\t<p><span class=\"wpcf7-form-control-wrap\" data-name=\"acepta-politica\"><span class=\"wpcf7-form-control wpcf7-acceptance\"><span class=\"wpcf7-list-item\"><label><input type=\"checkbox\" name=\"acepta-politica\" value=\"1\" aria-invalid=\"false\" \/><span class=\"wpcf7-list-item-label\">He le\u00eddo y acepto las condiciones contenidas en la <a href=\"\/politica-de-privacidad\" target=\"_blank\"> pol\u00edtica de privacidad<\/a> sobre el tratamiento de mis datos para gestionar mi consulta o petici\u00f3n.<\/span><\/label><\/span><\/span><\/span><br \/>\n<span class=\"wpcf7-form-control-wrap\" data-name=\"acepta-info-comercial\"><span class=\"wpcf7-form-control wpcf7-checkbox\"><span class=\"wpcf7-list-item first last\"><input type=\"checkbox\" name=\"acepta-info-comercial[]\" value=\"Nos gustar\u00eda que nos prestaras tu consentimiento para enviarte informaci\u00f3n comercial sobre los productos, servicios, novedades de TROY&amp;MACCLURE, S.L.\" \/><span class=\"wpcf7-list-item-label\">Nos gustar\u00eda que nos prestaras tu consentimiento para enviarte informaci\u00f3n comercial sobre los productos, servicios, novedades de TROY&amp;MACCLURE, S.L.<\/span><\/span><\/span><\/span>\n\t<\/p>\n<\/div>\n<p><input class=\"wpcf7-form-control wpcf7-submit has-spinner\" type=\"submit\" value=\"Enviar\" \/>\n<\/p>\n<input class=\"wpcf7-form-control wpcf7-hidden\" id=\"gaCookie\" value=\"\" type=\"hidden\" name=\"gaCookie\" \/>\n<input class=\"wpcf7-form-control wpcf7-hidden\" value=\"\" type=\"hidden\" name=\"ga_campaign\" \/>\n<input class=\"wpcf7-form-control wpcf7-hidden\" value=\"\" type=\"hidden\" name=\"ga_medium\" \/>\n<input class=\"wpcf7-form-control wpcf7-hidden\" value=\"\" type=\"hidden\" name=\"ga_source\" \/>\n<input class=\"wpcf7-form-control wpcf7-hidden\" value=\"\" type=\"hidden\" name=\"ga_content\" \/>\n<input class=\"wpcf7-form-control wpcf7-hidden\" value=\"\" type=\"hidden\" name=\"ga_keyword\" \/>\n<input class=\"wpcf7-form-control wpcf7-hidden\" value=\"\" type=\"hidden\" name=\"landing_page_fdc\" \/><div class=\"wpcf7-response-output\" aria-hidden=\"true\"><\/div>\n<\/form>\n<\/div>\n<\/div><\/div><\/div><\/section>\n<\/div>","protected":false},"excerpt":{"rendered":"Com deia el bolero, la dist\u00e0ncia fa l'oblit. Corporacions, organismes i institucions s'enfronten al repte de comunicar-se de manera efectiva amb els p\u00fablics, tant interns com externs. La comunicaci\u00f3 corporativa i institucional es veu en l'obligaci\u00f3 de baixar del p\u00falpit i trencar amb els tradicionals formats formals i r\u00edgids que han estat la seva veu durant d\u00e8cades. La frescor i la creativitat s\u00f3n essencials avui dia per connectar amb audi\u00e8ncies que, cada cop m\u00e9s, busquen experi\u00e8ncies personalitzades, aut\u00e8ntiques i properes. La proximitat, ara, en fa el record. El rigor creatiu: un equilibri necessari Un dels mites m\u00e9s estesos sobre la comunicaci\u00f3 corporativa \u00e9s que, per la seva naturalesa, ha de ser solemne, distant i, de vegades, impersonal. Aquest enfocament, encara que valu\u00f3s en determinats contextos, no respon a les necessitats d\u2019una era on la immediatesa i la interacci\u00f3 directa amb els usuaris s\u2019han tornat fonamentals. La bona not\u00edcia \u00e9s que incorporar creativitat i frescor a la comunicaci\u00f3 corporativa no vol dir perdre el rigor o la formalitat. Al contrari: una estrat\u00e8gia comunicativa moderna pot (i ha de ser) tan propera com precisa, tan humana com transparent. Les empreses i institucions que han sabut trobar aquest equilibri estan aconseguint construir relacions...","protected":false},"author":1,"featured_media":40924,"comment_status":"closed","ping_status":"closed","sticky":false,"template":"","format":"standard","meta":{"footnotes":""},"categories":[136],"tags":[],"class_list":["post-40927","post","type-post","status-publish","format-standard","has-post-thumbnail","hentry","category-blog-ca"],"_links":{"self":[{"href":"https:\/\/flandecoco.net\/ca\/wp-json\/wp\/v2\/posts\/40927","targetHints":{"allow":["GET"]}}],"collection":[{"href":"https:\/\/flandecoco.net\/ca\/wp-json\/wp\/v2\/posts"}],"about":[{"href":"https:\/\/flandecoco.net\/ca\/wp-json\/wp\/v2\/types\/post"}],"author":[{"embeddable":true,"href":"https:\/\/flandecoco.net\/ca\/wp-json\/wp\/v2\/users\/1"}],"replies":[{"embeddable":true,"href":"https:\/\/flandecoco.net\/ca\/wp-json\/wp\/v2\/comments?post=40927"}],"version-history":[{"count":1,"href":"https:\/\/flandecoco.net\/ca\/wp-json\/wp\/v2\/posts\/40927\/revisions"}],"predecessor-version":[{"id":40928,"href":"https:\/\/flandecoco.net\/ca\/wp-json\/wp\/v2\/posts\/40927\/revisions\/40928"}],"wp:featuredmedia":[{"embeddable":true,"href":"https:\/\/flandecoco.net\/ca\/wp-json\/wp\/v2\/media\/40924"}],"wp:attachment":[{"href":"https:\/\/flandecoco.net\/ca\/wp-json\/wp\/v2\/media?parent=40927"}],"wp:term":[{"taxonomy":"category","embeddable":true,"href":"https:\/\/flandecoco.net\/ca\/wp-json\/wp\/v2\/categories?post=40927"},{"taxonomy":"post_tag","embeddable":true,"href":"https:\/\/flandecoco.net\/ca\/wp-json\/wp\/v2\/tags?post=40927"}],"curies":[{"name":"wp","href":"https:\/\/api.w.org\/{rel}","templated":true}]}}