{"id":40843,"date":"2024-09-26T15:20:34","date_gmt":"2024-09-26T15:20:34","guid":{"rendered":"https:\/\/flandecoco.net\/?p=40843"},"modified":"2024-09-26T15:51:35","modified_gmt":"2024-09-26T15:51:35","slug":"cardiodreams-10-anys-duna-aventura-amb-cor","status":"publish","type":"post","link":"https:\/\/flandecoco.net\/ca\/noticies\/cardiodreams-10-anys-duna-aventura-amb-cor","title":{"rendered":"Cardiodreams, 10 anys d\u2019una aventura amb cor"},"content":{"rendered":"<div class=\"wpb-content-wrapper\"><section class=\"vc_row wpb_row vc_row-fluid row-blog-interior\"><div class=\"wpb_column vc_column_container  col-xs-mobile-fullwidth\"><div class=\"vc_column-inner \"><div class=\"wpb_wrapper\"><div class=\"last-paragraph-no-margin\"><p><span style=\"font-weight: 400;\">La Fundaci\u00f3 Cardiodreams neix el 2014 de la m\u00e0 del Dr. Xavier Ruyra. Una organitzaci\u00f3 sense \u00e0nim de lucre dedicada a brindar assist\u00e8ncia m\u00e8dica especialitzada a l&#8217;\u00e0rea de la cirurgia cardiovascular per a persones amb escassos recursos econ\u00f2mics. Salvar vides mitjan\u00e7ant intervencions quir\u00fargiques i tractaments avan\u00e7ats a pacients que, per la seva situaci\u00f3 financera, no poden accedir a aquest tipus de serveis al pa\u00eds d&#8217;origen.<\/span><\/p>\n<p><span style=\"font-weight: 400;\">Cardiodreams no \u00e9s nom\u00e9s atenci\u00f3 m\u00e8dica, tamb\u00e9 fomenta l&#8217;educaci\u00f3 i capacitaci\u00f3 de professionals de la salut locals perqu\u00e8, a mitj\u00e0 i llarg termini, puguin millorar les infraestructures i pr\u00e0ctiques m\u00e8diques a les seves comunitats. L&#8217;objectiu principal de la fundaci\u00f3 \u00e9s tancar l&#8217;escletxa d&#8217;acc\u00e9s a l&#8217;atenci\u00f3 m\u00e8dica cardiovascular a pa\u00efsos en desenvolupament, especialment en aquelles regions on les malalties del cor s\u00f3n una de les principals causes de mort.<\/span><\/p>\n<p><span style=\"font-weight: 400;\">A m\u00e9s de les intervencions quir\u00fargiques, la fundaci\u00f3 treballa en la sensibilitzaci\u00f3 i prevenci\u00f3 de malalties cardiovasculars, organitzant campanyes de conscienciaci\u00f3, brindant assist\u00e8ncia postoperat\u00f2ria i desenvolupant programes de seguiment per als pacients operats.<\/span><\/p>\n<p><a href=\"https:\/\/cardiodreamsfoundation.org\/programa-formativo\/\"><b>Programes formatius<\/b><\/a><span style=\"font-weight: 400;\">, <\/span><a href=\"https:\/\/cardiodreamsfoundation.org\/programa-asistencial\/\"><b>assistencials<\/b><\/a><span style=\"font-weight: 400;\">\u00a0i per a <\/span><a href=\"https:\/\/cardiodreamsfoundation.org\/programa-mujeres-con-corazon\/\"><b>Dones amb Cor<\/b><\/a><span style=\"font-weight: 400;\">; complementats per sopars i accions solid\u00e0ries enfocades tant a la divulgaci\u00f3 de les malalties cardiovasculars, com a la formaci\u00f3 i a la captaci\u00f3 de fons.<\/span><\/p>\n<p><span style=\"font-weight: 400;\">La <\/span><a href=\"https:\/\/flandecoco.net\/nosotros\"><b>direcci\u00f3 de FlandeCoco<\/b><\/a> <span style=\"font-weight: 400;\">va assistir aquest estiu a un dels seus m\u00e9s recents Sopars amb Estrella que, de la m\u00e0 del xef Nando Jubany, celebrava els 10 anys de la Fundaci\u00f3 al Palau de Pedralbes de Barcelona.<\/span><\/p>\n<\/div>[vc_single_image image=&#8221;40840&#8243; img_size=&#8221;full&#8221;]<div class=\"last-paragraph-no-margin\"><p><span style=\"font-weight: 400;\">Un punt de trobada per a la visualitzaci\u00f3 i l&#8217;acci\u00f3 solid\u00e0ria en suport de l&#8217;enorme treball que desenvolupa dia a dia Cardiodreams.<\/span><\/p>\n<\/div>[vc_video link=&#8221;https:\/\/www.youtube.com\/watch?v=CpUTFTJpFf0&amp;t=32s&#8221;]<div class=\"last-paragraph-no-margin\"><p><span style=\"font-weight: 400;\">Totes les imatges de l\u2019esdeveniment visitant l\u2019enlla\u00e7 de l\u2019organitzaci\u00f3 a <\/span><a href=\"https:\/\/www.flickr.com\/photos\/200941520@N08\/shares\/g3E4893ziJ\/\"><b>Flickr<\/b><\/a><span style=\"font-weight: 400;\">. Honorats i encantats a FlandeCoco de col\u00b7laborar aportant el nostre petit granet de sorra a un projecte que batega amb tanta for\u00e7a. Pots con\u00e8ixer m\u00e9s detalls de tota la tasca que exerceixen a la Fundaci\u00f3 Cardiodreams visitant la <\/span><a href=\"https:\/\/cardiodreamsfoundation.org\/\"><b>seva web<\/b><\/a><span style=\"font-weight: 400;\">\u00a0i, si aix\u00ed ho desitges, <\/span><a href=\"https:\/\/cardiodreamsfoundation.org\/ca\/donaciones\/\"><b>ajudar<\/b><\/a><span style=\"font-weight: 400;\">\u00a0a que segueixin amb salut econ\u00f2mica la gran aventura de salvar pacients amb problemes card\u00edacs greus.<\/span><\/p>\n<p><span style=\"font-weight: 400;\">Pots accedir a altres continguts relacionats amb el dia a dia de FlandeCoco visitant les <\/span><a href=\"https:\/\/flandecoco.net\/breaking-news\"><b>Breaking News<\/b><\/a><span style=\"font-weight: 400;\">\u00a0o, si ets fan de l&#8217;univers de la Publicitat i Comunicaci\u00f3, fent clic als interessants continguts del nostre <\/span><a href=\"https:\/\/flandecoco.net\/blog\"><b>Blog corporatiu<\/b><\/a><span style=\"font-weight: 400;\">.<\/span><\/p>\n<p><span style=\"font-weight: 400;\">Si necessites un partner de proximitat, rigor i experi\u00e8ncia multisectorial per als teus desafiaments publicitaris, omple el seg\u00fcent formulari i r\u00e0pidament et donarem resposta.<\/span><\/p>\n<\/div>\n<div class=\"wpcf7 no-js\" id=\"wpcf7-f6-o1\" lang=\"es-ES\" dir=\"ltr\" data-wpcf7-id=\"6\">\n<div class=\"screen-reader-response\"><p role=\"status\" aria-live=\"polite\" aria-atomic=\"true\"><\/p> <ul><\/ul><\/div>\n<form action=\"\/ca\/wp-json\/wp\/v2\/posts\/40843#wpcf7-f6-o1\" method=\"post\" class=\"wpcf7-form init\" aria-label=\"Formulario de contacto\" novalidate=\"novalidate\" data-status=\"init\">\n<fieldset class=\"hidden-fields-container\"><input type=\"hidden\" name=\"_wpcf7\" value=\"6\" \/><input type=\"hidden\" name=\"_wpcf7_version\" value=\"6.1.5\" \/><input type=\"hidden\" name=\"_wpcf7_locale\" value=\"es_ES\" \/><input type=\"hidden\" name=\"_wpcf7_unit_tag\" value=\"wpcf7-f6-o1\" \/><input type=\"hidden\" name=\"_wpcf7_container_post\" value=\"0\" \/><input type=\"hidden\" name=\"_wpcf7_posted_data_hash\" value=\"\" \/><input type=\"hidden\" name=\"_wpcf7_recaptcha_response\" value=\"\" \/>\n<\/fieldset>\n<p><label><span class=\"wpcf7-form-control-wrap\" data-name=\"your-name\"><input size=\"40\" maxlength=\"400\" class=\"wpcf7-form-control wpcf7-text wpcf7-validates-as-required\" aria-required=\"true\" aria-invalid=\"false\" placeholder=\"Nombre y Apellidos\" value=\"\" type=\"text\" name=\"your-name\" \/><\/span> <\/label><br \/>\n<label><span class=\"wpcf7-form-control-wrap\" data-name=\"your-email\"><input size=\"40\" maxlength=\"400\" class=\"wpcf7-form-control wpcf7-email wpcf7-validates-as-required wpcf7-text wpcf7-validates-as-email\" aria-required=\"true\" aria-invalid=\"false\" placeholder=\"Email\" value=\"\" type=\"email\" name=\"your-email\" \/><\/span> <\/label><br \/>\n<label> <span class=\"wpcf7-form-control-wrap\" data-name=\"your-tel\"><input size=\"40\" maxlength=\"400\" class=\"wpcf7-form-control wpcf7-tel wpcf7-validates-as-required wpcf7-text wpcf7-validates-as-tel\" aria-required=\"true\" aria-invalid=\"false\" placeholder=\"Tel\u00e9fono\" value=\"\" type=\"tel\" name=\"your-tel\" \/><\/span> <\/label><br \/>\n<label><span class=\"wpcf7-form-control-wrap\" data-name=\"your-empresa\"><input size=\"40\" maxlength=\"400\" class=\"wpcf7-form-control wpcf7-text wpcf7-validates-as-required\" aria-required=\"true\" aria-invalid=\"false\" placeholder=\"Empresa\" value=\"\" type=\"text\" name=\"your-empresa\" \/><\/span> <\/label><br \/>\n<label><span class=\"wpcf7-form-control-wrap\" data-name=\"your-sector\"><input size=\"40\" maxlength=\"400\" class=\"wpcf7-form-control wpcf7-text\" aria-invalid=\"false\" placeholder=\"Sector\" value=\"\" type=\"text\" name=\"your-sector\" \/><\/span> <\/label><br \/>\n<label><span class=\"wpcf7-form-control-wrap\" data-name=\"your-message\"><textarea cols=\"40\" rows=\"10\" maxlength=\"2000\" class=\"wpcf7-form-control wpcf7-textarea wpcf7-validates-as-required\" aria-required=\"true\" aria-invalid=\"false\" placeholder=\"Dinos qu\u00e9 necesitas\" name=\"your-message\"><\/textarea><\/span> <\/label><br \/>\n<label>C\u00f3mo nos has conocido:<span class=\"wpcf7-form-control-wrap\" data-name=\"menu-213\"><select class=\"wpcf7-form-control wpcf7-select wpcf7-validates-as-required\" aria-required=\"true\" aria-invalid=\"false\" name=\"menu-213\"><option value=\"\">&#8212;Por favor, elige una opci\u00f3n&#8212;<\/option><option value=\"B\u00fasqueda en Google.\">B\u00fasqueda en Google.<\/option><option value=\"Instagram\">Instagram<\/option><option value=\"Facebook\">Facebook<\/option><option value=\"Linkedin\">Linkedin<\/option><option value=\"Twitter\">Twitter<\/option><\/select><\/span><\/label>\n<\/p>\n<div class=\"form-consent\">\n\t<p style=\"font-size:14px;line-height: 1.2;margin-bottom:10px;\">TROY&MACCLURE, S.L. como responsable del tratamiento tratar\u00e1 tus datos con la finalidad de dar respuesta a tu consulta o petici\u00f3n. Puedes acceder, rectificar y suprimir tus datos, as\u00ed como ejercer otros derechos consultando la informaci\u00f3n adicional y detallada sobre protecci\u00f3n de datos en nuestra <a href=\"\/politica-de-privacidad\" target=\"_blank\">pol\u00edtica de privacidad<\/a>\n\t<\/p>\n\t<p><span class=\"wpcf7-form-control-wrap\" data-name=\"acepta-politica\"><span class=\"wpcf7-form-control wpcf7-acceptance\"><span class=\"wpcf7-list-item\"><label><input type=\"checkbox\" name=\"acepta-politica\" value=\"1\" aria-invalid=\"false\" \/><span class=\"wpcf7-list-item-label\">He le\u00eddo y acepto las condiciones contenidas en la <a href=\"\/politica-de-privacidad\" target=\"_blank\"> pol\u00edtica de privacidad<\/a> sobre el tratamiento de mis datos para gestionar mi consulta o petici\u00f3n.<\/span><\/label><\/span><\/span><\/span><br \/>\n<span class=\"wpcf7-form-control-wrap\" data-name=\"acepta-info-comercial\"><span class=\"wpcf7-form-control wpcf7-checkbox\"><span class=\"wpcf7-list-item first last\"><input type=\"checkbox\" name=\"acepta-info-comercial[]\" value=\"Nos gustar\u00eda que nos prestaras tu consentimiento para enviarte informaci\u00f3n comercial sobre los productos, servicios, novedades de TROY&amp;MACCLURE, S.L.\" \/><span class=\"wpcf7-list-item-label\">Nos gustar\u00eda que nos prestaras tu consentimiento para enviarte informaci\u00f3n comercial sobre los productos, servicios, novedades de TROY&amp;MACCLURE, S.L.<\/span><\/span><\/span><\/span>\n\t<\/p>\n<\/div>\n<p><input class=\"wpcf7-form-control wpcf7-submit has-spinner\" type=\"submit\" value=\"Enviar\" \/>\n<\/p>\n<input class=\"wpcf7-form-control wpcf7-hidden\" id=\"gaCookie\" value=\"\" type=\"hidden\" name=\"gaCookie\" \/>\n<input class=\"wpcf7-form-control wpcf7-hidden\" value=\"\" type=\"hidden\" name=\"ga_campaign\" \/>\n<input class=\"wpcf7-form-control wpcf7-hidden\" value=\"\" type=\"hidden\" name=\"ga_medium\" \/>\n<input class=\"wpcf7-form-control wpcf7-hidden\" value=\"\" type=\"hidden\" name=\"ga_source\" \/>\n<input class=\"wpcf7-form-control wpcf7-hidden\" value=\"\" type=\"hidden\" name=\"ga_content\" \/>\n<input class=\"wpcf7-form-control wpcf7-hidden\" value=\"\" type=\"hidden\" name=\"ga_keyword\" \/>\n<input class=\"wpcf7-form-control wpcf7-hidden\" value=\"\" type=\"hidden\" name=\"landing_page_fdc\" \/><div class=\"wpcf7-response-output\" aria-hidden=\"true\"><\/div>\n<\/form>\n<\/div>\n<\/div><\/div><\/div><\/section>\n<\/div>","protected":false},"excerpt":{"rendered":"La Fundaci\u00f3 Cardiodreams neix el 2014 de la m\u00e0 del Dr. Xavier Ruyra. Una organitzaci\u00f3 sense \u00e0nim de lucre dedicada a brindar assist\u00e8ncia m\u00e8dica especialitzada a l'\u00e0rea de la cirurgia cardiovascular per a persones amb escassos recursos econ\u00f2mics. Salvar vides mitjan\u00e7ant intervencions quir\u00fargiques i tractaments avan\u00e7ats a pacients que, per la seva situaci\u00f3 financera, no poden accedir a aquest tipus de serveis al pa\u00eds d'origen. Cardiodreams no \u00e9s nom\u00e9s atenci\u00f3 m\u00e8dica, tamb\u00e9 fomenta l'educaci\u00f3 i capacitaci\u00f3 de professionals de la salut locals perqu\u00e8, a mitj\u00e0 i llarg termini, puguin millorar les infraestructures i pr\u00e0ctiques m\u00e8diques a les seves comunitats. L'objectiu principal de la fundaci\u00f3 \u00e9s tancar l'escletxa d'acc\u00e9s a l'atenci\u00f3 m\u00e8dica cardiovascular a pa\u00efsos en desenvolupament, especialment en aquelles regions on les malalties del cor s\u00f3n una de les principals causes de mort. A m\u00e9s de les intervencions quir\u00fargiques, la fundaci\u00f3 treballa en la sensibilitzaci\u00f3 i prevenci\u00f3 de malalties cardiovasculars, organitzant campanyes de conscienciaci\u00f3, brindant assist\u00e8ncia postoperat\u00f2ria i desenvolupant programes de seguiment per als pacients operats. Programes formatius, assistencials\u00a0i per a Dones amb Cor; complementats per sopars i accions solid\u00e0ries enfocades tant a la divulgaci\u00f3 de les malalties cardiovasculars, com a la formaci\u00f3 i a la captaci\u00f3 de fons. La...","protected":false},"author":1,"featured_media":40835,"comment_status":"closed","ping_status":"closed","sticky":false,"template":"","format":"standard","meta":{"footnotes":""},"categories":[137],"tags":[],"class_list":["post-40843","post","type-post","status-publish","format-standard","has-post-thumbnail","hentry","category-noticies"],"_links":{"self":[{"href":"https:\/\/flandecoco.net\/ca\/wp-json\/wp\/v2\/posts\/40843","targetHints":{"allow":["GET"]}}],"collection":[{"href":"https:\/\/flandecoco.net\/ca\/wp-json\/wp\/v2\/posts"}],"about":[{"href":"https:\/\/flandecoco.net\/ca\/wp-json\/wp\/v2\/types\/post"}],"author":[{"embeddable":true,"href":"https:\/\/flandecoco.net\/ca\/wp-json\/wp\/v2\/users\/1"}],"replies":[{"embeddable":true,"href":"https:\/\/flandecoco.net\/ca\/wp-json\/wp\/v2\/comments?post=40843"}],"version-history":[{"count":2,"href":"https:\/\/flandecoco.net\/ca\/wp-json\/wp\/v2\/posts\/40843\/revisions"}],"predecessor-version":[{"id":40848,"href":"https:\/\/flandecoco.net\/ca\/wp-json\/wp\/v2\/posts\/40843\/revisions\/40848"}],"wp:featuredmedia":[{"embeddable":true,"href":"https:\/\/flandecoco.net\/ca\/wp-json\/wp\/v2\/media\/40835"}],"wp:attachment":[{"href":"https:\/\/flandecoco.net\/ca\/wp-json\/wp\/v2\/media?parent=40843"}],"wp:term":[{"taxonomy":"category","embeddable":true,"href":"https:\/\/flandecoco.net\/ca\/wp-json\/wp\/v2\/categories?post=40843"},{"taxonomy":"post_tag","embeddable":true,"href":"https:\/\/flandecoco.net\/ca\/wp-json\/wp\/v2\/tags?post=40843"}],"curies":[{"name":"wp","href":"https:\/\/api.w.org\/{rel}","templated":true}]}}