{"id":40576,"date":"2024-08-20T09:58:49","date_gmt":"2024-08-20T09:58:49","guid":{"rendered":"https:\/\/flandecoco.net\/?p=40576"},"modified":"2024-08-20T10:02:55","modified_gmt":"2024-08-20T10:02:55","slug":"com-organitzar-un-esdeveniment-autenticament-memorable","status":"publish","type":"post","link":"https:\/\/flandecoco.net\/ca\/blog-ca\/com-organitzar-un-esdeveniment-autenticament-memorable","title":{"rendered":"Com organitzar un esdeveniment aut\u00e8nticament memorable?"},"content":{"rendered":"<div class=\"wpb-content-wrapper\"><section class=\"vc_row wpb_row vc_row-fluid row-blog-interior\"><div class=\"wpb_column vc_column_container  col-xs-mobile-fullwidth\"><div class=\"vc_column-inner \"><div class=\"wpb_wrapper\"><div class=\"last-paragraph-no-margin\"><p><span style=\"font-weight: 400;\">Organitzar un <\/span><a href=\"https:\/\/flandecoco.net\/lnd\/organizacion-de-eventos-en-barcelona\"><b>esdeveniment corporatiu<\/b> <\/a><span style=\"font-weight: 400;\"> exit\u00f3s i d&#8217;impacte no \u00e9s una tasca senzilla ni a l&#8217;abast de totes les persones. A m\u00e9s de passi\u00f3 i habilitats, cal una planificaci\u00f3 meticulosa, una execuci\u00f3 impecable i el factor diferencial que aporta la creativitat.<\/span><\/p>\n<p><span style=\"font-weight: 400;\">Governats per aquests pilars, a continuaci\u00f3 presentem 7 claus b\u00e0siques per fer que un esdeveniment d&#8217;empresa baixi el seu tel\u00f3 amb una \u00fanica paraula flotant a l&#8217;ambient: me-mo-ra-ble.<\/span><\/p>\n<p><b>Espai i ambient inspirador<\/b><\/p>\n<p><span style=\"font-weight: 400;\">El lloc escollit per fer un esdeveniment juga un paper crucial en l&#8217;experi\u00e8ncia dels assistents. Ha de ser un espai amb car\u00e0cter i estil, que reflecteixi la identitat de l\u2019empresa i el prop\u00f2sit de l\u2019esdeveniment. Ja sigui un hotel ins\u00f2lit, un centre de convencions modern, un lloc hist\u00f2ric o un espai trencador i disruptiu, l&#8217;escenari visual ha de ser acollidor, estimulant i alineat amb l&#8217;objectiu de l&#8217;esdeveniment. A m\u00e9s, la disposici\u00f3 de l\u2019espai ha de fomentar la interacci\u00f3 i la comunicaci\u00f3 entre els participants.<\/span><\/p>\n<p><b>Tecnologia d&#8217;avantguarda<\/b><\/p>\n<p><span style=\"font-weight: 400;\">Incorporar tecnologia avan\u00e7ada eleva el llist\u00f3 experiencial de qualsevol esdeveniment corporatiu. Des de presentacions multim\u00e8dia d&#8217;alta qualitat fins a sistemes de so impecables, fer servir la tecnologia adequada assegura que els missatges es transmetin de manera efectiva i atractiva. A m\u00e9s, l&#8217;\u00fas d&#8217;aplicacions m\u00f2bils espec\u00edfiques per a l&#8217;esdeveniment pot millorar la participaci\u00f3 dels assistents, permetent accedir a agendes, mapes del lloc i Xarxes Socials corporatives, aix\u00ed com interactuar en temps real amb amfitrions, ponents i altres assistents.<\/span><\/p>\n<p><b>Ponents i contingut rellevant<\/b><\/p>\n<p><span style=\"font-weight: 400;\">Els ponents s\u00f3n, en moltes ocasions, l&#8217;\u00e0nima d&#8217;un esdeveniment corporatiu. Convidar oradors destacats i <\/span><i><span style=\"font-weight: 400;\">players<\/span><\/i><span style=\"font-weight: 400;\"> de la mat\u00e8ria que ofereixin perspectives valuoses i coneixements top \u00e9s essencial. El contingut de les presentacions ha de ser rellevant, innovador i perfectament alineat amb els interessos i les necessitats dels assistents. Incorporar sessions interactives, com ara panells de discussi\u00f3 i tallers, tamb\u00e9 enriqueix l&#8217;experi\u00e8ncia d&#8217;aprenentatge.<\/span><\/p>\n<p><span style=\"font-weight: 400;\">Si la naturalesa de l<\/span><span style=\"font-weight: 400;\">\u2019<\/span><span style=\"font-weight: 400;\">esdeveniment \u00e9s de car\u00e0cter menys formal i institucional i, per tant, no necessita aquest tipus d<\/span><span style=\"font-weight: 400;\">\u2019<\/span><span style=\"font-weight: 400;\">actors, dotar d<\/span><span style=\"font-weight: 400;\">\u2019<\/span><span style=\"font-weight: 400;\">un fil argumental o <\/span><a href=\"https:\/\/flandecoco.net\/noticias\/agencia-de-publicidad-especializada-en-storytelling-caso-de-exito-pitch-putt\"><b><i>storytelling<\/i><\/b><\/a><span style=\"font-weight: 400;\">\u00a0a l&#8217;acte \u00e9s un factor determinant per generar l&#8217;efecte guau entre els assistents.<\/span><\/p>\n<p><b>Networking i oportunitats de connexi\u00f3<\/b><\/p>\n<p><span style=\"font-weight: 400;\">Un component vital de qualsevol esdeveniment corporatiu exit\u00f3s \u00e9s l\u2019oportunitat de <\/span><i><span style=\"font-weight: 400;\">networking<\/span><\/i><span style=\"font-weight: 400;\">. Facilitar espais i temps espec\u00edfics perqu\u00e8 els assistents es puguin connectar, intercanviar idees i establir relacions professionals \u00e9s fonamental. Aix\u00f2 es pot aconseguir mitjan\u00e7ant sessions de<\/span><i><span style=\"font-weight: 400;\"> networking<\/span><\/i><span style=\"font-weight: 400;\"> estructurades, activitats de <\/span><i><span style=\"font-weight: 400;\">team building<\/span><\/i><span style=\"font-weight: 400;\">, o fins i tot durant els descansos i els \u00e0pats. La clau \u00e9s crear un entorn on els participants se sentin c\u00f2modes i motivats per interactuar lliurement. <\/span><\/p>\n<\/div>[vc_single_image image=&#8221;40573&#8243; img_size=&#8221;full&#8221;]<div class=\"last-paragraph-no-margin\"><p><b>Experi\u00e8ncies i activitats \u00faniques<\/b><\/p>\n<p><span style=\"font-weight: 400;\">Per deixar una impressi\u00f3 duradora, \u00e9s important incloure experi\u00e8ncies i activitats \u00faniques al cronograma de l&#8217;esdeveniment. Aix\u00f2 pot incloure demostracions en viu, experi\u00e8ncies de realitat virtual o activitats de gamificaci\u00f3 que involucrin els assistents de manera l\u00fadica i educativa. Aquestes experi\u00e8ncies no sols fan que l&#8217;esdeveniment sigui m\u00e9s divertit i din\u00e0mic, sin\u00f3 que tamb\u00e9 fomenten la participaci\u00f3 activa i la col\u00b7laboraci\u00f3 entre els assistents.<\/span><\/p>\n<p><b>Atenci\u00f3 al detall i personalitzaci\u00f3<\/b><\/p>\n<p><span style=\"font-weight: 400;\">La personalitzaci\u00f3 \u00e9s clau perqu\u00e8 els assistents se sentin valorats i apreciats. Des de la benvinguda personalitzada fins als petits detalls com ara obsequis o missatges d&#8217;agra\u00efment, cada element ha de reflectir l&#8217;atenci\u00f3 i la cura posats a la planificaci\u00f3 de l&#8217;esdeveniment. Con\u00e8ixer les prefer\u00e8ncies i les necessitats dels assistents i adaptar certs aspectes de l&#8217;esdeveniment a aquestes expectatives pot crear una experi\u00e8ncia m\u00e9s rellevant i significativa per a cada individu.<\/span><\/p>\n<p><b>Seguiment i avaluaci\u00f3 post-esdeveniment<\/b><\/p>\n<p><span style=\"font-weight: 400;\">L&#8217;impacte d&#8217;un esdeveniment corporatiu no acaba quan els assistents se&#8217;n van a casa. Un seguiment efectiu perllonga la influ\u00e8ncia de l&#8217;esdeveniment i enforteix les relacions establertes. Enviar enquestes de satisfacci\u00f3, compartir presentacions i continguts addicionals i mantenir el contacte a trav\u00e9s de butlletins informatius o Xarxes Socials s\u00f3n accions estrat\u00e8giques determinants. A m\u00e9s, avaluar l\u2019\u00e8xit de l\u2019esdeveniment a trav\u00e9s de la retroalimentaci\u00f3 rebuda i analitzar les m\u00e8triques de participaci\u00f3 proporciona un feedback i informaci\u00f3 molt valuosa per a futurs actes.<\/span><\/p>\n<p><span style=\"font-weight: 400;\">Organitzar un esdeveniment corporatiu memorable requereix una combinaci\u00f3 de planificaci\u00f3 estrat\u00e8gica, creativitat i atenci\u00f3 al detall. Un lloc inspirador, tecnologia avan\u00e7ada, ponents de qualitat, oportunitats de <\/span><i><span style=\"font-weight: 400;\">networking<\/span><\/i><span style=\"font-weight: 400;\">, activitats \u00faniques, personalitzaci\u00f3 i seguiment efectiu s\u00f3n components essencials que aconsegueixen transformar un esdeveniment ordinari en una experi\u00e8ncia extraordin\u00e0ria. En centrar-se en aquests elements, les empreses i institucions organitzadores asseguren que els seus esdeveniments no nom\u00e9s compleixin els seus objectius, sin\u00f3 que tamb\u00e9 deixin una empremta duradora a la ment dels assistents.<\/span><\/p>\n<p><span style=\"font-weight: 400;\">Els m\u00e9s de 20 anys de <\/span><b>FlandeCoco<\/b><span style=\"font-weight: 400;\">\u00a0col\u00b7laborant en l&#8217;organitzaci\u00f3 d&#8217;esdeveniments tant d&#8217;empreses i organismes s\u00f3n unes credencials excel\u00b7lents per construir marca des d&#8217;un esdeveniment corporatiu. Pots veure alguns dels esdeveniments realitzats fins avui visitant el nostre <\/span><b><a href=\"https:\/\/flandecoco.net\/ca\/portafoli\">Portfoli<\/a>. <\/b><span style=\"font-weight: 400;\">Si vols informaci\u00f3 addicional per a la teva empresa o con\u00e8ixer altres detalls sobre com et podem ajudar en esdeveniments o altres accions de M\u00e0rqueting i Comunicaci\u00f3, omple el seg\u00fcent formulari i r\u00e0pidament et donarem resposta.<\/span><\/p>\n<\/div>\n<div class=\"wpcf7 no-js\" id=\"wpcf7-f6-o1\" lang=\"es-ES\" dir=\"ltr\" data-wpcf7-id=\"6\">\n<div class=\"screen-reader-response\"><p role=\"status\" aria-live=\"polite\" aria-atomic=\"true\"><\/p> <ul><\/ul><\/div>\n<form action=\"\/ca\/wp-json\/wp\/v2\/posts\/40576#wpcf7-f6-o1\" method=\"post\" class=\"wpcf7-form init\" aria-label=\"Formulario de contacto\" novalidate=\"novalidate\" data-status=\"init\">\n<fieldset class=\"hidden-fields-container\"><input type=\"hidden\" name=\"_wpcf7\" value=\"6\" \/><input type=\"hidden\" name=\"_wpcf7_version\" value=\"6.1.5\" \/><input type=\"hidden\" name=\"_wpcf7_locale\" value=\"es_ES\" \/><input type=\"hidden\" name=\"_wpcf7_unit_tag\" value=\"wpcf7-f6-o1\" \/><input type=\"hidden\" name=\"_wpcf7_container_post\" value=\"0\" \/><input type=\"hidden\" name=\"_wpcf7_posted_data_hash\" value=\"\" \/><input type=\"hidden\" name=\"_wpcf7_recaptcha_response\" value=\"\" \/>\n<\/fieldset>\n<p><label><span class=\"wpcf7-form-control-wrap\" data-name=\"your-name\"><input size=\"40\" maxlength=\"400\" class=\"wpcf7-form-control wpcf7-text wpcf7-validates-as-required\" aria-required=\"true\" aria-invalid=\"false\" placeholder=\"Nombre y Apellidos\" value=\"\" type=\"text\" name=\"your-name\" \/><\/span> <\/label><br \/>\n<label><span class=\"wpcf7-form-control-wrap\" data-name=\"your-email\"><input size=\"40\" maxlength=\"400\" class=\"wpcf7-form-control wpcf7-email wpcf7-validates-as-required wpcf7-text wpcf7-validates-as-email\" aria-required=\"true\" aria-invalid=\"false\" placeholder=\"Email\" value=\"\" type=\"email\" name=\"your-email\" \/><\/span> <\/label><br \/>\n<label> <span class=\"wpcf7-form-control-wrap\" data-name=\"your-tel\"><input size=\"40\" maxlength=\"400\" class=\"wpcf7-form-control wpcf7-tel wpcf7-validates-as-required wpcf7-text wpcf7-validates-as-tel\" aria-required=\"true\" aria-invalid=\"false\" placeholder=\"Tel\u00e9fono\" value=\"\" type=\"tel\" name=\"your-tel\" \/><\/span> <\/label><br \/>\n<label><span class=\"wpcf7-form-control-wrap\" data-name=\"your-empresa\"><input size=\"40\" maxlength=\"400\" class=\"wpcf7-form-control wpcf7-text wpcf7-validates-as-required\" aria-required=\"true\" aria-invalid=\"false\" placeholder=\"Empresa\" value=\"\" type=\"text\" name=\"your-empresa\" \/><\/span> <\/label><br \/>\n<label><span class=\"wpcf7-form-control-wrap\" data-name=\"your-sector\"><input size=\"40\" maxlength=\"400\" class=\"wpcf7-form-control wpcf7-text\" aria-invalid=\"false\" placeholder=\"Sector\" value=\"\" type=\"text\" name=\"your-sector\" \/><\/span> <\/label><br \/>\n<label><span class=\"wpcf7-form-control-wrap\" data-name=\"your-message\"><textarea cols=\"40\" rows=\"10\" maxlength=\"2000\" class=\"wpcf7-form-control wpcf7-textarea wpcf7-validates-as-required\" aria-required=\"true\" aria-invalid=\"false\" placeholder=\"Dinos qu\u00e9 necesitas\" name=\"your-message\"><\/textarea><\/span> <\/label><br \/>\n<label>C\u00f3mo nos has conocido:<span class=\"wpcf7-form-control-wrap\" data-name=\"menu-213\"><select class=\"wpcf7-form-control wpcf7-select wpcf7-validates-as-required\" aria-required=\"true\" aria-invalid=\"false\" name=\"menu-213\"><option value=\"\">&#8212;Por favor, elige una opci\u00f3n&#8212;<\/option><option value=\"B\u00fasqueda en Google.\">B\u00fasqueda en Google.<\/option><option value=\"Instagram\">Instagram<\/option><option value=\"Facebook\">Facebook<\/option><option value=\"Linkedin\">Linkedin<\/option><option value=\"Twitter\">Twitter<\/option><\/select><\/span><\/label>\n<\/p>\n<div class=\"form-consent\">\n\t<p style=\"font-size:14px;line-height: 1.2;margin-bottom:10px;\">TROY&MACCLURE, S.L. como responsable del tratamiento tratar\u00e1 tus datos con la finalidad de dar respuesta a tu consulta o petici\u00f3n. Puedes acceder, rectificar y suprimir tus datos, as\u00ed como ejercer otros derechos consultando la informaci\u00f3n adicional y detallada sobre protecci\u00f3n de datos en nuestra <a href=\"\/politica-de-privacidad\" target=\"_blank\">pol\u00edtica de privacidad<\/a>\n\t<\/p>\n\t<p><span class=\"wpcf7-form-control-wrap\" data-name=\"acepta-politica\"><span class=\"wpcf7-form-control wpcf7-acceptance\"><span class=\"wpcf7-list-item\"><label><input type=\"checkbox\" name=\"acepta-politica\" value=\"1\" aria-invalid=\"false\" \/><span class=\"wpcf7-list-item-label\">He le\u00eddo y acepto las condiciones contenidas en la <a href=\"\/politica-de-privacidad\" target=\"_blank\"> pol\u00edtica de privacidad<\/a> sobre el tratamiento de mis datos para gestionar mi consulta o petici\u00f3n.<\/span><\/label><\/span><\/span><\/span><br \/>\n<span class=\"wpcf7-form-control-wrap\" data-name=\"acepta-info-comercial\"><span class=\"wpcf7-form-control wpcf7-checkbox\"><span class=\"wpcf7-list-item first last\"><input type=\"checkbox\" name=\"acepta-info-comercial[]\" value=\"Nos gustar\u00eda que nos prestaras tu consentimiento para enviarte informaci\u00f3n comercial sobre los productos, servicios, novedades de TROY&amp;MACCLURE, S.L.\" \/><span class=\"wpcf7-list-item-label\">Nos gustar\u00eda que nos prestaras tu consentimiento para enviarte informaci\u00f3n comercial sobre los productos, servicios, novedades de TROY&amp;MACCLURE, S.L.<\/span><\/span><\/span><\/span>\n\t<\/p>\n<\/div>\n<p><input class=\"wpcf7-form-control wpcf7-submit has-spinner\" type=\"submit\" value=\"Enviar\" \/>\n<\/p>\n<input class=\"wpcf7-form-control wpcf7-hidden\" id=\"gaCookie\" value=\"\" type=\"hidden\" name=\"gaCookie\" \/>\n<input class=\"wpcf7-form-control wpcf7-hidden\" value=\"\" type=\"hidden\" name=\"ga_campaign\" \/>\n<input class=\"wpcf7-form-control wpcf7-hidden\" value=\"\" type=\"hidden\" name=\"ga_medium\" \/>\n<input class=\"wpcf7-form-control wpcf7-hidden\" value=\"\" type=\"hidden\" name=\"ga_source\" \/>\n<input class=\"wpcf7-form-control wpcf7-hidden\" value=\"\" type=\"hidden\" name=\"ga_content\" \/>\n<input class=\"wpcf7-form-control wpcf7-hidden\" value=\"\" type=\"hidden\" name=\"ga_keyword\" \/>\n<input class=\"wpcf7-form-control wpcf7-hidden\" value=\"\" type=\"hidden\" name=\"landing_page_fdc\" \/><div class=\"wpcf7-response-output\" aria-hidden=\"true\"><\/div>\n<\/form>\n<\/div>\n<\/div><\/div><\/div><\/section>\n<\/div>","protected":false},"excerpt":{"rendered":"Organitzar un esdeveniment corporatiu exit\u00f3s i d'impacte no \u00e9s una tasca senzilla ni a l'abast de totes les persones. A m\u00e9s de passi\u00f3 i habilitats, cal una planificaci\u00f3 meticulosa, una execuci\u00f3 impecable i el factor diferencial que aporta la creativitat. Governats per aquests pilars, a continuaci\u00f3 presentem 7 claus b\u00e0siques per fer que un esdeveniment d'empresa baixi el seu tel\u00f3 amb una \u00fanica paraula flotant a l'ambient: me-mo-ra-ble. Espai i ambient inspirador El lloc escollit per fer un esdeveniment juga un paper crucial en l'experi\u00e8ncia dels assistents. Ha de ser un espai amb car\u00e0cter i estil, que reflecteixi la identitat de l\u2019empresa i el prop\u00f2sit de l\u2019esdeveniment. Ja sigui un hotel ins\u00f2lit, un centre de convencions modern, un lloc hist\u00f2ric o un espai trencador i disruptiu, l'escenari visual ha de ser acollidor, estimulant i alineat amb l'objectiu de l'esdeveniment. A m\u00e9s, la disposici\u00f3 de l\u2019espai ha de fomentar la interacci\u00f3 i la comunicaci\u00f3 entre els participants. Tecnologia d'avantguarda Incorporar tecnologia avan\u00e7ada eleva el llist\u00f3 experiencial de qualsevol esdeveniment corporatiu. Des de presentacions multim\u00e8dia d'alta qualitat fins a sistemes de so impecables, fer servir la tecnologia adequada assegura que els missatges es transmetin de manera efectiva i atractiva. A m\u00e9s, l'\u00fas...","protected":false},"author":1,"featured_media":40572,"comment_status":"closed","ping_status":"closed","sticky":false,"template":"","format":"standard","meta":{"footnotes":""},"categories":[136],"tags":[],"class_list":["post-40576","post","type-post","status-publish","format-standard","has-post-thumbnail","hentry","category-blog-ca"],"_links":{"self":[{"href":"https:\/\/flandecoco.net\/ca\/wp-json\/wp\/v2\/posts\/40576","targetHints":{"allow":["GET"]}}],"collection":[{"href":"https:\/\/flandecoco.net\/ca\/wp-json\/wp\/v2\/posts"}],"about":[{"href":"https:\/\/flandecoco.net\/ca\/wp-json\/wp\/v2\/types\/post"}],"author":[{"embeddable":true,"href":"https:\/\/flandecoco.net\/ca\/wp-json\/wp\/v2\/users\/1"}],"replies":[{"embeddable":true,"href":"https:\/\/flandecoco.net\/ca\/wp-json\/wp\/v2\/comments?post=40576"}],"version-history":[{"count":2,"href":"https:\/\/flandecoco.net\/ca\/wp-json\/wp\/v2\/posts\/40576\/revisions"}],"predecessor-version":[{"id":40578,"href":"https:\/\/flandecoco.net\/ca\/wp-json\/wp\/v2\/posts\/40576\/revisions\/40578"}],"wp:featuredmedia":[{"embeddable":true,"href":"https:\/\/flandecoco.net\/ca\/wp-json\/wp\/v2\/media\/40572"}],"wp:attachment":[{"href":"https:\/\/flandecoco.net\/ca\/wp-json\/wp\/v2\/media?parent=40576"}],"wp:term":[{"taxonomy":"category","embeddable":true,"href":"https:\/\/flandecoco.net\/ca\/wp-json\/wp\/v2\/categories?post=40576"},{"taxonomy":"post_tag","embeddable":true,"href":"https:\/\/flandecoco.net\/ca\/wp-json\/wp\/v2\/tags?post=40576"}],"curies":[{"name":"wp","href":"https:\/\/api.w.org\/{rel}","templated":true}]}}