{"id":40449,"date":"2024-07-24T15:37:12","date_gmt":"2024-07-24T15:37:12","guid":{"rendered":"https:\/\/flandecoco.net\/?p=40449"},"modified":"2024-07-24T15:37:31","modified_gmt":"2024-07-24T15:37:31","slug":"disseny-grafic-i-cartelleria-olimpica-moments-dor","status":"publish","type":"post","link":"https:\/\/flandecoco.net\/ca\/blog-ca\/disseny-grafic-i-cartelleria-olimpica-moments-dor","title":{"rendered":"Disseny gr\u00e0fic i cartelleria ol\u00edmpica: moments d\u2019or"},"content":{"rendered":"<div class=\"wpb-content-wrapper\"><section class=\"vc_row wpb_row vc_row-fluid row-blog-interior\"><div class=\"wpb_column vc_column_container  col-xs-mobile-fullwidth\"><div class=\"vc_column-inner \"><div class=\"wpb_wrapper\"><div class=\"last-paragraph-no-margin\"><p><a href=\"https:\/\/olympics.com\/es\/noticias\/cenicientas-olimpicas-devon-harris-y-chris-stokes-equipo-jamaicano-bobsleigh\"><b>Gestes personals i col\u00b7lectives de pel\u00b7l\u00edcula<\/b><\/a><span style=\"font-weight: 400;\">, <\/span><a href=\"https:\/\/www.youtube.com\/watch?v=Ub0u_iTyTKc\"><b>moments ag\u00f2nics<\/b><\/a><span style=\"font-weight: 400;\">, <\/span><a href=\"https:\/\/www.marca.com\/deporte\/polideportivo\/50-aniversario-olimpiadas-mexico-1968\/black-power.html\"><b>reivindicatius<\/b> <\/a><span style=\"font-weight: 400;\"> i <\/span><a href=\"https:\/\/www.youtube.com\/watch?v=-1fmYFQmMY4\"><b>ic\u00f2nics<\/b><\/a><span style=\"font-weight: 400;\">. R\u00e8cords, drames, vert\u00edgens i emocions condensats en el major esdeveniment esportiu a nivell mundial que, cada quatre anys, reuneix els millors atletes del m\u00f3n per competir en una \u00e0mplia varietat de disciplines.<\/span><\/p>\n<p><span style=\"font-weight: 400;\">Molt m\u00e9s que un esdeveniment d&#8217;audi\u00e8ncies massives i facturaci\u00f3 marejant, els Jocs Ol\u00edmpics ofereixen un c\u00famul d&#8217;hist\u00f2ries humanes vehiculades per l&#8217;esport que tamb\u00e9 s\u00f3n Hist\u00f2ria del Disseny i la Cartelleria quan es fa un recorregut visual a trav\u00e9s dels seus impactants p\u00f2sters oficials.<\/span><\/p>\n<p><span style=\"font-weight: 400;\">Des del primer creat per a Estocolm 1912 a trav\u00e9s d&#8217;una competici\u00f3 d&#8217;art fins al m\u00e9s recent de Par\u00eds 2024, dissenyat per l&#8217;il\u00b7lustrador franc\u00e8s Ugo Gattoni recreant una ciutat fant\u00e0stica, acolorida i riqu\u00edssima en detalls,<\/span><\/p>\n<\/div>[vc_single_image image=&#8221;40432&#8243; img_size=&#8221;full&#8221;]<div class=\"last-paragraph-no-margin\"><p><span style=\"font-weight: 400;\">els cartells de cadascuna de les edicions s\u00f3n una mostra excel\u00b7lent de l&#8217;evoluci\u00f3 que ha tingut el Disseny Gr\u00e0fic al llarg de les d\u00e8cades. Una visita guiada que limitarem als Jocs d&#8217;Estiu i comen\u00e7arem al Montreal de <\/span><a href=\"https:\/\/www.esquire.com\/es\/actualidad\/a28394198\/nadia-comaneci-10-montreal\/\"><b>10 per a Nadia Comaneci<\/b><\/a><span style=\"font-weight: 400;\">, per all\u00f2 de no acabar confonent, per saturaci\u00f3, anells ol\u00edmpics amb donuts o hula-hops.<\/span><\/p>\n<\/div>[vc_single_image image=&#8221;40436&#8243; img_size=&#8221;full&#8221;]<div class=\"last-paragraph-no-margin\"><p><span style=\"font-weight: 400;\">Los Angeles 84 trenca amb la formalitat ol\u00edmpicament geom\u00e8trica dels dissenys anteriors presentant una proposta fresca, exuberant i acolorida de forta vinculaci\u00f3 amb el Pac\u00edfic i l&#8217;esperit festivaler dels anys 80. El <\/span><a href=\"https:\/\/historiasdelatletismo.wordpress.com\/2023\/01\/29\/los-angeles-1984-los-juegos-de-carl-lewis\/\"><b>Fill del Vent<\/b><\/a><span style=\"font-weight: 400;\">, Carl Lewis, ho petaria igualant a Jesse Owens.<\/span><\/p>\n<\/div>[vc_single_image image=&#8221;40430&#8243; img_size=&#8221;full&#8221;]<div class=\"last-paragraph-no-margin\"><p><span style=\"font-weight: 400;\">Se\u00fcl va apostar, mitjan\u00e7ant t\u00e8cniques gr\u00e0fiques per ordinador, per una forma figurativa brillant com a representaci\u00f3 de l&#8217;ideal ol\u00edmpic de portar la pau al m\u00f3n. L&#8217;ideal d&#8217;un esport pac\u00edficament net va deixar <\/span><a href=\"https:\/\/www.runnersworld.com\/es\/noticias-running\/a45308391\/ben-johnson-positivo-dopaje-juegos-olimpicos-seul-1988\/\"><b>Ben Johnson<\/b><\/a><span style=\"font-weight: 400;\">, 72 hores despr\u00e9s, compost i sense or. Barcelona&#8217;92 va escollir donar protagonisme a l&#8217;emblema dissenyat per Josep M. Tr\u00edas que suggeria un atleta saltant l&#8217;obstacle dels anells ol\u00edmpics.<\/span><\/p>\n<\/div>[vc_single_image image=&#8221;40426&#8243; img_size=&#8221;full&#8221;]<div class=\"last-paragraph-no-margin\"><p><span style=\"font-weight: 400;\">Elements cl\u00e0ssics definits des de solucions de disseny modern van governar els cartells d&#8217;Atlanta i Atenes, encara m\u00e9s coherent en el cas de la capital grega en commemorar-se la tornada al seu pa\u00eds del seu naixement 108 anys despr\u00e9s que se celebressin els primers Jocs de l&#8217;era moderna. El de Sidney 2000 aconsegueix plasmar un atleta-torxa des d&#8217;elements 100% australians com el bumerang, el sol i les roques. <\/span><\/p>\n<\/div>[vc_single_image image=&#8221;40429&#8243; img_size=&#8221;full&#8221;]<div class=\"last-paragraph-no-margin\"><p><span style=\"font-weight: 400;\">Pequ\u00edn va combinar intel\u00b7ligentment el segell xin\u00e8s i l&#8217;art de la cal\u00b7ligrafia amb caracter\u00edstiques esportives, transformant els elements en una figura humana que corre cap endavant i abra\u00e7a el triomf. <\/span><a href=\"https:\/\/olympics.com\/es\/video\/michael-phelps-logra-la-cifra-record-de-8-medalles-de-oro-en-pekin\"><b>Phelps<\/b><\/a><span style=\"font-weight: 400;\">\u00a0el va abra\u00e7ar des de l\u2019aigua pesvant fins a 8 ors. El cartell de Londres, obra de l&#8217;artista Rachel Whiteread, trenca amb tot aix\u00f2 no integrant ciutat ni pa\u00eds i s\u00ed, en canvi, anells ol\u00edmpics que semblen les marques que deixen els gots sobre una taula com a f\u00f3rmula per remarcar el car\u00e0cter eminentment social del esdeveniment.<\/span><\/p>\n<\/div>[vc_single_image image=&#8221;40438&#8243; img_size=&#8221;full&#8221;]<div class=\"last-paragraph-no-margin\"><p><span style=\"font-weight: 400;\">La uni\u00f3 de diversitat, naturalesa exuberant, energia contagiosa i esperit ol\u00edmpic van protagonitzar el p\u00f2ster de Rio 2016. Una soluci\u00f3 gr\u00e0fica tan colorista, harm\u00f2nica i magistral en les formes com a <\/span><a href=\"https:\/\/www.20minutos.es\/deportes\/noticia\/4771358\/0\/juegos-olimpicos-rio-2016-historia\/\"><b>ca\u00f2tica<\/b><\/a><span style=\"font-weight: 400;\">\u00a0va resultar l&#8217;organitzaci\u00f3 dels Jocs. A T\u00f2quio 2021 al blau indigo i les formes rectangulars unides en cercle volia reivindicar la uni\u00f3 per a la diversitat que \u00e9s un dels leitmotivs de l&#8217;esdeveniment.<\/span><\/p>\n<p><span style=\"font-weight: 400;\">Un recorregut express d&#8217;art, disseny i cartelleria ol\u00edmpica que reflecteix alguna de les tend\u00e8ncies, aven\u00e7os i t\u00e8cniques emprades a l&#8217;\u00faltim mig segle. I un excel\u00b7lent aperitiu per comen\u00e7ar a gaudir, siguis o no fan de l&#8217;esport, de les petites hist\u00f2ries que ens deixaran els Jocs Ol\u00edmpics de Par\u00eds 2024. Bon app\u00e9tit!<\/span><\/p>\n<p><span style=\"font-weight: 400;\">L&#8217;expertise FlandeCoco en Disseny Gr\u00e0fic, unit als gaireb\u00e9 20 anys gestionant la Publicitat i la Comunicaci\u00f3 d&#8217;empreses i negocis de <\/span><a href=\"https:\/\/flandecoco.net\/ca\/els-nostres-clients\"><b>tots els espectres econ\u00f2mics<\/b><\/a><span style=\"font-weight: 400;\">, ens acrediten com un col\u00b7laborador d&#8217;\u00e8xit per afrontar els reptes de les marques que aposten per ser hist\u00f2ria des d&#8217;una imatge coherent, impactant i distintiva.<\/span><\/p>\n<p><span style=\"font-weight: 400;\">F\u00f3rmules de <\/span><a href=\"https:\/\/flandecoco.net\/ca\/serveis\"><b>M\u00e0rqueting i la Comunicaci\u00f3<\/b><\/a><span style=\"font-weight: 400;\">, a la mida de cada empresa, necessitats i pressupost, als quals et pots aproximar una mica visitant la nostra <\/span><a href=\"https:\/\/flandecoco.net\/ca\"><b>web<\/b><\/a><span style=\"font-weight: 400;\">. Si vols informaci\u00f3 addicional per a la teva empresa o negoci, o con\u00e8ixer altres detalls sobre com podem ajudar-lo, omple el seg\u00fcent formulari i a FlandeCoco r\u00e0pidament et donarem resposta.<\/span><\/p>\n<\/div>\n<div class=\"wpcf7 no-js\" id=\"wpcf7-f6-o1\" lang=\"es-ES\" dir=\"ltr\" data-wpcf7-id=\"6\">\n<div class=\"screen-reader-response\"><p role=\"status\" aria-live=\"polite\" aria-atomic=\"true\"><\/p> <ul><\/ul><\/div>\n<form action=\"\/ca\/wp-json\/wp\/v2\/posts\/40449#wpcf7-f6-o1\" method=\"post\" class=\"wpcf7-form init\" aria-label=\"Formulario de contacto\" novalidate=\"novalidate\" data-status=\"init\">\n<fieldset class=\"hidden-fields-container\"><input type=\"hidden\" name=\"_wpcf7\" value=\"6\" \/><input type=\"hidden\" name=\"_wpcf7_version\" value=\"6.1.5\" \/><input type=\"hidden\" name=\"_wpcf7_locale\" value=\"es_ES\" \/><input type=\"hidden\" name=\"_wpcf7_unit_tag\" value=\"wpcf7-f6-o1\" \/><input type=\"hidden\" name=\"_wpcf7_container_post\" value=\"0\" \/><input type=\"hidden\" name=\"_wpcf7_posted_data_hash\" value=\"\" \/><input type=\"hidden\" name=\"_wpcf7_recaptcha_response\" value=\"\" \/>\n<\/fieldset>\n<p><label><span class=\"wpcf7-form-control-wrap\" data-name=\"your-name\"><input size=\"40\" maxlength=\"400\" class=\"wpcf7-form-control wpcf7-text wpcf7-validates-as-required\" aria-required=\"true\" aria-invalid=\"false\" placeholder=\"Nombre y Apellidos\" value=\"\" type=\"text\" name=\"your-name\" \/><\/span> <\/label><br \/>\n<label><span class=\"wpcf7-form-control-wrap\" data-name=\"your-email\"><input size=\"40\" maxlength=\"400\" class=\"wpcf7-form-control wpcf7-email wpcf7-validates-as-required wpcf7-text wpcf7-validates-as-email\" aria-required=\"true\" aria-invalid=\"false\" placeholder=\"Email\" value=\"\" type=\"email\" name=\"your-email\" \/><\/span> <\/label><br \/>\n<label> <span class=\"wpcf7-form-control-wrap\" data-name=\"your-tel\"><input size=\"40\" maxlength=\"400\" class=\"wpcf7-form-control wpcf7-tel wpcf7-validates-as-required wpcf7-text wpcf7-validates-as-tel\" aria-required=\"true\" aria-invalid=\"false\" placeholder=\"Tel\u00e9fono\" value=\"\" type=\"tel\" name=\"your-tel\" \/><\/span> <\/label><br \/>\n<label><span class=\"wpcf7-form-control-wrap\" data-name=\"your-empresa\"><input size=\"40\" maxlength=\"400\" class=\"wpcf7-form-control wpcf7-text wpcf7-validates-as-required\" aria-required=\"true\" aria-invalid=\"false\" placeholder=\"Empresa\" value=\"\" type=\"text\" name=\"your-empresa\" \/><\/span> <\/label><br \/>\n<label><span class=\"wpcf7-form-control-wrap\" data-name=\"your-sector\"><input size=\"40\" maxlength=\"400\" class=\"wpcf7-form-control wpcf7-text\" aria-invalid=\"false\" placeholder=\"Sector\" value=\"\" type=\"text\" name=\"your-sector\" \/><\/span> <\/label><br \/>\n<label><span class=\"wpcf7-form-control-wrap\" data-name=\"your-message\"><textarea cols=\"40\" rows=\"10\" maxlength=\"2000\" class=\"wpcf7-form-control wpcf7-textarea wpcf7-validates-as-required\" aria-required=\"true\" aria-invalid=\"false\" placeholder=\"Dinos qu\u00e9 necesitas\" name=\"your-message\"><\/textarea><\/span> <\/label><br \/>\n<label>C\u00f3mo nos has conocido:<span class=\"wpcf7-form-control-wrap\" data-name=\"menu-213\"><select class=\"wpcf7-form-control wpcf7-select wpcf7-validates-as-required\" aria-required=\"true\" aria-invalid=\"false\" name=\"menu-213\"><option value=\"\">&#8212;Por favor, elige una opci\u00f3n&#8212;<\/option><option value=\"B\u00fasqueda en Google.\">B\u00fasqueda en Google.<\/option><option value=\"Instagram\">Instagram<\/option><option value=\"Facebook\">Facebook<\/option><option value=\"Linkedin\">Linkedin<\/option><option value=\"Twitter\">Twitter<\/option><\/select><\/span><\/label>\n<\/p>\n<div class=\"form-consent\">\n\t<p style=\"font-size:14px;line-height: 1.2;margin-bottom:10px;\">TROY&MACCLURE, S.L. como responsable del tratamiento tratar\u00e1 tus datos con la finalidad de dar respuesta a tu consulta o petici\u00f3n. Puedes acceder, rectificar y suprimir tus datos, as\u00ed como ejercer otros derechos consultando la informaci\u00f3n adicional y detallada sobre protecci\u00f3n de datos en nuestra <a href=\"\/politica-de-privacidad\" target=\"_blank\">pol\u00edtica de privacidad<\/a>\n\t<\/p>\n\t<p><span class=\"wpcf7-form-control-wrap\" data-name=\"acepta-politica\"><span class=\"wpcf7-form-control wpcf7-acceptance\"><span class=\"wpcf7-list-item\"><label><input type=\"checkbox\" name=\"acepta-politica\" value=\"1\" aria-invalid=\"false\" \/><span class=\"wpcf7-list-item-label\">He le\u00eddo y acepto las condiciones contenidas en la <a href=\"\/politica-de-privacidad\" target=\"_blank\"> pol\u00edtica de privacidad<\/a> sobre el tratamiento de mis datos para gestionar mi consulta o petici\u00f3n.<\/span><\/label><\/span><\/span><\/span><br \/>\n<span class=\"wpcf7-form-control-wrap\" data-name=\"acepta-info-comercial\"><span class=\"wpcf7-form-control wpcf7-checkbox\"><span class=\"wpcf7-list-item first last\"><input type=\"checkbox\" name=\"acepta-info-comercial[]\" value=\"Nos gustar\u00eda que nos prestaras tu consentimiento para enviarte informaci\u00f3n comercial sobre los productos, servicios, novedades de TROY&amp;MACCLURE, S.L.\" \/><span class=\"wpcf7-list-item-label\">Nos gustar\u00eda que nos prestaras tu consentimiento para enviarte informaci\u00f3n comercial sobre los productos, servicios, novedades de TROY&amp;MACCLURE, S.L.<\/span><\/span><\/span><\/span>\n\t<\/p>\n<\/div>\n<p><input class=\"wpcf7-form-control wpcf7-submit has-spinner\" type=\"submit\" value=\"Enviar\" \/>\n<\/p>\n<input class=\"wpcf7-form-control wpcf7-hidden\" id=\"gaCookie\" value=\"\" type=\"hidden\" name=\"gaCookie\" \/>\n<input class=\"wpcf7-form-control wpcf7-hidden\" value=\"\" type=\"hidden\" name=\"ga_campaign\" \/>\n<input class=\"wpcf7-form-control wpcf7-hidden\" value=\"\" type=\"hidden\" name=\"ga_medium\" \/>\n<input class=\"wpcf7-form-control wpcf7-hidden\" value=\"\" type=\"hidden\" name=\"ga_source\" \/>\n<input class=\"wpcf7-form-control wpcf7-hidden\" value=\"\" type=\"hidden\" name=\"ga_content\" \/>\n<input class=\"wpcf7-form-control wpcf7-hidden\" value=\"\" type=\"hidden\" name=\"ga_keyword\" \/>\n<input class=\"wpcf7-form-control wpcf7-hidden\" value=\"\" type=\"hidden\" name=\"landing_page_fdc\" \/><div class=\"wpcf7-response-output\" aria-hidden=\"true\"><\/div>\n<\/form>\n<\/div>\n<\/div><\/div><\/div><\/section>\n<\/div>","protected":false},"excerpt":{"rendered":"Gestes personals i col\u00b7lectives de pel\u00b7l\u00edcula, moments ag\u00f2nics, reivindicatius i ic\u00f2nics. R\u00e8cords, drames, vert\u00edgens i emocions condensats en el major esdeveniment esportiu a nivell mundial que, cada quatre anys, reuneix els millors atletes del m\u00f3n per competir en una \u00e0mplia varietat de disciplines. Molt m\u00e9s que un esdeveniment d'audi\u00e8ncies massives i facturaci\u00f3 marejant, els Jocs Ol\u00edmpics ofereixen un c\u00famul d'hist\u00f2ries humanes vehiculades per l'esport que tamb\u00e9 s\u00f3n Hist\u00f2ria del Disseny i la Cartelleria quan es fa un recorregut visual a trav\u00e9s dels seus impactants p\u00f2sters oficials. Des del primer creat per a Estocolm 1912 a trav\u00e9s d'una competici\u00f3 d'art fins al m\u00e9s recent de Par\u00eds 2024, dissenyat per l'il\u00b7lustrador franc\u00e8s Ugo Gattoni recreant una ciutat fant\u00e0stica, acolorida i riqu\u00edssima en detalls, [vc_single_image image=\"40432\" img_size=\"full\"]els cartells de cadascuna de les edicions s\u00f3n una mostra excel\u00b7lent de l'evoluci\u00f3 que ha tingut el Disseny Gr\u00e0fic al llarg de les d\u00e8cades. Una visita guiada que limitarem als Jocs d'Estiu i comen\u00e7arem al Montreal de 10 per a Nadia Comaneci, per all\u00f2 de no acabar confonent, per saturaci\u00f3, anells ol\u00edmpics amb donuts o hula-hops. [vc_single_image image=\"40436\" img_size=\"full\"]Los Angeles 84 trenca amb la formalitat ol\u00edmpicament geom\u00e8trica dels dissenys anteriors presentant una proposta fresca, exuberant i acolorida...","protected":false},"author":1,"featured_media":40435,"comment_status":"closed","ping_status":"closed","sticky":false,"template":"","format":"standard","meta":{"footnotes":""},"categories":[136],"tags":[],"class_list":["post-40449","post","type-post","status-publish","format-standard","has-post-thumbnail","hentry","category-blog-ca"],"_links":{"self":[{"href":"https:\/\/flandecoco.net\/ca\/wp-json\/wp\/v2\/posts\/40449","targetHints":{"allow":["GET"]}}],"collection":[{"href":"https:\/\/flandecoco.net\/ca\/wp-json\/wp\/v2\/posts"}],"about":[{"href":"https:\/\/flandecoco.net\/ca\/wp-json\/wp\/v2\/types\/post"}],"author":[{"embeddable":true,"href":"https:\/\/flandecoco.net\/ca\/wp-json\/wp\/v2\/users\/1"}],"replies":[{"embeddable":true,"href":"https:\/\/flandecoco.net\/ca\/wp-json\/wp\/v2\/comments?post=40449"}],"version-history":[{"count":1,"href":"https:\/\/flandecoco.net\/ca\/wp-json\/wp\/v2\/posts\/40449\/revisions"}],"predecessor-version":[{"id":40450,"href":"https:\/\/flandecoco.net\/ca\/wp-json\/wp\/v2\/posts\/40449\/revisions\/40450"}],"wp:featuredmedia":[{"embeddable":true,"href":"https:\/\/flandecoco.net\/ca\/wp-json\/wp\/v2\/media\/40435"}],"wp:attachment":[{"href":"https:\/\/flandecoco.net\/ca\/wp-json\/wp\/v2\/media?parent=40449"}],"wp:term":[{"taxonomy":"category","embeddable":true,"href":"https:\/\/flandecoco.net\/ca\/wp-json\/wp\/v2\/categories?post=40449"},{"taxonomy":"post_tag","embeddable":true,"href":"https:\/\/flandecoco.net\/ca\/wp-json\/wp\/v2\/tags?post=40449"}],"curies":[{"name":"wp","href":"https:\/\/api.w.org\/{rel}","templated":true}]}}