{"id":39947,"date":"2024-05-16T12:11:50","date_gmt":"2024-05-16T12:11:50","guid":{"rendered":"https:\/\/flandecoco.net\/?p=39947"},"modified":"2024-05-16T12:11:50","modified_gmt":"2024-05-16T12:11:50","slug":"season-es-vesteix-en-sabor-primavera-estiu","status":"publish","type":"post","link":"https:\/\/flandecoco.net\/ca\/noticies\/season-es-vesteix-en-sabor-primavera-estiu","title":{"rendered":"Season es vesteix en sabor primavera-estiu"},"content":{"rendered":"<div class=\"wpb-content-wrapper\"><section class=\"vc_row wpb_row vc_row-fluid row-blog-interior  vc_row-o-content-middle vc_row-flex\"><div class=\"wpb_column vc_column_container vc_col-sm-12  col-xs-mobile-fullwidth\"><div class=\"vc_column-inner \"><div class=\"wpb_wrapper\"><div class=\"p-blog-fluido last-paragraph-no-margin\"><p><span style=\"font-weight: 400;\">Quan hi ha una proposta gastron\u00f2mica creativa i diferencial, estr\u00e8nyer vincles amb prescriptors digitals de l&#8217;univers foodie i del lifestyle no requereix de laboriosos esfor\u00e7os organitzatius. Quan hi ha una proposta experiencial i distintiva com la de <\/span><a href=\"https:\/\/www.seasonrestaurante.es\/\"><b>Season Tapas Restaurante<\/b><\/a><span style=\"font-weight: 400;\">, presentar en un doble esdeveniment la seva carta de primavera-estiu a un nodrit grup de creadors de contingut \u00e9s sin\u00f2nim d&#8217;\u00e8xit.<\/span><\/p>\n<p><span style=\"font-weight: 400;\">I \u00e8xit en convocat\u00f2ria i en grau de satisfacci\u00f3 va ser la doble presentaci\u00f3 de la <\/span><a href=\"https:\/\/www.seasonrestaurante.es\/carta-temporada\/\"><b>nova proposta <\/b><\/a><span style=\"font-weight: 400;\">de l&#8217;espai de l&#8217;Eixample barcelon\u00ed per als dies m\u00e9s dol\u00e7os de l&#8217;any. Un microesdeveniment organitzat pels equips de <\/span><a href=\"https:\/\/flandecoco.net\/servicios\/marketing\"><b>M\u00e0rqueting<\/b><\/a><span style=\"font-weight: 400;\">\u00a0i Comunicaci\u00f3 de FlandeCoco, ideat per multiplicar el coneixement de la marca Season entre el seu target objectiu d&#8217;usuaris a les diferents plataformes socials.<\/span><\/p>\n<p><span style=\"font-weight: 400;\">Una primera jornada dedicada a alguns dels foodies m\u00e9s rellevants de la ciutat comtal on van destacar l&#8217;efecte guau del canel\u00f3 de pularda amb suau beixamel, la costella de porc Duroc glacejada al Josper o l&#8217;explosi\u00f3 de sabors i textures de la terrina de pollastre de foie amb rossinyols a la crema de Pedro Xim\u00e9nez.<\/span><\/p>\n<\/div>[vc_single_image image=&#8221;39940&#8243; img_size=&#8221;full&#8221;]<div class=\"p-blog-fluido last-paragraph-no-margin\"><p><span style=\"font-weight: 400;\">Una cuina de fusi\u00f3, sensacions i respecte m\u00e0xim pel producte de temporada, que des de la seva aposta per la for\u00e7a de l&#8217;experi\u00e8ncia en tots i cadascun dels seus plats, tamb\u00e9 va enamorar els creadors de contingut sobre lifestyle convocats a la segona jornada.<\/span><\/p>\n<p><span style=\"font-weight: 400;\">La nova carta, de sorprenent fusi\u00f3 entre cuina mediterr\u00e0nia i fogons m\u00e9s llunyans, va captivar amb la solvent pres\u00e8ncia d&#8217;opcions veganes, entre les quals van emergir la tempura de cabdell de Tudela al coco amb emulsi\u00f3 de sweet chilly i el risotto d&#8217;arr\u00f2s carnaroli als espinacs i la carbassa rostida.<\/span><\/p>\n<p><span style=\"font-weight: 400;\">A l&#8217;apartat de les postres, tant el Baba al rom amb cremosos de xocolata caramella com la Tatin de pr\u00e9ssec amb gelat d&#8217;orxata van fer les del\u00edcies del proactiu grup de comensals.<\/span><\/p>\n<\/div>[vc_single_image image=&#8221;39942&#8243; img_size=&#8221;full&#8221;]<div class=\"p-blog-fluido last-paragraph-no-margin\"><p><span style=\"font-weight: 400;\">Un doble esdeveniment, \u00e0mpliament dif\u00f3s als seus potents Social Media, que va cam\u00ed de convertir-se en una tradici\u00f3 del calendari a cada canvi de carta dels amics de Season Tapas. Un esdeveniment doble d&#8217;estr\u00e8nyer vincles des d&#8217;una proposta d&#8217;excel\u00b7l\u00e8ncia amb prescriptors de qualitat i m\u00fascul comunitari.<\/span><\/p>\n<p><span style=\"font-weight: 400;\">Pots accedir a altres continguts relacionats amb el dia a dia de FlandeCoco visitant les <\/span><a href=\"https:\/\/flandecoco.net\/breaking-news\"><b>Breaking News flaneres<\/b><\/a><span style=\"font-weight: 400;\">\u00a0o, si ets fan de l&#8217;univers de la Publicitat i Comunicaci\u00f3, fent clic als interessants continguts del nostre <\/span><a href=\"https:\/\/flandecoco.net\/blog\"><b>Blog<\/b> <\/a><span style=\"font-weight: 400;\"> corporatiu.<\/span><\/p>\n<p><span style=\"font-weight: 400;\">Si necessites un partner de proximitat, rigor i experi\u00e8ncia multisectorial per als teus desafiaments publicitaris, omple el seg\u00fcent formulari i r\u00e0pidament et donarem resposta.<\/span><\/p>\n<\/div>\n<div class=\"wpcf7 no-js\" id=\"wpcf7-f23482-o1\" lang=\"es-ES\" dir=\"ltr\" data-wpcf7-id=\"23482\">\n<div class=\"screen-reader-response\"><p role=\"status\" aria-live=\"polite\" aria-atomic=\"true\"><\/p> <ul><\/ul><\/div>\n<form action=\"\/ca\/wp-json\/wp\/v2\/posts\/39947#wpcf7-f23482-o1\" method=\"post\" class=\"wpcf7-form init\" aria-label=\"Formulario de contacto\" novalidate=\"novalidate\" data-status=\"init\">\n<fieldset class=\"hidden-fields-container\"><input type=\"hidden\" name=\"_wpcf7\" value=\"23482\" \/><input type=\"hidden\" name=\"_wpcf7_version\" value=\"6.1.5\" \/><input type=\"hidden\" name=\"_wpcf7_locale\" value=\"es_ES\" \/><input type=\"hidden\" name=\"_wpcf7_unit_tag\" value=\"wpcf7-f23482-o1\" \/><input type=\"hidden\" name=\"_wpcf7_container_post\" value=\"0\" \/><input type=\"hidden\" name=\"_wpcf7_posted_data_hash\" value=\"\" \/><input type=\"hidden\" name=\"_wpcf7_recaptcha_response\" value=\"\" \/>\n<\/fieldset>\n<p><label><span class=\"wpcf7-form-control-wrap\" data-name=\"your-name\"><input size=\"40\" maxlength=\"400\" class=\"wpcf7-form-control wpcf7-text wpcf7-validates-as-required\" aria-required=\"true\" aria-invalid=\"false\" placeholder=\"Nom i Cognoms\" value=\"\" type=\"text\" name=\"your-name\" \/><\/span> <\/label><br \/>\n<label><span class=\"wpcf7-form-control-wrap\" data-name=\"your-email\"><input size=\"40\" maxlength=\"400\" class=\"wpcf7-form-control wpcf7-email wpcf7-validates-as-required wpcf7-text wpcf7-validates-as-email\" aria-required=\"true\" aria-invalid=\"false\" placeholder=\"Email\" value=\"\" type=\"email\" name=\"your-email\" \/><\/span> <\/label><br \/>\n<label><span class=\"wpcf7-form-control-wrap\" data-name=\"your-empresa\"><input size=\"40\" maxlength=\"400\" class=\"wpcf7-form-control wpcf7-text wpcf7-validates-as-required\" aria-required=\"true\" aria-invalid=\"false\" placeholder=\"Empresa\" value=\"\" type=\"text\" name=\"your-empresa\" \/><\/span> <\/label><br \/>\n<label><span class=\"wpcf7-form-control-wrap\" data-name=\"your-tel\"><input size=\"40\" maxlength=\"400\" class=\"wpcf7-form-control wpcf7-tel wpcf7-validates-as-required wpcf7-text wpcf7-validates-as-tel\" aria-required=\"true\" aria-invalid=\"false\" placeholder=\"Tel\u00e8fon\" value=\"\" type=\"tel\" name=\"your-tel\" \/><\/span> <\/label><br \/>\n<label><span class=\"wpcf7-form-control-wrap\" data-name=\"your-sector\"><input size=\"40\" maxlength=\"400\" class=\"wpcf7-form-control wpcf7-text\" aria-invalid=\"false\" placeholder=\"Sector\" value=\"\" type=\"text\" name=\"your-sector\" \/><\/span> <\/label><br \/>\n<label><span class=\"wpcf7-form-control-wrap\" data-name=\"your-message\"><textarea cols=\"40\" rows=\"10\" maxlength=\"2000\" class=\"wpcf7-form-control wpcf7-textarea wpcf7-validates-as-required\" aria-required=\"true\" aria-invalid=\"false\" placeholder=\"Digues-nos qu\u00e8 necessites\" name=\"your-message\"><\/textarea><\/span> <\/label><br \/>\n<label>Com ens has conegut:<span class=\"wpcf7-form-control-wrap\" data-name=\"menu-660\"><select class=\"wpcf7-form-control wpcf7-select wpcf7-validates-as-required\" aria-required=\"true\" aria-invalid=\"false\" name=\"menu-660\"><option value=\"\">&#8212;Por favor, elige una opci\u00f3n&#8212;<\/option><option value=\"Cerca a Google\">Cerca a Google<\/option><option value=\"Instagram\">Instagram<\/option><option value=\"Facebook\">Facebook<\/option><option value=\"Linkedin\">Linkedin<\/option><option value=\"Twitter\">Twitter<\/option><\/select><\/span><\/label>\n<\/p>\n<div class=\"form-consent\">\n\t<p><span class=\"wpcf7-form-control-wrap\" data-name=\"acepta-politica\"><span class=\"wpcf7-form-control wpcf7-acceptance\"><span class=\"wpcf7-list-item\"><label><input type=\"checkbox\" name=\"acepta-politica\" value=\"1\" aria-invalid=\"false\" \/><span class=\"wpcf7-list-item-label\">He llegit i accepto les condicions contingudes en la <a href=\"\/politica-de-privacidad\" target=\"_blank\">pol\u00edtica de privacitat<\/a> sobre el tractament de les meves dades per a gestionar la meva consulta o petici\u00f3.<\/span><\/label><\/span><\/span><\/span><br \/>\n<span class=\"wpcf7-form-control-wrap\" data-name=\"acepta-info-comercial\"><span class=\"wpcf7-form-control wpcf7-checkbox\"><span class=\"wpcf7-list-item first last\"><input type=\"checkbox\" name=\"acepta-info-comercial[]\" value=\"Ens agradaria que ens prestessis el teu consentiment per a enviar-te informaci\u00f3 comercial sobre els productes, serveis, novetats de TROY&amp;MACCLURE, S.L.\" \/><span class=\"wpcf7-list-item-label\">Ens agradaria que ens prestessis el teu consentiment per a enviar-te informaci\u00f3 comercial sobre els productes, serveis, novetats de TROY&amp;MACCLURE, S.L.<\/span><\/span><\/span><\/span>\n\t<\/p>\n<\/div>\n<p><input class=\"wpcf7-form-control wpcf7-submit has-spinner\" type=\"submit\" value=\"Enviar\" \/>\n<\/p>\n<input class=\"wpcf7-form-control wpcf7-hidden\" id=\"gaCookie\" value=\"\" type=\"hidden\" name=\"gaCookie\" \/>\n<input class=\"wpcf7-form-control wpcf7-hidden\" value=\"\" type=\"hidden\" name=\"ga_campaign\" \/>\n<input class=\"wpcf7-form-control wpcf7-hidden\" value=\"\" type=\"hidden\" name=\"ga_medium\" \/>\n<input class=\"wpcf7-form-control wpcf7-hidden\" value=\"\" type=\"hidden\" name=\"ga_source\" \/>\n<input class=\"wpcf7-form-control wpcf7-hidden\" value=\"\" type=\"hidden\" name=\"ga_content\" \/>\n<input class=\"wpcf7-form-control wpcf7-hidden\" value=\"\" type=\"hidden\" name=\"ga_keyword\" \/>\n<input class=\"wpcf7-form-control wpcf7-hidden\" value=\"\" type=\"hidden\" name=\"landing_page_fdc\" \/><div class=\"wpcf7-response-output\" aria-hidden=\"true\"><\/div>\n<\/form>\n<\/div>\n<\/div><\/div><\/div><\/section>\n<\/div>","protected":false},"excerpt":{"rendered":"Quan hi ha una proposta gastron\u00f2mica creativa i diferencial, estr\u00e8nyer vincles amb prescriptors digitals de l'univers foodie i del lifestyle no requereix de laboriosos esfor\u00e7os organitzatius. Quan hi ha una proposta experiencial i distintiva com la de Season Tapas Restaurante, presentar en un doble esdeveniment la seva carta de primavera-estiu a un nodrit grup de creadors de contingut \u00e9s sin\u00f2nim d'\u00e8xit. I \u00e8xit en convocat\u00f2ria i en grau de satisfacci\u00f3 va ser la doble presentaci\u00f3 de la nova proposta de l'espai de l'Eixample barcelon\u00ed per als dies m\u00e9s dol\u00e7os de l'any. Un microesdeveniment organitzat pels equips de M\u00e0rqueting\u00a0i Comunicaci\u00f3 de FlandeCoco, ideat per multiplicar el coneixement de la marca Season entre el seu target objectiu d'usuaris a les diferents plataformes socials. Una primera jornada dedicada a alguns dels foodies m\u00e9s rellevants de la ciutat comtal on van destacar l'efecte guau del canel\u00f3 de pularda amb suau beixamel, la costella de porc Duroc glacejada al Josper o l'explosi\u00f3 de sabors i textures de la terrina de pollastre de foie amb rossinyols a la crema de Pedro Xim\u00e9nez. [vc_single_image image=\"39940\" img_size=\"full\"]Una cuina de fusi\u00f3, sensacions i respecte m\u00e0xim pel producte de temporada, que des de la seva aposta per la for\u00e7a de...","protected":false},"author":1,"featured_media":39945,"comment_status":"closed","ping_status":"closed","sticky":false,"template":"","format":"standard","meta":{"footnotes":""},"categories":[137],"tags":[],"class_list":["post-39947","post","type-post","status-publish","format-standard","has-post-thumbnail","hentry","category-noticies"],"_links":{"self":[{"href":"https:\/\/flandecoco.net\/ca\/wp-json\/wp\/v2\/posts\/39947","targetHints":{"allow":["GET"]}}],"collection":[{"href":"https:\/\/flandecoco.net\/ca\/wp-json\/wp\/v2\/posts"}],"about":[{"href":"https:\/\/flandecoco.net\/ca\/wp-json\/wp\/v2\/types\/post"}],"author":[{"embeddable":true,"href":"https:\/\/flandecoco.net\/ca\/wp-json\/wp\/v2\/users\/1"}],"replies":[{"embeddable":true,"href":"https:\/\/flandecoco.net\/ca\/wp-json\/wp\/v2\/comments?post=39947"}],"version-history":[{"count":1,"href":"https:\/\/flandecoco.net\/ca\/wp-json\/wp\/v2\/posts\/39947\/revisions"}],"predecessor-version":[{"id":39948,"href":"https:\/\/flandecoco.net\/ca\/wp-json\/wp\/v2\/posts\/39947\/revisions\/39948"}],"wp:featuredmedia":[{"embeddable":true,"href":"https:\/\/flandecoco.net\/ca\/wp-json\/wp\/v2\/media\/39945"}],"wp:attachment":[{"href":"https:\/\/flandecoco.net\/ca\/wp-json\/wp\/v2\/media?parent=39947"}],"wp:term":[{"taxonomy":"category","embeddable":true,"href":"https:\/\/flandecoco.net\/ca\/wp-json\/wp\/v2\/categories?post=39947"},{"taxonomy":"post_tag","embeddable":true,"href":"https:\/\/flandecoco.net\/ca\/wp-json\/wp\/v2\/tags?post=39947"}],"curies":[{"name":"wp","href":"https:\/\/api.w.org\/{rel}","templated":true}]}}