{"id":39937,"date":"2024-05-16T12:00:30","date_gmt":"2024-05-16T12:00:30","guid":{"rendered":"https:\/\/flandecoco.net\/?p=39937"},"modified":"2024-05-16T12:00:30","modified_gmt":"2024-05-16T12:00:30","slug":"lespiga-formar-des-de-la-inspiracio","status":"publish","type":"post","link":"https:\/\/flandecoco.net\/ca\/noticies\/lespiga-formar-des-de-la-inspiracio","title":{"rendered":"L\u2019Espiga, formar des de la inspiraci\u00f3"},"content":{"rendered":"<div class=\"wpb-content-wrapper\"><section class=\"vc_row wpb_row vc_row-fluid row-blog-interior  vc_row-o-content-middle vc_row-flex\"><div class=\"wpb_column vc_column_container vc_col-sm-12  col-xs-mobile-fullwidth\"><div class=\"vc_column-inner \"><div class=\"wpb_wrapper\"><div class=\"p-blog-fluido last-paragraph-no-margin\"><p><span style=\"font-weight: 400;\">A l&#8217;actual panorama digital, brindar visibilitat a les empreses de l&#8217;\u00e0mbit educatiu a Xarxes Socials \u00e9s determinant. Aquestes plataformes ofereixen un aparador global on institucions i empreses poden compartir el seu prop\u00f2sit, valors i programes, connectant amb audi\u00e8ncies diverses i ampliant-ne l&#8217;abast per promoure l&#8217;aprenentatge i la formaci\u00f3 cont\u00ednua.<\/span><\/p>\n<p><span style=\"font-weight: 400;\">Amb aquesta voluntat, l\u2019<\/span><a href=\"https:\/\/www.lespiga\/\"><b>Espiga Rep\u00e0s <\/b><\/a><span style=\"font-weight: 400;\"> s&#8217;incorpora al <\/span><a href=\"https:\/\/flandecoco.net\/ca\/els-nostres-clients\"><b>FlanClub<\/b><\/a><span style=\"font-weight: 400;\">\u00a0d&#8217;empreses que aposten per una comunicaci\u00f3 rigorosa, experiencial i distintiva. Un projecte dedicat a impulsar el cam\u00ed cap a l\u2019\u00e8xit acad\u00e8mic i personal dels alumnes.<\/span><\/p>\n<p><span style=\"font-weight: 400;\">Al cor de l&#8217;Espiga batega la voluntat d&#8217;inspirar, motivar i empoderar cadascun dels estudiants. Una energia docent per servir el suport que necessiten per superar desafiaments, descobrir-ne el potencial i assolir noves altures en la seva educaci\u00f3.<\/span><\/p>\n<p><span style=\"font-weight: 400;\">Una voluntat formativament inspiradora que aterra a l&#8217;univers dels Social Media de la m\u00e0 dels equips de M\u00e0rqueting, Disseny Gr\u00e0fic i Comunicaci\u00f3 de FlandeCoco. Des d&#8217;una administraci\u00f3 de continguts diferencial, informativa i de fort m\u00fascul creatiu, l&#8217;objectiu <\/span><a href=\"https:\/\/www.facebook.com\/profile.php?id=61558657769555\"><b>Facebook<\/b><\/a><span style=\"font-weight: 400;\">\u00a0\u00e9s construir identitat digital de marca i apropar les iniciatives de l&#8217;Espiga des d&#8217;una visibilitat segmentada al p\u00fablic objectiu de mares i pares, altament protagonista en aquesta Xarxa Social.<\/span><\/p>\n<p><b>Impulsar l&#8217;educaci\u00f3<\/b><\/p>\n<p><span style=\"font-weight: 400;\">El to al seu <\/span><a href=\"https:\/\/www.instagram.com\/lespiga_repas\/\"><b>Instagram<\/b> <\/a><span style=\"font-weight: 400;\"> corporatiu, lleugerament m\u00e9s fresc i desenfadat, pret\u00e9n una doble connexi\u00f3 tant amb el segment adult com amb escolars de batxillerat.<\/span><\/p>\n<p><span style=\"font-weight: 400;\">Una col\u00b7laboraci\u00f3 a l&#8217;ecosistema digital l&#8217;Espiga-FlandeCoco que suma m\u00e9s for\u00e7a a l&#8217;estreta vinculaci\u00f3 de la nostra ag\u00e8ncia amb marques, empreses i institucions del sector educaci\u00f3 i formaci\u00f3. Un impuls a l\u2019educaci\u00f3 des de la bona comunicaci\u00f3.<\/span><\/p>\n<p><span style=\"font-weight: 400;\">Pots accedir a altres continguts relacionats amb el dia a dia de FlandeCoco visitant les nostres <\/span><a href=\"https:\/\/flandecoco.net\/breaking-news\"><b>Breaking News<\/b><\/a><span style=\"font-weight: 400;\">\u00a0o, si ets fan de l&#8217;univers de la Publicitat i Comunicaci\u00f3, fent clic als interessants continguts del nostre <\/span><a href=\"https:\/\/flandecoco.net\/blog\"><b>Blog corporatiu<\/b><\/a><span style=\"font-weight: 400;\">.<\/span><\/p>\n<p><span style=\"font-weight: 400;\">Si necessites un partner de proximitat, rigor i experi\u00e8ncia multisectorial per als teus desafiaments publicitaris, omple el seg\u00fcent formulari i r\u00e0pidament et donarem resposta.<\/span><\/p>\n<\/div>\n<div class=\"wpcf7 no-js\" id=\"wpcf7-f23482-o1\" lang=\"es-ES\" dir=\"ltr\" data-wpcf7-id=\"23482\">\n<div class=\"screen-reader-response\"><p role=\"status\" aria-live=\"polite\" aria-atomic=\"true\"><\/p> <ul><\/ul><\/div>\n<form action=\"\/ca\/wp-json\/wp\/v2\/posts\/39937#wpcf7-f23482-o1\" method=\"post\" class=\"wpcf7-form init\" aria-label=\"Formulario de contacto\" novalidate=\"novalidate\" data-status=\"init\">\n<fieldset class=\"hidden-fields-container\"><input type=\"hidden\" name=\"_wpcf7\" value=\"23482\" \/><input type=\"hidden\" name=\"_wpcf7_version\" value=\"6.1.5\" \/><input type=\"hidden\" name=\"_wpcf7_locale\" value=\"es_ES\" \/><input type=\"hidden\" name=\"_wpcf7_unit_tag\" value=\"wpcf7-f23482-o1\" \/><input type=\"hidden\" name=\"_wpcf7_container_post\" value=\"0\" \/><input type=\"hidden\" name=\"_wpcf7_posted_data_hash\" value=\"\" \/><input type=\"hidden\" name=\"_wpcf7_recaptcha_response\" value=\"\" \/>\n<\/fieldset>\n<p><label><span class=\"wpcf7-form-control-wrap\" data-name=\"your-name\"><input size=\"40\" maxlength=\"400\" class=\"wpcf7-form-control wpcf7-text wpcf7-validates-as-required\" aria-required=\"true\" aria-invalid=\"false\" placeholder=\"Nom i Cognoms\" value=\"\" type=\"text\" name=\"your-name\" \/><\/span> <\/label><br \/>\n<label><span class=\"wpcf7-form-control-wrap\" data-name=\"your-email\"><input size=\"40\" maxlength=\"400\" class=\"wpcf7-form-control wpcf7-email wpcf7-validates-as-required wpcf7-text wpcf7-validates-as-email\" aria-required=\"true\" aria-invalid=\"false\" placeholder=\"Email\" value=\"\" type=\"email\" name=\"your-email\" \/><\/span> <\/label><br \/>\n<label><span class=\"wpcf7-form-control-wrap\" data-name=\"your-empresa\"><input size=\"40\" maxlength=\"400\" class=\"wpcf7-form-control wpcf7-text wpcf7-validates-as-required\" aria-required=\"true\" aria-invalid=\"false\" placeholder=\"Empresa\" value=\"\" type=\"text\" name=\"your-empresa\" \/><\/span> <\/label><br \/>\n<label><span class=\"wpcf7-form-control-wrap\" data-name=\"your-tel\"><input size=\"40\" maxlength=\"400\" class=\"wpcf7-form-control wpcf7-tel wpcf7-validates-as-required wpcf7-text wpcf7-validates-as-tel\" aria-required=\"true\" aria-invalid=\"false\" placeholder=\"Tel\u00e8fon\" value=\"\" type=\"tel\" name=\"your-tel\" \/><\/span> <\/label><br \/>\n<label><span class=\"wpcf7-form-control-wrap\" data-name=\"your-sector\"><input size=\"40\" maxlength=\"400\" class=\"wpcf7-form-control wpcf7-text\" aria-invalid=\"false\" placeholder=\"Sector\" value=\"\" type=\"text\" name=\"your-sector\" \/><\/span> <\/label><br \/>\n<label><span class=\"wpcf7-form-control-wrap\" data-name=\"your-message\"><textarea cols=\"40\" rows=\"10\" maxlength=\"2000\" class=\"wpcf7-form-control wpcf7-textarea wpcf7-validates-as-required\" aria-required=\"true\" aria-invalid=\"false\" placeholder=\"Digues-nos qu\u00e8 necessites\" name=\"your-message\"><\/textarea><\/span> <\/label><br \/>\n<label>Com ens has conegut:<span class=\"wpcf7-form-control-wrap\" data-name=\"menu-660\"><select class=\"wpcf7-form-control wpcf7-select wpcf7-validates-as-required\" aria-required=\"true\" aria-invalid=\"false\" name=\"menu-660\"><option value=\"\">&#8212;Por favor, elige una opci\u00f3n&#8212;<\/option><option value=\"Cerca a Google\">Cerca a Google<\/option><option value=\"Instagram\">Instagram<\/option><option value=\"Facebook\">Facebook<\/option><option value=\"Linkedin\">Linkedin<\/option><option value=\"Twitter\">Twitter<\/option><\/select><\/span><\/label>\n<\/p>\n<div class=\"form-consent\">\n\t<p><span class=\"wpcf7-form-control-wrap\" data-name=\"acepta-politica\"><span class=\"wpcf7-form-control wpcf7-acceptance\"><span class=\"wpcf7-list-item\"><label><input type=\"checkbox\" name=\"acepta-politica\" value=\"1\" aria-invalid=\"false\" \/><span class=\"wpcf7-list-item-label\">He llegit i accepto les condicions contingudes en la <a href=\"\/politica-de-privacidad\" target=\"_blank\">pol\u00edtica de privacitat<\/a> sobre el tractament de les meves dades per a gestionar la meva consulta o petici\u00f3.<\/span><\/label><\/span><\/span><\/span><br \/>\n<span class=\"wpcf7-form-control-wrap\" data-name=\"acepta-info-comercial\"><span class=\"wpcf7-form-control wpcf7-checkbox\"><span class=\"wpcf7-list-item first last\"><input type=\"checkbox\" name=\"acepta-info-comercial[]\" value=\"Ens agradaria que ens prestessis el teu consentiment per a enviar-te informaci\u00f3 comercial sobre els productes, serveis, novetats de TROY&amp;MACCLURE, S.L.\" \/><span class=\"wpcf7-list-item-label\">Ens agradaria que ens prestessis el teu consentiment per a enviar-te informaci\u00f3 comercial sobre els productes, serveis, novetats de TROY&amp;MACCLURE, S.L.<\/span><\/span><\/span><\/span>\n\t<\/p>\n<\/div>\n<p><input class=\"wpcf7-form-control wpcf7-submit has-spinner\" type=\"submit\" value=\"Enviar\" \/>\n<\/p>\n<input class=\"wpcf7-form-control wpcf7-hidden\" id=\"gaCookie\" value=\"\" type=\"hidden\" name=\"gaCookie\" \/>\n<input class=\"wpcf7-form-control wpcf7-hidden\" value=\"\" type=\"hidden\" name=\"ga_campaign\" \/>\n<input class=\"wpcf7-form-control wpcf7-hidden\" value=\"\" type=\"hidden\" name=\"ga_medium\" \/>\n<input class=\"wpcf7-form-control wpcf7-hidden\" value=\"\" type=\"hidden\" name=\"ga_source\" \/>\n<input class=\"wpcf7-form-control wpcf7-hidden\" value=\"\" type=\"hidden\" name=\"ga_content\" \/>\n<input class=\"wpcf7-form-control wpcf7-hidden\" value=\"\" type=\"hidden\" name=\"ga_keyword\" \/>\n<input class=\"wpcf7-form-control wpcf7-hidden\" value=\"\" type=\"hidden\" name=\"landing_page_fdc\" \/><div class=\"wpcf7-response-output\" aria-hidden=\"true\"><\/div>\n<\/form>\n<\/div>\n<\/div><\/div><\/div><\/section>\n<\/div>","protected":false},"excerpt":{"rendered":"A l'actual panorama digital, brindar visibilitat a les empreses de l'\u00e0mbit educatiu a Xarxes Socials \u00e9s determinant. Aquestes plataformes ofereixen un aparador global on institucions i empreses poden compartir el seu prop\u00f2sit, valors i programes, connectant amb audi\u00e8ncies diverses i ampliant-ne l'abast per promoure l'aprenentatge i la formaci\u00f3 cont\u00ednua. Amb aquesta voluntat, l\u2019Espiga Rep\u00e0s s'incorpora al FlanClub\u00a0d'empreses que aposten per una comunicaci\u00f3 rigorosa, experiencial i distintiva. Un projecte dedicat a impulsar el cam\u00ed cap a l\u2019\u00e8xit acad\u00e8mic i personal dels alumnes. Al cor de l'Espiga batega la voluntat d'inspirar, motivar i empoderar cadascun dels estudiants. Una energia docent per servir el suport que necessiten per superar desafiaments, descobrir-ne el potencial i assolir noves altures en la seva educaci\u00f3. Una voluntat formativament inspiradora que aterra a l'univers dels Social Media de la m\u00e0 dels equips de M\u00e0rqueting, Disseny Gr\u00e0fic i Comunicaci\u00f3 de FlandeCoco. Des d'una administraci\u00f3 de continguts diferencial, informativa i de fort m\u00fascul creatiu, l'objectiu Facebook\u00a0\u00e9s construir identitat digital de marca i apropar les iniciatives de l'Espiga des d'una visibilitat segmentada al p\u00fablic objectiu de mares i pares, altament protagonista en aquesta Xarxa Social. Impulsar l'educaci\u00f3 El to al seu Instagram corporatiu, lleugerament m\u00e9s fresc i desenfadat, pret\u00e9n una doble...","protected":false},"author":1,"featured_media":39934,"comment_status":"closed","ping_status":"closed","sticky":false,"template":"","format":"standard","meta":{"footnotes":""},"categories":[137],"tags":[],"class_list":["post-39937","post","type-post","status-publish","format-standard","has-post-thumbnail","hentry","category-noticies"],"_links":{"self":[{"href":"https:\/\/flandecoco.net\/ca\/wp-json\/wp\/v2\/posts\/39937","targetHints":{"allow":["GET"]}}],"collection":[{"href":"https:\/\/flandecoco.net\/ca\/wp-json\/wp\/v2\/posts"}],"about":[{"href":"https:\/\/flandecoco.net\/ca\/wp-json\/wp\/v2\/types\/post"}],"author":[{"embeddable":true,"href":"https:\/\/flandecoco.net\/ca\/wp-json\/wp\/v2\/users\/1"}],"replies":[{"embeddable":true,"href":"https:\/\/flandecoco.net\/ca\/wp-json\/wp\/v2\/comments?post=39937"}],"version-history":[{"count":1,"href":"https:\/\/flandecoco.net\/ca\/wp-json\/wp\/v2\/posts\/39937\/revisions"}],"predecessor-version":[{"id":39938,"href":"https:\/\/flandecoco.net\/ca\/wp-json\/wp\/v2\/posts\/39937\/revisions\/39938"}],"wp:featuredmedia":[{"embeddable":true,"href":"https:\/\/flandecoco.net\/ca\/wp-json\/wp\/v2\/media\/39934"}],"wp:attachment":[{"href":"https:\/\/flandecoco.net\/ca\/wp-json\/wp\/v2\/media?parent=39937"}],"wp:term":[{"taxonomy":"category","embeddable":true,"href":"https:\/\/flandecoco.net\/ca\/wp-json\/wp\/v2\/categories?post=39937"},{"taxonomy":"post_tag","embeddable":true,"href":"https:\/\/flandecoco.net\/ca\/wp-json\/wp\/v2\/tags?post=39937"}],"curies":[{"name":"wp","href":"https:\/\/api.w.org\/{rel}","templated":true}]}}