{"id":38695,"date":"2024-03-18T16:43:17","date_gmt":"2024-03-18T16:43:17","guid":{"rendered":"https:\/\/flandecoco.net\/?p=38695"},"modified":"2024-03-18T16:43:17","modified_gmt":"2024-03-18T16:43:17","slug":"la-barcelona-que-alimenta","status":"publish","type":"post","link":"https:\/\/flandecoco.net\/ca\/noticies\/la-barcelona-que-alimenta","title":{"rendered":"La Barcelona que alimenta"},"content":{"rendered":"<div class=\"wpb-content-wrapper\"><section class=\"vc_row wpb_row vc_row-fluid row-blog-interior  vc_row-o-content-middle vc_row-flex\"><div class=\"wpb_column vc_column_container vc_col-sm-12  col-xs-mobile-fullwidth\"><div class=\"vc_column-inner \"><div class=\"wpb_wrapper\"><div class=\"p-blog-fluido last-paragraph-no-margin\"><p><a href=\"https:\/\/unbuendiaenbarcelona.com\/restaurantes-con-estrella-michelin-en-barcelona\/\"><b>Estrelles Michelin<\/b><\/a><span style=\"font-weight: 400;\">\u00a0per tapar un bon trosset de cel mediterrani, escoles d&#8217;hostaleria i cuina de prestigi, <\/span><a href=\"https:\/\/www.barcelonaculinaryhub.com\/blog\/los-7-mejores-pasteleros-del-mundo\"><b>pastissers top<\/b><\/a><span style=\"font-weight: 400;\">, <\/span><a href=\"https:\/\/www.clusterfoodservice.org\/agenda-cluster\/?lang=ca\"><b>for\u00e7a cl\u00faster<\/b><\/a><span style=\"font-weight: 400;\">, <\/span><a href=\"https:\/\/elbullifoundation.com\/biografia-ferran%20-adria\/\"><b>referents globals<\/b><\/a><span style=\"font-weight: 400;\">, <\/span><a href=\"https:\/\/www.catalunya.com\/en\/continguts\/rutes-itineraris\/ruta-de-los-museos-gastronomicos-24-1-130\"><b>museus tem\u00e0tics<\/b><\/a><span style=\"font-weight: 400;\">&#8230; L&#8217;argumentari que acredita Catalunya i Barcelona com un dels racons del planeta amb m\u00e9s autoritat al m\u00f3n de la restauraci\u00f3, l&#8217;hostaleria i l&#8217;alimentaci\u00f3 \u00e9s infinit.<\/span><\/p>\n<p><span style=\"font-weight: 400;\">Un pool de credencials al qual es suma la for\u00e7a de la capital catalana a l&#8217;\u00e0mbit de les fires sectorials amb cites ineludibles com la d&#8217;<\/span><a href=\"https:\/\/www.alimentaria.com\/\"><b>Alimentaria &amp; Hostelco<\/b><\/a><span style=\"font-weight: 400;\">. Un esdeveniment capa\u00e7 d\u2019atreure m\u00e9s de 100.000 visitants, 3.200 expositors de fins a 120 pa\u00efsos i un impacte econ\u00f2mic per a la ciutat de 200 milions d\u2019euros. I un ineludible al calendari d&#8217;alguns dels comptes FlandeCoco com <\/span><a href=\"https:\/\/albi.es\/\"><b>Albi <\/b><\/a><span style=\"font-weight: 400;\">o <\/span><a href=\"https:\/\/www.saveupmarket.com\/portal\/frame-login.php\"><b>Save Up Market<\/b><\/a><span style=\"font-weight: 400;\">.<\/span><\/p>\n<p><span style=\"font-weight: 400;\">La <\/span><a href=\"https:\/\/www.saveupmarket.com\/portal\/frame-login.php#\"><b>plataforma d&#8217;estalvi i gesti\u00f3 per a restauraci\u00f3 col\u00b7lectiva i HORECA <\/b><\/a><span style=\"font-weight: 400;\"> \u00e9s un dels pols d&#8217;atracci\u00f3 de visitants al Pavell\u00f3 4 des de l&#8217;estand 125. Un espai ef\u00edmer, ideat i executat des de la <\/span><a href=\"https:\/\/flandecoco.net\/servicios\/espacios-efimeros\"><b>nostra ag\u00e8ncia<\/b><\/a><span style=\"font-weight: 400;\">, on l&#8217;empresa catalana presenta una eina d&#8217;efici\u00e8ncia contrastada tant per a prove\u00efdors com per a negocis de l&#8217;ecosistema de la restauraci\u00f3.<\/span><\/p>\n<\/div>[vc_single_image image=&#8221;38683&#8243; img_size=&#8221;full&#8221;]<div class=\"p-blog-fluido last-paragraph-no-margin\"><p><span style=\"font-weight: 400;\">Un protagonisme complementat tamb\u00e9 amb la participaci\u00f3 de <\/span><a href=\"https:\/\/www.linkedin.com\/in\/marc-ferr%C3%A9-casas-3a20421a\/\"><b>Marc Ferr\u00e9<\/b><\/a><span style=\"font-weight: 400;\">, director general de <\/span><a href=\"https:\/\/www.linkedin.com\/company\/save-up-market\/\"><b>Save Up Market<\/b><\/a><span style=\"font-weight: 400;\">, a<a href=\"https:\/\/www.hostelco.com\/speaker\/marc-ferre\/\"><strong> la Taula Rodona <\/strong><\/a><\/span><strong>\u201cComprar per a una alimentaci\u00f3 de qualitat a resid\u00e8ncies de gent gran\u201d<\/strong><span style=\"font-weight: 400;\">\u00a0en companyia de Mario Ca\u00f1izal (Supply Food For Seniors), Martina Miserachs (Be Healthia) i Ignasi Manso, analista de compres especialitzat en resid\u00e8ncies geri\u00e0triques.<\/span><\/p>\n<p><span style=\"font-weight: 400;\">El m\u00fascul a nivell nacional de la <\/span><a href=\"https:\/\/albi.es\/\"><b>restauraci\u00f3 col\u00b7lectiva d&#8217;Albi<\/b><\/a><span style=\"font-weight: 400;\">\u00a0tamb\u00e9 visita Barcelona i ho fa, a m\u00e9s, com a candidata dels Hostelco Awards 2024 a la categoria de <\/span><a href=\"https:\/\/www.restauracioncolectiva.com\/n\/albi-aramark-y-hostesa-finalistas-de-los-hostelco-awards-en-la-categoria-de-colectividades\"><b>\u201cMillor concepte de restauraci\u00f3 col\u00b7lectiva\u201d<\/b><\/a><span style=\"font-weight: 400;\">. Un reconeixement, juntament amb Aramark i Hostesa, al treball d&#8217;excel\u00b7l\u00e8ncia realitzat per l&#8217;empresa de Boadilla del Monte que recentment va celebrar les <\/span><a href=\"https:\/\/albi.es\/40-aniversario\"><b>quatre d\u00e8cades<\/b><\/a><span style=\"font-weight: 400;\">\u00a0d&#8217;Hist\u00f2ria.<\/span><\/p>\n<p><span style=\"font-weight: 400;\">Un concepte de restauraci\u00f3 col\u00b7lectiva comprom\u00e8s amb la qualitat, la <\/span><a href=\"https:\/\/albi.es\/nosotros\"><b>responsabilitat social<\/b><\/a><span style=\"font-weight: 400;\">\u00a0 i una alimentaci\u00f3 per a col\u00b7lectivitats alineada amb els \u00e0mbits f\u00edsic, mental i emocional\u2026 <\/span><span style=\"font-weight: 400;\">?<\/span><\/p>\n<\/div>[vc_single_image image=&#8221;38687&#8243; img_size=&#8221;full&#8221; onclick=&#8221;custom_link&#8221; img_link_target=&#8221;_blank&#8221; link=&#8221;https:\/\/albi.es\/blog\/neurogastronomia-una-alimentacion-mas-consciente-y-placentera-para-nuestrs-mayores&#8221;]<div class=\"p-blog-fluido last-paragraph-no-margin\"><p><span style=\"font-weight: 400;\">\u2026 amb la que FlandeCoco t\u00e9 l&#8217;honor de col\u00b7laborar des de fa ja m\u00e9s d&#8217;un any. Un reconfortant treball de comunicaci\u00f3 basat en les complicitats, les idees i els valors comuns que podeu seguir en uns canals socials a <\/span><a href=\"https:\/\/www.linkedin.com\/company\/1643003\/admin\/feed\/posts\/\"><b>LinkedIn<\/b><\/a><span style=\"font-weight: 400;\">, <\/span><a href=\"https:\/\/www.instagram.com\/albirestauracion\"><b>Instagram<\/b><\/a><span style=\"font-weight: 400;\">, <\/span><a href=\"https:\/\/www.facebook.com\/albirestauracion\"><b>Facebook<\/b><\/a><span style=\"font-weight: 400;\">\u00a0y <\/span><a href=\"https:\/\/www.youtube.com\/@AlbiAlimentacionyBienestar\"><b>Youtube<\/b><\/a> <span style=\"font-weight: 400;\">de gran \u00e8xit comunitari.<\/span><\/p>\n<p><span style=\"font-weight: 400;\">El balan\u00e7 final i imatges d&#8217;aquesta Alimentaria &amp; Hostelco 2024 el podreu consultar molt aviat als nostres <\/span><a href=\"https:\/\/www.linkedin.com\/company\/15203682\/admin\/feed\/posts\/\"><b>LinkedIn<\/b><\/a><span style=\"font-weight: 400;\">, <\/span><a href=\"https:\/\/www.instagram.com\/flandecocolab\/?hl=es\"><b>Instagram<\/b><\/a><span style=\"font-weight: 400;\">, <\/span><a href=\"https:\/\/www.facebook.com\/flandecocolab\/\"><b>Facebook<\/b><\/a> <span style=\"font-weight: 400;\">\u00a0y <\/span><a href=\"https:\/\/twitter.com\/flandecocolab?lang=es\"><b>Twitter <\/b><\/a><span style=\"font-weight: 400;\">corporatius. Una an\u00e0lisi, de ben segur, que continuar\u00e0 alimentant la for\u00e7a de la capital catalana dins del sector.<\/span><\/p>\n<\/div>\n<div class=\"wpcf7 no-js\" id=\"wpcf7-f23482-o1\" lang=\"es-ES\" dir=\"ltr\" data-wpcf7-id=\"23482\">\n<div class=\"screen-reader-response\"><p role=\"status\" aria-live=\"polite\" aria-atomic=\"true\"><\/p> <ul><\/ul><\/div>\n<form action=\"\/ca\/wp-json\/wp\/v2\/posts\/38695#wpcf7-f23482-o1\" method=\"post\" class=\"wpcf7-form init\" aria-label=\"Formulario de contacto\" novalidate=\"novalidate\" data-status=\"init\">\n<fieldset class=\"hidden-fields-container\"><input type=\"hidden\" name=\"_wpcf7\" value=\"23482\" \/><input type=\"hidden\" name=\"_wpcf7_version\" value=\"6.1.5\" \/><input type=\"hidden\" name=\"_wpcf7_locale\" value=\"es_ES\" \/><input type=\"hidden\" name=\"_wpcf7_unit_tag\" value=\"wpcf7-f23482-o1\" \/><input type=\"hidden\" name=\"_wpcf7_container_post\" value=\"0\" \/><input type=\"hidden\" name=\"_wpcf7_posted_data_hash\" value=\"\" \/><input type=\"hidden\" name=\"_wpcf7_recaptcha_response\" value=\"\" \/>\n<\/fieldset>\n<p><label><span class=\"wpcf7-form-control-wrap\" data-name=\"your-name\"><input size=\"40\" maxlength=\"400\" class=\"wpcf7-form-control wpcf7-text wpcf7-validates-as-required\" aria-required=\"true\" aria-invalid=\"false\" placeholder=\"Nom i Cognoms\" value=\"\" type=\"text\" name=\"your-name\" \/><\/span> <\/label><br \/>\n<label><span class=\"wpcf7-form-control-wrap\" data-name=\"your-email\"><input size=\"40\" maxlength=\"400\" class=\"wpcf7-form-control wpcf7-email wpcf7-validates-as-required wpcf7-text wpcf7-validates-as-email\" aria-required=\"true\" aria-invalid=\"false\" placeholder=\"Email\" value=\"\" type=\"email\" name=\"your-email\" \/><\/span> <\/label><br \/>\n<label><span class=\"wpcf7-form-control-wrap\" data-name=\"your-empresa\"><input size=\"40\" maxlength=\"400\" class=\"wpcf7-form-control wpcf7-text wpcf7-validates-as-required\" aria-required=\"true\" aria-invalid=\"false\" placeholder=\"Empresa\" value=\"\" type=\"text\" name=\"your-empresa\" \/><\/span> <\/label><br \/>\n<label><span class=\"wpcf7-form-control-wrap\" data-name=\"your-tel\"><input size=\"40\" maxlength=\"400\" class=\"wpcf7-form-control wpcf7-tel wpcf7-validates-as-required wpcf7-text wpcf7-validates-as-tel\" aria-required=\"true\" aria-invalid=\"false\" placeholder=\"Tel\u00e8fon\" value=\"\" type=\"tel\" name=\"your-tel\" \/><\/span> <\/label><br \/>\n<label><span class=\"wpcf7-form-control-wrap\" data-name=\"your-sector\"><input size=\"40\" maxlength=\"400\" class=\"wpcf7-form-control wpcf7-text\" aria-invalid=\"false\" placeholder=\"Sector\" value=\"\" type=\"text\" name=\"your-sector\" \/><\/span> <\/label><br \/>\n<label><span class=\"wpcf7-form-control-wrap\" data-name=\"your-message\"><textarea cols=\"40\" rows=\"10\" maxlength=\"2000\" class=\"wpcf7-form-control wpcf7-textarea wpcf7-validates-as-required\" aria-required=\"true\" aria-invalid=\"false\" placeholder=\"Digues-nos qu\u00e8 necessites\" name=\"your-message\"><\/textarea><\/span> <\/label><br \/>\n<label>Com ens has conegut:<span class=\"wpcf7-form-control-wrap\" data-name=\"menu-660\"><select class=\"wpcf7-form-control wpcf7-select wpcf7-validates-as-required\" aria-required=\"true\" aria-invalid=\"false\" name=\"menu-660\"><option value=\"\">&#8212;Por favor, elige una opci\u00f3n&#8212;<\/option><option value=\"Cerca a Google\">Cerca a Google<\/option><option value=\"Instagram\">Instagram<\/option><option value=\"Facebook\">Facebook<\/option><option value=\"Linkedin\">Linkedin<\/option><option value=\"Twitter\">Twitter<\/option><\/select><\/span><\/label>\n<\/p>\n<div class=\"form-consent\">\n\t<p><span class=\"wpcf7-form-control-wrap\" data-name=\"acepta-politica\"><span class=\"wpcf7-form-control wpcf7-acceptance\"><span class=\"wpcf7-list-item\"><label><input type=\"checkbox\" name=\"acepta-politica\" value=\"1\" aria-invalid=\"false\" \/><span class=\"wpcf7-list-item-label\">He llegit i accepto les condicions contingudes en la <a href=\"\/politica-de-privacidad\" target=\"_blank\">pol\u00edtica de privacitat<\/a> sobre el tractament de les meves dades per a gestionar la meva consulta o petici\u00f3.<\/span><\/label><\/span><\/span><\/span><br \/>\n<span class=\"wpcf7-form-control-wrap\" data-name=\"acepta-info-comercial\"><span class=\"wpcf7-form-control wpcf7-checkbox\"><span class=\"wpcf7-list-item first last\"><input type=\"checkbox\" name=\"acepta-info-comercial[]\" value=\"Ens agradaria que ens prestessis el teu consentiment per a enviar-te informaci\u00f3 comercial sobre els productes, serveis, novetats de TROY&amp;MACCLURE, S.L.\" \/><span class=\"wpcf7-list-item-label\">Ens agradaria que ens prestessis el teu consentiment per a enviar-te informaci\u00f3 comercial sobre els productes, serveis, novetats de TROY&amp;MACCLURE, S.L.<\/span><\/span><\/span><\/span>\n\t<\/p>\n<\/div>\n<p><input class=\"wpcf7-form-control wpcf7-submit has-spinner\" type=\"submit\" value=\"Enviar\" \/>\n<\/p>\n<input class=\"wpcf7-form-control wpcf7-hidden\" id=\"gaCookie\" value=\"\" type=\"hidden\" name=\"gaCookie\" \/>\n<input class=\"wpcf7-form-control wpcf7-hidden\" value=\"\" type=\"hidden\" name=\"ga_campaign\" \/>\n<input class=\"wpcf7-form-control wpcf7-hidden\" value=\"\" type=\"hidden\" name=\"ga_medium\" \/>\n<input class=\"wpcf7-form-control wpcf7-hidden\" value=\"\" type=\"hidden\" name=\"ga_source\" \/>\n<input class=\"wpcf7-form-control wpcf7-hidden\" value=\"\" type=\"hidden\" name=\"ga_content\" \/>\n<input class=\"wpcf7-form-control wpcf7-hidden\" value=\"\" type=\"hidden\" name=\"ga_keyword\" \/>\n<input class=\"wpcf7-form-control wpcf7-hidden\" value=\"\" type=\"hidden\" name=\"landing_page_fdc\" \/><div class=\"wpcf7-response-output\" aria-hidden=\"true\"><\/div>\n<\/form>\n<\/div>\n<\/div><\/div><\/div><\/section>\n<\/div>","protected":false},"excerpt":{"rendered":"Estrelles Michelin\u00a0per tapar un bon trosset de cel mediterrani, escoles d'hostaleria i cuina de prestigi, pastissers top, for\u00e7a cl\u00faster, referents globals, museus tem\u00e0tics... L'argumentari que acredita Catalunya i Barcelona com un dels racons del planeta amb m\u00e9s autoritat al m\u00f3n de la restauraci\u00f3, l'hostaleria i l'alimentaci\u00f3 \u00e9s infinit. Un pool de credencials al qual es suma la for\u00e7a de la capital catalana a l'\u00e0mbit de les fires sectorials amb cites ineludibles com la d'Alimentaria &amp; Hostelco. Un esdeveniment capa\u00e7 d\u2019atreure m\u00e9s de 100.000 visitants, 3.200 expositors de fins a 120 pa\u00efsos i un impacte econ\u00f2mic per a la ciutat de 200 milions d\u2019euros. I un ineludible al calendari d'alguns dels comptes FlandeCoco com Albi o Save Up Market. La plataforma d'estalvi i gesti\u00f3 per a restauraci\u00f3 col\u00b7lectiva i HORECA \u00e9s un dels pols d'atracci\u00f3 de visitants al Pavell\u00f3 4 des de l'estand 125. Un espai ef\u00edmer, ideat i executat des de la nostra ag\u00e8ncia, on l'empresa catalana presenta una eina d'efici\u00e8ncia contrastada tant per a prove\u00efdors com per a negocis de l'ecosistema de la restauraci\u00f3. [vc_single_image image=\"38683\" img_size=\"full\"]Un protagonisme complementat tamb\u00e9 amb la participaci\u00f3 de Marc Ferr\u00e9, director general de Save Up Market, a la Taula Rodona \u201cComprar per a...","protected":false},"author":1,"featured_media":38686,"comment_status":"closed","ping_status":"closed","sticky":false,"template":"","format":"standard","meta":{"footnotes":""},"categories":[137],"tags":[],"class_list":["post-38695","post","type-post","status-publish","format-standard","has-post-thumbnail","hentry","category-noticies"],"_links":{"self":[{"href":"https:\/\/flandecoco.net\/ca\/wp-json\/wp\/v2\/posts\/38695","targetHints":{"allow":["GET"]}}],"collection":[{"href":"https:\/\/flandecoco.net\/ca\/wp-json\/wp\/v2\/posts"}],"about":[{"href":"https:\/\/flandecoco.net\/ca\/wp-json\/wp\/v2\/types\/post"}],"author":[{"embeddable":true,"href":"https:\/\/flandecoco.net\/ca\/wp-json\/wp\/v2\/users\/1"}],"replies":[{"embeddable":true,"href":"https:\/\/flandecoco.net\/ca\/wp-json\/wp\/v2\/comments?post=38695"}],"version-history":[{"count":2,"href":"https:\/\/flandecoco.net\/ca\/wp-json\/wp\/v2\/posts\/38695\/revisions"}],"predecessor-version":[{"id":38697,"href":"https:\/\/flandecoco.net\/ca\/wp-json\/wp\/v2\/posts\/38695\/revisions\/38697"}],"wp:featuredmedia":[{"embeddable":true,"href":"https:\/\/flandecoco.net\/ca\/wp-json\/wp\/v2\/media\/38686"}],"wp:attachment":[{"href":"https:\/\/flandecoco.net\/ca\/wp-json\/wp\/v2\/media?parent=38695"}],"wp:term":[{"taxonomy":"category","embeddable":true,"href":"https:\/\/flandecoco.net\/ca\/wp-json\/wp\/v2\/categories?post=38695"},{"taxonomy":"post_tag","embeddable":true,"href":"https:\/\/flandecoco.net\/ca\/wp-json\/wp\/v2\/tags?post=38695"}],"curies":[{"name":"wp","href":"https:\/\/api.w.org\/{rel}","templated":true}]}}