{"id":38169,"date":"2024-02-26T14:51:17","date_gmt":"2024-02-26T14:51:17","guid":{"rendered":"https:\/\/flandecoco.net\/?p=38169"},"modified":"2024-02-26T14:53:09","modified_gmt":"2024-02-26T14:53:09","slug":"festivals-de-musica-un-filo-per-a-les-grans-marques","status":"publish","type":"post","link":"https:\/\/flandecoco.net\/ca\/blog-ca\/festivals-de-musica-un-filo-per-a-les-grans-marques","title":{"rendered":"Festivals de M\u00fasica: un fil\u00f3 per a les grans marques?"},"content":{"rendered":"<div class=\"wpb-content-wrapper\"><section class=\"vc_row wpb_row vc_row-fluid row-blog-interior  vc_row-o-content-middle vc_row-flex\"><div class=\"wpb_column vc_column_container vc_col-sm-12  col-xs-mobile-fullwidth\"><div class=\"vc_column-inner \"><div class=\"wpb_wrapper\"><div class=\"p-blog-fluido last-paragraph-no-margin\"><p><span style=\"font-weight: 400;\">M\u00e9s de 500 milions d&#8217;euros a taquilla, 2.600.000 entrades venudes\u2026 Els escumosos n\u00fameros dels festivals de m\u00fasica a Espanya els han portat a convertir-se en molt m\u00e9s que simples esdeveniments culturals; s\u00f3n tamb\u00e9 per m\u00e8rits propis aut\u00e8ntiques plataformes de M\u00e0rqueting per a les marques m\u00e9s importants del planeta.<\/span><\/p>\n<p><span style=\"font-weight: 400;\">Gegants de la tecnologia, begudes energ\u00e8tiques, t\u00e8xtil i moda, alimentaci\u00f3, tots els sectors competeixen per una pres\u00e8ncia destacada en aquests espais plens d&#8217;energia i diversitat. Qu\u00e8 fa que les grans marques inverteixin tant en publicitat en aquest tipus d\u2019esdeveniments? La resposta segurament \u00e9s una combinaci\u00f3 \u00fanica d&#8217;audi\u00e8ncia compromesa, oportunitats d&#8217;associaci\u00f3 estrat\u00e8gica i el poder de l&#8217;experi\u00e8ncia compartida.<\/span><\/p>\n<p><span style=\"font-weight: 400;\">Els festivals de m\u00fasica atrauen un p\u00fablic enormement divers i comprom\u00e8s. Des de joves entusiastes de la m\u00fasica fins a turisme despla\u00e7at espec\u00edficament per a l&#8217;ocasi\u00f3, aquests saraus reuneixen persones d&#8217;un espectre ampl\u00edssim d&#8217;edats, proced\u00e8ncies i estils de vida. Una audi\u00e8ncia altament desitjable per a les marques, ja que els ofereix l&#8217;oportunitat d&#8217;arribar a una \u00e0mplia gamma de consumidors potencials en un mateix espai i temps. A m\u00e9s a m\u00e9s, el comprom\u00eds dels assistents als festivals \u00e9s notablement alt; estan disposats a explorar noves experi\u00e8ncies i, per tant, s\u00f3n receptius als missatges publicitaris que se&#8217;ls presenten.<\/span><\/p>\n<p><b>Una associaci\u00f3 estrat\u00e8gica\u00a0<\/b><\/p>\n<p><span style=\"font-weight: 400;\">Els festivals de m\u00fasica tamb\u00e9 ofereixen oportunitats \u00faniques d&#8217;associaci\u00f3 estrat\u00e8gica. Les marques es poden associar amb artistes, patrocinar escenaris o fins i tot organitzar esdeveniments exclusius dins del festival. Aquestes associacions poden ajudar les marques a augmentar la visibilitat i credibilitat entre el p\u00fablic objectiu. Per exemple, una marca de roba esportiva que patrocina un escenari en un festival de m\u00fasica electr\u00f2nica pot associar la seva imatge amb l&#8217;energia i la vitalitat de la m\u00fasica electr\u00f2nica, cosa que pot atraure consumidors interessats en un estil de vida actiu i din\u00e0mic.<\/span><\/p>\n<p><span style=\"font-weight: 400;\">Les marques aprofiten el poder de l\u2019experi\u00e8ncia compartida dels festivals. Aquests esdeveniments ofereixen moments \u00fanics i memorables que els assistents comparteixen en temps real a trav\u00e9s de les Xarxes Socials. En crear experi\u00e8ncies publicit\u00e0ries impactants al festival, les marques es beneficien d&#8217;aquesta tend\u00e8ncia per generar un major abast i participaci\u00f3 online. Una marca de begudes pot organitzar una \u00e0rea de descans tem\u00e0tica al festival, on els assistents es relaxin i gaudeixin de begudes exclusives mentre comparteixen fotos i v\u00eddeos als seus perfils socials.<\/span><\/p>\n<\/div>[vc_single_image image=&#8221;38162&#8243; img_size=&#8221;full&#8221;]<div class=\"p-blog-fluido last-paragraph-no-margin\"><p><span style=\"font-weight: 400;\">La naturalesa ef\u00edmera dels festivals juga un paper important en l&#8217;estrat\u00e8gia publicit\u00e0ria de les marques. Els festivals s\u00f3n esdeveniments temporals que generen una sensaci\u00f3 d\u2019urg\u00e8ncia entre els assistents; saben que nom\u00e9s tenen uns quants dies per experimentar tot all\u00f2 que el festival t\u00e9 per oferir. Aix\u00f2 afavoreix el comportament de compra impulsiva, cosa que fa que els festivals siguin el lloc perfecte perqu\u00e8 les marques llancin nous productes o promocions exclusives.<\/span><\/p>\n<p><span style=\"font-weight: 400;\">Tot i aix\u00f2, no totes les marques tenen \u00e8xit a l&#8217;hora d&#8217;embarcar-se a publicitar als festivals musicals. Aquelles que simplement col\u00b7loquen el seu logotip a tot arreu sense oferir una proposta de valor clara corren el risc de ser percebudes com a intrusives o irrellevants per part dels assistents. En canvi, les marques que entenen la naturalesa \u00fanica dels festivals de m\u00fasica i dissenyen experi\u00e8ncies publicit\u00e0ries aut\u00e8ntiques i memorables tenen m\u00e9s probabilitats d\u2019aconseguir un impacte positiu en el seu p\u00fablic objectiu.<\/span><\/p>\n<\/div>[vc_single_image image=&#8221;38164&#8243; img_size=&#8221;full&#8221;]<div class=\"p-blog-fluido last-paragraph-no-margin\"><p><span style=\"font-weight: 400;\">En s\u00edntesi, les marques top aposten per la publicitat a festivals de m\u00fasica a causa del combo \u00fanic i genu\u00ed de sumar audi\u00e8ncia compromesa, oportunitats d&#8217;associaci\u00f3 estrat\u00e8gica i el poder de l&#8217;experi\u00e8ncia compartida. Un trident que multiplica la seva visibilitat, credibilitat i participaci\u00f3 en l\u00ednia i, per tant, el seu \u00e8xit al mercat.<\/span><\/p>\n<p><span style=\"font-weight: 400;\">En un m\u00f3n cada cop m\u00e9s saturat de missatges publicitaris, i fins que aquesta bombolla de n\u00fameros gegantins no decaigui, els festivals de m\u00fasica ofereixen a les marques l&#8217;oportunitat de destacar-se i connectar-se de manera significativa amb el seu p\u00fablic objectiu.<\/span><\/p>\n<p><span style=\"font-weight: 400;\">Pots con\u00e8ixer altres continguts interessants relacionats amb l&#8217;univers del M\u00e0rqueting, la Publicitat i la Comunicaci\u00f3 visitant el <\/span><a href=\"https:\/\/flandecoco.net\/blog\"><b>Blog FlandeCoco<\/b><\/a><span style=\"font-weight: 400;\">. Si desitges informaci\u00f3 addicional o con\u00e8ixer altres detalls sobre com podem ajudar la teva empresa o marca en els seus desafiaments publicitaris, omple el seg\u00fcent formulari i r\u00e0pidament et donarem resposta.<\/span><\/p>\n<\/div>\n<div class=\"wpcf7 no-js\" id=\"wpcf7-f23482-o1\" lang=\"es-ES\" dir=\"ltr\" data-wpcf7-id=\"23482\">\n<div class=\"screen-reader-response\"><p role=\"status\" aria-live=\"polite\" aria-atomic=\"true\"><\/p> <ul><\/ul><\/div>\n<form action=\"\/ca\/wp-json\/wp\/v2\/posts\/38169#wpcf7-f23482-o1\" method=\"post\" class=\"wpcf7-form init\" aria-label=\"Formulario de contacto\" novalidate=\"novalidate\" data-status=\"init\">\n<fieldset class=\"hidden-fields-container\"><input type=\"hidden\" name=\"_wpcf7\" value=\"23482\" \/><input type=\"hidden\" name=\"_wpcf7_version\" value=\"6.1.5\" \/><input type=\"hidden\" name=\"_wpcf7_locale\" value=\"es_ES\" \/><input type=\"hidden\" name=\"_wpcf7_unit_tag\" value=\"wpcf7-f23482-o1\" \/><input type=\"hidden\" name=\"_wpcf7_container_post\" value=\"0\" \/><input type=\"hidden\" name=\"_wpcf7_posted_data_hash\" value=\"\" \/><input type=\"hidden\" name=\"_wpcf7_recaptcha_response\" value=\"\" \/>\n<\/fieldset>\n<p><label><span class=\"wpcf7-form-control-wrap\" data-name=\"your-name\"><input size=\"40\" maxlength=\"400\" class=\"wpcf7-form-control wpcf7-text wpcf7-validates-as-required\" aria-required=\"true\" aria-invalid=\"false\" placeholder=\"Nom i Cognoms\" value=\"\" type=\"text\" name=\"your-name\" \/><\/span> <\/label><br \/>\n<label><span class=\"wpcf7-form-control-wrap\" data-name=\"your-email\"><input size=\"40\" maxlength=\"400\" class=\"wpcf7-form-control wpcf7-email wpcf7-validates-as-required wpcf7-text wpcf7-validates-as-email\" aria-required=\"true\" aria-invalid=\"false\" placeholder=\"Email\" value=\"\" type=\"email\" name=\"your-email\" \/><\/span> <\/label><br \/>\n<label><span class=\"wpcf7-form-control-wrap\" data-name=\"your-empresa\"><input size=\"40\" maxlength=\"400\" class=\"wpcf7-form-control wpcf7-text wpcf7-validates-as-required\" aria-required=\"true\" aria-invalid=\"false\" placeholder=\"Empresa\" value=\"\" type=\"text\" name=\"your-empresa\" \/><\/span> <\/label><br \/>\n<label><span class=\"wpcf7-form-control-wrap\" data-name=\"your-tel\"><input size=\"40\" maxlength=\"400\" class=\"wpcf7-form-control wpcf7-tel wpcf7-validates-as-required wpcf7-text wpcf7-validates-as-tel\" aria-required=\"true\" aria-invalid=\"false\" placeholder=\"Tel\u00e8fon\" value=\"\" type=\"tel\" name=\"your-tel\" \/><\/span> <\/label><br \/>\n<label><span class=\"wpcf7-form-control-wrap\" data-name=\"your-sector\"><input size=\"40\" maxlength=\"400\" class=\"wpcf7-form-control wpcf7-text\" aria-invalid=\"false\" placeholder=\"Sector\" value=\"\" type=\"text\" name=\"your-sector\" \/><\/span> <\/label><br \/>\n<label><span class=\"wpcf7-form-control-wrap\" data-name=\"your-message\"><textarea cols=\"40\" rows=\"10\" maxlength=\"2000\" class=\"wpcf7-form-control wpcf7-textarea wpcf7-validates-as-required\" aria-required=\"true\" aria-invalid=\"false\" placeholder=\"Digues-nos qu\u00e8 necessites\" name=\"your-message\"><\/textarea><\/span> <\/label><br \/>\n<label>Com ens has conegut:<span class=\"wpcf7-form-control-wrap\" data-name=\"menu-660\"><select class=\"wpcf7-form-control wpcf7-select wpcf7-validates-as-required\" aria-required=\"true\" aria-invalid=\"false\" name=\"menu-660\"><option value=\"\">&#8212;Por favor, elige una opci\u00f3n&#8212;<\/option><option value=\"Cerca a Google\">Cerca a Google<\/option><option value=\"Instagram\">Instagram<\/option><option value=\"Facebook\">Facebook<\/option><option value=\"Linkedin\">Linkedin<\/option><option value=\"Twitter\">Twitter<\/option><\/select><\/span><\/label>\n<\/p>\n<div class=\"form-consent\">\n\t<p><span class=\"wpcf7-form-control-wrap\" data-name=\"acepta-politica\"><span class=\"wpcf7-form-control wpcf7-acceptance\"><span class=\"wpcf7-list-item\"><label><input type=\"checkbox\" name=\"acepta-politica\" value=\"1\" aria-invalid=\"false\" \/><span class=\"wpcf7-list-item-label\">He llegit i accepto les condicions contingudes en la <a href=\"\/politica-de-privacidad\" target=\"_blank\">pol\u00edtica de privacitat<\/a> sobre el tractament de les meves dades per a gestionar la meva consulta o petici\u00f3.<\/span><\/label><\/span><\/span><\/span><br \/>\n<span class=\"wpcf7-form-control-wrap\" data-name=\"acepta-info-comercial\"><span class=\"wpcf7-form-control wpcf7-checkbox\"><span class=\"wpcf7-list-item first last\"><input type=\"checkbox\" name=\"acepta-info-comercial[]\" value=\"Ens agradaria que ens prestessis el teu consentiment per a enviar-te informaci\u00f3 comercial sobre els productes, serveis, novetats de TROY&amp;MACCLURE, S.L.\" \/><span class=\"wpcf7-list-item-label\">Ens agradaria que ens prestessis el teu consentiment per a enviar-te informaci\u00f3 comercial sobre els productes, serveis, novetats de TROY&amp;MACCLURE, S.L.<\/span><\/span><\/span><\/span>\n\t<\/p>\n<\/div>\n<p><input class=\"wpcf7-form-control wpcf7-submit has-spinner\" type=\"submit\" value=\"Enviar\" \/>\n<\/p>\n<input class=\"wpcf7-form-control wpcf7-hidden\" id=\"gaCookie\" value=\"\" type=\"hidden\" name=\"gaCookie\" \/>\n<input class=\"wpcf7-form-control wpcf7-hidden\" value=\"\" type=\"hidden\" name=\"ga_campaign\" \/>\n<input class=\"wpcf7-form-control wpcf7-hidden\" value=\"\" type=\"hidden\" name=\"ga_medium\" \/>\n<input class=\"wpcf7-form-control wpcf7-hidden\" value=\"\" type=\"hidden\" name=\"ga_source\" \/>\n<input class=\"wpcf7-form-control wpcf7-hidden\" value=\"\" type=\"hidden\" name=\"ga_content\" \/>\n<input class=\"wpcf7-form-control wpcf7-hidden\" value=\"\" type=\"hidden\" name=\"ga_keyword\" \/>\n<input class=\"wpcf7-form-control wpcf7-hidden\" value=\"\" type=\"hidden\" name=\"landing_page_fdc\" \/><div class=\"wpcf7-response-output\" aria-hidden=\"true\"><\/div>\n<\/form>\n<\/div>\n<\/div><\/div><\/div><\/section>\n<\/div>","protected":false},"excerpt":{"rendered":"M\u00e9s de 500 milions d'euros a taquilla, 2.600.000 entrades venudes\u2026 Els escumosos n\u00fameros dels festivals de m\u00fasica a Espanya els han portat a convertir-se en molt m\u00e9s que simples esdeveniments culturals; s\u00f3n tamb\u00e9 per m\u00e8rits propis aut\u00e8ntiques plataformes de M\u00e0rqueting per a les marques m\u00e9s importants del planeta. Gegants de la tecnologia, begudes energ\u00e8tiques, t\u00e8xtil i moda, alimentaci\u00f3, tots els sectors competeixen per una pres\u00e8ncia destacada en aquests espais plens d'energia i diversitat. Qu\u00e8 fa que les grans marques inverteixin tant en publicitat en aquest tipus d\u2019esdeveniments? La resposta segurament \u00e9s una combinaci\u00f3 \u00fanica d'audi\u00e8ncia compromesa, oportunitats d'associaci\u00f3 estrat\u00e8gica i el poder de l'experi\u00e8ncia compartida. Els festivals de m\u00fasica atrauen un p\u00fablic enormement divers i comprom\u00e8s. Des de joves entusiastes de la m\u00fasica fins a turisme despla\u00e7at espec\u00edficament per a l'ocasi\u00f3, aquests saraus reuneixen persones d'un espectre ampl\u00edssim d'edats, proced\u00e8ncies i estils de vida. Una audi\u00e8ncia altament desitjable per a les marques, ja que els ofereix l'oportunitat d'arribar a una \u00e0mplia gamma de consumidors potencials en un mateix espai i temps. A m\u00e9s a m\u00e9s, el comprom\u00eds dels assistents als festivals \u00e9s notablement alt; estan disposats a explorar noves experi\u00e8ncies i, per tant, s\u00f3n receptius als missatges publicitaris que se'ls...","protected":false},"author":1,"featured_media":38167,"comment_status":"closed","ping_status":"closed","sticky":false,"template":"","format":"standard","meta":{"footnotes":""},"categories":[136],"tags":[],"class_list":["post-38169","post","type-post","status-publish","format-standard","has-post-thumbnail","hentry","category-blog-ca"],"_links":{"self":[{"href":"https:\/\/flandecoco.net\/ca\/wp-json\/wp\/v2\/posts\/38169","targetHints":{"allow":["GET"]}}],"collection":[{"href":"https:\/\/flandecoco.net\/ca\/wp-json\/wp\/v2\/posts"}],"about":[{"href":"https:\/\/flandecoco.net\/ca\/wp-json\/wp\/v2\/types\/post"}],"author":[{"embeddable":true,"href":"https:\/\/flandecoco.net\/ca\/wp-json\/wp\/v2\/users\/1"}],"replies":[{"embeddable":true,"href":"https:\/\/flandecoco.net\/ca\/wp-json\/wp\/v2\/comments?post=38169"}],"version-history":[{"count":2,"href":"https:\/\/flandecoco.net\/ca\/wp-json\/wp\/v2\/posts\/38169\/revisions"}],"predecessor-version":[{"id":38172,"href":"https:\/\/flandecoco.net\/ca\/wp-json\/wp\/v2\/posts\/38169\/revisions\/38172"}],"wp:featuredmedia":[{"embeddable":true,"href":"https:\/\/flandecoco.net\/ca\/wp-json\/wp\/v2\/media\/38167"}],"wp:attachment":[{"href":"https:\/\/flandecoco.net\/ca\/wp-json\/wp\/v2\/media?parent=38169"}],"wp:term":[{"taxonomy":"category","embeddable":true,"href":"https:\/\/flandecoco.net\/ca\/wp-json\/wp\/v2\/categories?post=38169"},{"taxonomy":"post_tag","embeddable":true,"href":"https:\/\/flandecoco.net\/ca\/wp-json\/wp\/v2\/tags?post=38169"}],"curies":[{"name":"wp","href":"https:\/\/api.w.org\/{rel}","templated":true}]}}