{"id":36673,"date":"2023-11-27T11:17:34","date_gmt":"2023-11-27T11:17:34","guid":{"rendered":"https:\/\/flandecoco.net\/?p=36673"},"modified":"2023-11-27T11:20:52","modified_gmt":"2023-11-27T11:20:52","slug":"foodlovers-per-a-una-experiencia-season","status":"publish","type":"post","link":"https:\/\/flandecoco.net\/ca\/noticies\/foodlovers-per-a-una-experiencia-season","title":{"rendered":"Foodlovers per a una experi\u00e8ncia Season"},"content":{"rendered":"<div class=\"wpb-content-wrapper\"><section class=\"vc_row wpb_row vc_row-fluid row-blog-interior  vc_row-o-content-middle vc_row-flex\"><div class=\"wpb_column vc_column_container vc_col-sm-12  col-xs-mobile-fullwidth\"><div class=\"vc_column-inner \"><div class=\"wpb_wrapper\"><div class=\"p-blog-fluido last-paragraph-no-margin\"><p><span style=\"font-weight: 400;\">L&#8217;\u00e8xit es construeix estenent ponts, mai aixecant obstacles. I sota aquesta premissa tan Mr. Wonderful Way of Life es va edificar l&#8217;esdeveniment de presentaci\u00f3 de la nova carta de tardor-hivern de <\/span><a href=\"https:\/\/www.seasonrestaurante.es\/\"><b>Season Tapas Restaurante<\/b><\/a><span style=\"font-weight: 400;\">. Un acto que convoc\u00f3 a una cuidada selecci\u00f3n de influencers del universo foodie para degustar las novedades del espacio del Eixample. Una Season Night de construir puentes desde el amor por las gastroexperiences que marcan la diferencia.\u00a0<\/span><\/p>\n<p><span style=\"font-weight: 400;\">Un acte que va convocar una acurada selecci\u00f3 d\u2019influencers de l\u2019univers foodie per degustar les novetats de l\u2019espai de l\u2019Eixample. Una Season Night de construir ponts des de l&#8217;amor per les gastroexperi\u00e8ncies que marquen la difer\u00e8ncia.<\/span><\/p>\n<p><span style=\"font-weight: 400;\">Estefania, Josu\u00e9 i el Xef Executiu de Season, Pol Tortajada, van ser els encarregats de la mise en plau d&#8217;un men\u00fa degustaci\u00f3 que marida estacionalitat amb la fusi\u00f3 entre cuina internacional, mediterr\u00e0nia i creativa que \u00e9s ADN de l&#8217;espai. Una proposta sorprenent, genu\u00efna i plena d&#8217;opcions veganes, que va meravellar des del primers mos.<\/span><\/p>\n<\/div>[vc_single_image image=&#8221;36667&#8243; img_size=&#8221;full&#8221;]<div class=\"p-blog-fluido last-paragraph-no-margin\"><p><span style=\"font-weight: 400;\">Un aut\u00e8ntic hit les vieires a la planxa amb fons de salsa teriyaki, edemame i caramel d&#8217;oliva Kalamata, l&#8217;steak t\u00e0rtar de tom\u00e0quet sec Season amb mantega vegana fumada i el sandvitx mallorqu\u00ed amb amanida de fonoll i granny Smith.<\/span><\/p>\n<p><span style=\"font-weight: 400;\">El pollastre a baixa temperatura amb crema de blat de moro dol\u00e7, pl\u00e0tan i demiglace de pollastre a la llima, la feria amb moniato i ceba tendra xinesa, i el rissotto d&#8217;arr\u00f2s carnalori amb ceps i carbasses el van trencar en la degustaci\u00f3 dels segons.<\/span><\/p>\n<p><span style=\"font-weight: 400;\">El coneixement, passi\u00f3 per la cuina i excel\u00b7lent atmosfera generats pels creador@s digitals de <\/span><a href=\"https:\/\/www.instagram.com\/chich.eats\/\"><b>chich.eats<\/b><\/a> <span style=\"font-weight: 400;\">, <\/span><a href=\"https:\/\/www.instagram.com\/comer.en.barcelona\/\"><b>comer.en.barcelona<\/b><\/a><span style=\"font-weight: 400;\">, <\/span><a href=\"https:\/\/www.instagram.com\/hungryfeels\/\"><b>hungryfeels<\/b><\/a><span style=\"font-weight: 400;\">,\u00a0 <\/span><a href=\"https:\/\/www.instagram.com\/veganhousebcn\/\"><b>veganhousebcn<\/b><\/a><span style=\"font-weight: 400;\">, <\/span><a href=\"https:\/\/www.instagram.com\/foodgordidos\/\"><b>foodgordidos<\/b><\/a><span style=\"font-weight: 400;\"> i\u00a0<\/span><a href=\"https:\/\/www.instagram.com\/negracomoyo\/\"><b>negracomoyo<\/b><\/a><span style=\"font-weight: 400;\">\u00a0van servir per emprendre els finals Season plens d&#8217;amor amb ganes de seguir sorprenent.<\/span><\/p>\n<\/div>[vc_single_image image=&#8221;36669&#8243; img_size=&#8221;full&#8221;]<div class=\"p-blog-fluido last-paragraph-no-margin\"><p><span style=\"font-weight: 400;\">I sens dubte la selecci\u00f3 de postres ho va aconseguir. Una festa per als sentits que en forma de mini torrija amb crema de baileys i mussolina de vainilla, mini del\u00edcia de coco, mango i gerds, les textures de remolatxa amb sorbet de granny Smith, i coca pasta de full de xocolates amb caramel salat i avellanes van posar el fant\u00e0stic ep\u00edleg a la cita.<\/span><\/p>\n<p><span style=\"font-weight: 400;\">Una acci\u00f3 d&#8217;estendre ponts entre la for\u00e7a Social Media <\/span><a href=\"https:\/\/flandecoco.net\/ca\/blog-ca\/posa-un-influencer-a-la-vida-del-teu-negoci\"><b>d&#8217;<\/b><b>influencers sectorials<\/b><\/a><span style=\"font-weight: 400;\">\u00a0i <\/span><a href=\"https:\/\/www.seasonrestaurante.es\/ca\/carta-de-temporada\/\"><b>l&#8217;oferta d&#8217;excel\u00b7l\u00e8ncia distintiva<\/b><\/a><span style=\"font-weight: 400;\">\u00a0a la ciutat de Barcelona de Season Tapas Restaurant que, de la m\u00e0 dels <\/span><a href=\"https:\/\/flandecoco.net\/ca\/serveis\"><b>equips de M\u00e0rqueting i Comunicaci\u00f3 de FlandeCoco<\/b><\/a><span style=\"font-weight: 400;\">, promet pel seu \u00e8xit tenir continu\u00eftat durant el curs 2024.<\/span><\/p>\n<\/div><\/div><\/div><\/div><\/section><section class=\"vc_row wpb_row vc_row-fluid  vc_custom_1618396747927\"><div class=\"wpb_column vc_column_container vc_col-sm-12  col-xs-mobile-fullwidth\"><div class=\"vc_column-inner \"><div class=\"wpb_wrapper\">\n<div class=\"wpcf7 no-js\" id=\"wpcf7-f6-o1\" lang=\"es-ES\" dir=\"ltr\" data-wpcf7-id=\"6\">\n<div class=\"screen-reader-response\"><p role=\"status\" aria-live=\"polite\" aria-atomic=\"true\"><\/p> <ul><\/ul><\/div>\n<form action=\"\/ca\/wp-json\/wp\/v2\/posts\/36673#wpcf7-f6-o1\" method=\"post\" class=\"wpcf7-form init\" aria-label=\"Formulario de contacto\" novalidate=\"novalidate\" data-status=\"init\">\n<fieldset class=\"hidden-fields-container\"><input type=\"hidden\" name=\"_wpcf7\" value=\"6\" \/><input type=\"hidden\" name=\"_wpcf7_version\" value=\"6.1.5\" \/><input type=\"hidden\" name=\"_wpcf7_locale\" value=\"es_ES\" \/><input type=\"hidden\" name=\"_wpcf7_unit_tag\" value=\"wpcf7-f6-o1\" \/><input type=\"hidden\" name=\"_wpcf7_container_post\" value=\"0\" \/><input type=\"hidden\" name=\"_wpcf7_posted_data_hash\" value=\"\" \/><input type=\"hidden\" name=\"_wpcf7_recaptcha_response\" value=\"\" \/>\n<\/fieldset>\n<p><label><span class=\"wpcf7-form-control-wrap\" data-name=\"your-name\"><input size=\"40\" maxlength=\"400\" class=\"wpcf7-form-control wpcf7-text wpcf7-validates-as-required\" aria-required=\"true\" aria-invalid=\"false\" placeholder=\"Nombre y Apellidos\" value=\"\" type=\"text\" name=\"your-name\" \/><\/span> <\/label><br \/>\n<label><span class=\"wpcf7-form-control-wrap\" data-name=\"your-email\"><input size=\"40\" maxlength=\"400\" class=\"wpcf7-form-control wpcf7-email wpcf7-validates-as-required wpcf7-text wpcf7-validates-as-email\" aria-required=\"true\" aria-invalid=\"false\" placeholder=\"Email\" value=\"\" type=\"email\" name=\"your-email\" \/><\/span> <\/label><br \/>\n<label> <span class=\"wpcf7-form-control-wrap\" data-name=\"your-tel\"><input size=\"40\" maxlength=\"400\" class=\"wpcf7-form-control wpcf7-tel wpcf7-validates-as-required wpcf7-text wpcf7-validates-as-tel\" aria-required=\"true\" aria-invalid=\"false\" placeholder=\"Tel\u00e9fono\" value=\"\" type=\"tel\" name=\"your-tel\" \/><\/span> <\/label><br \/>\n<label><span class=\"wpcf7-form-control-wrap\" data-name=\"your-empresa\"><input size=\"40\" maxlength=\"400\" class=\"wpcf7-form-control wpcf7-text wpcf7-validates-as-required\" aria-required=\"true\" aria-invalid=\"false\" placeholder=\"Empresa\" value=\"\" type=\"text\" name=\"your-empresa\" \/><\/span> <\/label><br \/>\n<label><span class=\"wpcf7-form-control-wrap\" data-name=\"your-sector\"><input size=\"40\" maxlength=\"400\" class=\"wpcf7-form-control wpcf7-text\" aria-invalid=\"false\" placeholder=\"Sector\" value=\"\" type=\"text\" name=\"your-sector\" \/><\/span> <\/label><br \/>\n<label><span class=\"wpcf7-form-control-wrap\" data-name=\"your-message\"><textarea cols=\"40\" rows=\"10\" maxlength=\"2000\" class=\"wpcf7-form-control wpcf7-textarea wpcf7-validates-as-required\" aria-required=\"true\" aria-invalid=\"false\" placeholder=\"Dinos qu\u00e9 necesitas\" name=\"your-message\"><\/textarea><\/span> <\/label><br \/>\n<label>C\u00f3mo nos has conocido:<span class=\"wpcf7-form-control-wrap\" data-name=\"menu-213\"><select class=\"wpcf7-form-control wpcf7-select wpcf7-validates-as-required\" aria-required=\"true\" aria-invalid=\"false\" name=\"menu-213\"><option value=\"\">&#8212;Por favor, elige una opci\u00f3n&#8212;<\/option><option value=\"B\u00fasqueda en Google.\">B\u00fasqueda en Google.<\/option><option value=\"Instagram\">Instagram<\/option><option value=\"Facebook\">Facebook<\/option><option value=\"Linkedin\">Linkedin<\/option><option value=\"Twitter\">Twitter<\/option><\/select><\/span><\/label>\n<\/p>\n<div class=\"form-consent\">\n\t<p style=\"font-size:14px;line-height: 1.2;margin-bottom:10px;\">TROY&MACCLURE, S.L. como responsable del tratamiento tratar\u00e1 tus datos con la finalidad de dar respuesta a tu consulta o petici\u00f3n. Puedes acceder, rectificar y suprimir tus datos, as\u00ed como ejercer otros derechos consultando la informaci\u00f3n adicional y detallada sobre protecci\u00f3n de datos en nuestra <a href=\"\/politica-de-privacidad\" target=\"_blank\">pol\u00edtica de privacidad<\/a>\n\t<\/p>\n\t<p><span class=\"wpcf7-form-control-wrap\" data-name=\"acepta-politica\"><span class=\"wpcf7-form-control wpcf7-acceptance\"><span class=\"wpcf7-list-item\"><label><input type=\"checkbox\" name=\"acepta-politica\" value=\"1\" aria-invalid=\"false\" \/><span class=\"wpcf7-list-item-label\">He le\u00eddo y acepto las condiciones contenidas en la <a href=\"\/politica-de-privacidad\" target=\"_blank\"> pol\u00edtica de privacidad<\/a> sobre el tratamiento de mis datos para gestionar mi consulta o petici\u00f3n.<\/span><\/label><\/span><\/span><\/span><br \/>\n<span class=\"wpcf7-form-control-wrap\" data-name=\"acepta-info-comercial\"><span class=\"wpcf7-form-control wpcf7-checkbox\"><span class=\"wpcf7-list-item first last\"><input type=\"checkbox\" name=\"acepta-info-comercial[]\" value=\"Nos gustar\u00eda que nos prestaras tu consentimiento para enviarte informaci\u00f3n comercial sobre los productos, servicios, novedades de TROY&amp;MACCLURE, S.L.\" \/><span class=\"wpcf7-list-item-label\">Nos gustar\u00eda que nos prestaras tu consentimiento para enviarte informaci\u00f3n comercial sobre los productos, servicios, novedades de TROY&amp;MACCLURE, S.L.<\/span><\/span><\/span><\/span>\n\t<\/p>\n<\/div>\n<p><input class=\"wpcf7-form-control wpcf7-submit has-spinner\" type=\"submit\" value=\"Enviar\" \/>\n<\/p>\n<input class=\"wpcf7-form-control wpcf7-hidden\" id=\"gaCookie\" value=\"\" type=\"hidden\" name=\"gaCookie\" \/>\n<input class=\"wpcf7-form-control wpcf7-hidden\" value=\"\" type=\"hidden\" name=\"ga_campaign\" \/>\n<input class=\"wpcf7-form-control wpcf7-hidden\" value=\"\" type=\"hidden\" name=\"ga_medium\" \/>\n<input class=\"wpcf7-form-control wpcf7-hidden\" value=\"\" type=\"hidden\" name=\"ga_source\" \/>\n<input class=\"wpcf7-form-control wpcf7-hidden\" value=\"\" type=\"hidden\" name=\"ga_content\" \/>\n<input class=\"wpcf7-form-control wpcf7-hidden\" value=\"\" type=\"hidden\" name=\"ga_keyword\" \/>\n<input class=\"wpcf7-form-control wpcf7-hidden\" value=\"\" type=\"hidden\" name=\"landing_page_fdc\" \/><div class=\"wpcf7-response-output\" aria-hidden=\"true\"><\/div>\n<\/form>\n<\/div>\n<\/div><\/div><\/div><\/section>\n<\/div>","protected":false},"excerpt":{"rendered":"L'\u00e8xit es construeix estenent ponts, mai aixecant obstacles. I sota aquesta premissa tan Mr. Wonderful Way of Life es va edificar l'esdeveniment de presentaci\u00f3 de la nova carta de tardor-hivern de Season Tapas Restaurante. Un acto que convoc\u00f3 a una cuidada selecci\u00f3n de influencers del universo foodie para degustar las novedades del espacio del Eixample. Una Season Night de construir puentes desde el amor por las gastroexperiences que marcan la diferencia.\u00a0 Un acte que va convocar una acurada selecci\u00f3 d\u2019influencers de l\u2019univers foodie per degustar les novetats de l\u2019espai de l\u2019Eixample. Una Season Night de construir ponts des de l'amor per les gastroexperi\u00e8ncies que marquen la difer\u00e8ncia. Estefania, Josu\u00e9 i el Xef Executiu de Season, Pol Tortajada, van ser els encarregats de la mise en plau d'un men\u00fa degustaci\u00f3 que marida estacionalitat amb la fusi\u00f3 entre cuina internacional, mediterr\u00e0nia i creativa que \u00e9s ADN de l'espai. Una proposta sorprenent, genu\u00efna i plena d'opcions veganes, que va meravellar des del primers mos. [vc_single_image image=\"36667\" img_size=\"full\"]Un aut\u00e8ntic hit les vieires a la planxa amb fons de salsa teriyaki, edemame i caramel d'oliva Kalamata, l'steak t\u00e0rtar de tom\u00e0quet sec Season amb mantega vegana fumada i el sandvitx mallorqu\u00ed amb amanida de fonoll i...","protected":false},"author":1,"featured_media":36666,"comment_status":"closed","ping_status":"closed","sticky":false,"template":"","format":"standard","meta":{"footnotes":""},"categories":[137],"tags":[],"class_list":["post-36673","post","type-post","status-publish","format-standard","has-post-thumbnail","hentry","category-noticies"],"_links":{"self":[{"href":"https:\/\/flandecoco.net\/ca\/wp-json\/wp\/v2\/posts\/36673","targetHints":{"allow":["GET"]}}],"collection":[{"href":"https:\/\/flandecoco.net\/ca\/wp-json\/wp\/v2\/posts"}],"about":[{"href":"https:\/\/flandecoco.net\/ca\/wp-json\/wp\/v2\/types\/post"}],"author":[{"embeddable":true,"href":"https:\/\/flandecoco.net\/ca\/wp-json\/wp\/v2\/users\/1"}],"replies":[{"embeddable":true,"href":"https:\/\/flandecoco.net\/ca\/wp-json\/wp\/v2\/comments?post=36673"}],"version-history":[{"count":1,"href":"https:\/\/flandecoco.net\/ca\/wp-json\/wp\/v2\/posts\/36673\/revisions"}],"predecessor-version":[{"id":36674,"href":"https:\/\/flandecoco.net\/ca\/wp-json\/wp\/v2\/posts\/36673\/revisions\/36674"}],"wp:featuredmedia":[{"embeddable":true,"href":"https:\/\/flandecoco.net\/ca\/wp-json\/wp\/v2\/media\/36666"}],"wp:attachment":[{"href":"https:\/\/flandecoco.net\/ca\/wp-json\/wp\/v2\/media?parent=36673"}],"wp:term":[{"taxonomy":"category","embeddable":true,"href":"https:\/\/flandecoco.net\/ca\/wp-json\/wp\/v2\/categories?post=36673"},{"taxonomy":"post_tag","embeddable":true,"href":"https:\/\/flandecoco.net\/ca\/wp-json\/wp\/v2\/tags?post=36673"}],"curies":[{"name":"wp","href":"https:\/\/api.w.org\/{rel}","templated":true}]}}