{"id":36039,"date":"2023-09-19T15:41:07","date_gmt":"2023-09-19T15:41:07","guid":{"rendered":"https:\/\/flandecoco.net\/?p=36039"},"modified":"2023-09-19T15:44:51","modified_gmt":"2023-09-19T15:44:51","slug":"marqueting-tops-per-al-sector-de-cosmetica-natural-i-vegana","status":"publish","type":"post","link":"https:\/\/flandecoco.net\/ca\/blog-ca\/marqueting-tops-per-al-sector-de-cosmetica-natural-i-vegana","title":{"rendered":"M\u00e0rqueting Tops per al sector de cosm\u00e8tica natural i vegana"},"content":{"rendered":"<div class=\"wpb-content-wrapper\"><section class=\"vc_row wpb_row vc_row-fluid row-blog-interior  vc_row-o-content-middle vc_row-flex\"><div class=\"wpb_column vc_column_container vc_col-sm-12  col-xs-mobile-fullwidth\"><div class=\"vc_column-inner \"><div class=\"wpb_wrapper\"><div class=\"p-blog-fluido last-paragraph-no-margin\"><p><span style=\"font-weight: 400;\">A la Bolsa dels Sectors, el de la cosm\u00e8tica en general i el de la bellesa natural en particular s\u00f3n valors que cotitzen molt a l&#8217;al\u00e7a. Les vendes en aquesta ind\u00fastria van assolir els <\/span><a href=\"https:\/\/cincodias.elpais.com\/fortunas\/2023-04-13\/el-sector-de-la-cosmetica-y-perfumeria-aumenta-un-11-las-ventas-en-2022.htm\"><b>9.250 milions d&#8217;euros el 2022<\/b><\/a><span style=\"font-weight: 400;\">. Un 11,3% superior a l&#8217;exercici anterior i d&#8217;un +9,3% si l&#8217;an\u00e0lisi comparativa la portem fins al prepand\u00e8mic 2019.<\/span><\/p>\n<p><span style=\"font-weight: 400;\">Una vigoritzaci\u00f3 sectorial en qu\u00e8 ha col\u00b7laborat activament el moviment de la cosm\u00e8tica natural i vegana. Molt m\u00e9s que una moda o tend\u00e8ncia passatgera, d&#8217;acord amb la inq\u00fcestionable conscienciaci\u00f3 global liderada pels <\/span><a href=\"https:\/\/flandecoco.net\/blog\/dime-cual-es-tu-generacion-y-te-dire-que-tipo-de-consumidor-eres\"><b>millenials<\/b><\/a><span style=\"font-weight: 400;\">, corroborada per estudis que indiquen que podria arribar als <\/span><a href=\"https:\/\/mx.fashionnetwork.com\/news\/La-cosmetica-vegana-al-alza,986343.html\"><b>18 milions d&#8217;euros el 2025<\/b><\/a><span style=\"font-weight: 400;\">\u00a0i una taxa de creixement anual del 6&#8217;3%.<\/span><\/p>\n<p><span style=\"font-weight: 400;\">En el m\u00f3n actual, on la consci\u00e8ncia ambiental i la cura personal van de la m\u00e0 del mercat, les empreses de cosm\u00e8tica natural i vegana tenen un paper fonamental per exercir. No es tracta d&#8217;oferir \u00fanicament productes m\u00e9s saludables i respectuosos amb el medi ambient, tamb\u00e9 han de comunicar els seus valors de manera efectiva per arribar a un p\u00fablic cada cop m\u00e9s conscient del que compra i utilitza per al seu cos.<\/span><\/p>\n<p><span style=\"font-weight: 400;\">Avui explorarem com el M\u00e0rqueting i la Comunicaci\u00f3 poden ser la clau per a l&#8217;\u00e8xit de les empreses de cosm\u00e8tica natural.<\/span><\/p>\n<\/div>[vc_single_image image=&#8221;36032&#8243; img_size=&#8221;full&#8221;]<span class=\"text-extra-large margin-25px-bottom display-inline-block alt-font heading-style3  heading-1\" >El cor del negoci: valors i \u00e8tica<\/span><div class=\"p-blog-fluido last-paragraph-no-margin\"><p><span style=\"font-weight: 400;\">Abans de submergir-nos en les diferents estrat\u00e8gies de M\u00e0rqueting i Comunicaci\u00f3, \u00e9s essencial que les empreses de cosm\u00e8tica natural estableixin un full de ruta de valors i \u00e8tica. La transpar\u00e8ncia, la sostenibilitat, el comprom\u00eds amb ingredients naturals i una <\/span>filosofia <a href=\"https:\/\/www.planetahuerto.es\/revista\/producto-cruelty-free-y-como-identificarlo_00832\"><strong>cruelty free <\/strong><\/a><span style=\"font-weight: 400;\"> s\u00f3n components fonamentals. Aquests valors han de funcionar com a \u00e0nima del seu negoci i guiar cada decisi\u00f3 que prenguin.<\/span><\/p>\n<p><span style=\"font-weight: 400;\">Un cop s&#8217;han establert aquests valors, \u00e9s hora de construir una identitat de marca s\u00f2lida. Qu\u00e8 fa que una empresa sigui \u00fanica al m\u00f3n de la cosm\u00e8tica natural? Quina \u00e9s la hist\u00f2ria darrere dels seus productes? La identitat d&#8217;una marca ha de reflectir els valors i impactar en el p\u00fablic objectiu.<\/span><\/p>\n<\/div><span class=\"text-extra-large margin-25px-bottom display-inline-block alt-font heading-style3  heading-2\" >Comunicaci\u00f3 aut\u00e8ntica i transparent<\/span><div class=\"p-blog-fluido last-paragraph-no-margin\"><p><span style=\"font-weight: 400;\">Al m\u00f3n del M\u00e0rqueting per a empreses de cosm\u00e8tica natural, l&#8217;autenticitat i la transpar\u00e8ncia s\u00f3n claus. L&#8217;audi\u00e8ncia vol con\u00e8ixer la proced\u00e8ncia dels ingredients, les pr\u00e0ctiques de producci\u00f3 i els compromisos de marca amb el medi ambient. Comunicar aquests aspectes de manera clara i sincera ajudar\u00e0 a guanyar la confian\u00e7a dels clients.<\/span><\/p>\n<\/div><span class=\"text-extra-large margin-25px-bottom display-inline-block alt-font heading-style3  heading-3\" >Xarxes Socials i contingut de valor <\/span><div class=\"p-blog-fluido last-paragraph-no-margin\"><p><span style=\"font-weight: 400;\">Les Xarxes Socials s\u00f3n un poder\u00f3s canal de M\u00e0rqueting per a les empreses de cosm\u00e8tica natural. Utilitzen plataformes com Instagram, Facebook i Tik Tok per compartir contingut relacionat amb la bellesa natural, consells de cura de la pell i testimonis de clients satisfets. El <\/span><a href=\"https:\/\/flandecoco.net\/blog\/como-potenciar-la-creatividad-en-tus-redes-sociales\"><b>contingut de valor i creatiu<\/b><\/a><span style=\"font-weight: 400;\">\u00a0ajuda a crear una comunitat compromesa al voltant de la marca i prescriptora dels seus productes.<\/span><\/p>\n<\/div><span class=\"text-extra-large margin-25px-bottom display-inline-block alt-font heading-style3  heading-4\" >Influencers i col\u00b7laboracions<\/span><div class=\"p-blog-fluido last-paragraph-no-margin\"><p><span style=\"font-weight: 400;\">Les col\u00b7laboracions amb influencers que comparteixen els valors de marca es mostren dia rere dia com una estrat\u00e8gia extraordin\u00e0riament efectiva. No tot en aquest m\u00f3n passa pels grans noms, prendre com a ambaixadors a <\/span><a href=\"https:\/\/flandecoco.net\/lnd\/flandecoco-agencia-de-marketing-de-influencers\"><b>m\u00e8dium, micro i nanoinfluencers<\/b><\/a><span style=\"font-weight: 400;\">\u00a0amb una audi\u00e8ncia af\u00ed als teus productes \u00e9s una excel\u00b7lent opci\u00f3. El seu suport i proactivitat augmenten visibilitat, credibilitat i\u2026 vendes.<\/span><\/p>\n<\/div>[vc_single_image image=&#8221;36034&#8243; img_size=&#8221;full&#8221;]<span class=\"text-extra-large margin-25px-bottom display-inline-block alt-font heading-style3  heading-5\" >Atenci\u00f3 a les etiquetes i certificacions<\/span><div class=\"p-blog-fluido last-paragraph-no-margin\"><p><span style=\"font-weight: 400;\">Les etiquetes i certificacions de &#8220;org\u00e0nic&#8221;, &#8220;cruelty-free&#8221; i &#8220;sense parabens&#8221; s\u00f3n essencials per a les empreses de cosm\u00e8tica natural i vegana. S&#8217;han d&#8217;usar amb extrem rigor i assegurant que els productes compleixen els est\u00e0ndards necessaris per comunicar clarament aquestes certificacions en envasos i materials de M\u00e0rqueting.<\/span><\/p>\n<\/div><span class=\"text-extra-large margin-25px-bottom display-inline-block alt-font heading-style3  heading-6\" >Estrat\u00e8gies de contingut educatiu<\/span><div class=\"p-blog-fluido last-paragraph-no-margin\"><p><span style=\"font-weight: 400;\">El M\u00e0rqueting de continguts \u00e9s una eina enormement poderosa. Essencial crear continguts educatius que expliquin els beneficis dels ingredients naturals, ofereixin consells de cura de la pell i ressaltin els problemes que una marca est\u00e0 ajudant a abordar, com ara la reducci\u00f3 de residus o la promoci\u00f3 d&#8217;ingredients sostenibles.<\/span><\/p>\n<\/div><span class=\"text-extra-large margin-25px-bottom display-inline-block alt-font heading-style3  heading-7\" >Campanyes de Responsabilitat Social Corporativa (RSC)<\/span><div class=\"p-blog-fluido last-paragraph-no-margin\"><p><span style=\"font-weight: 400;\">Les empreses de cosm\u00e8tica natural i vegana sovint estan en una posici\u00f3 \u00fanica per contribuir al benestar de la societat i el medi ambient. Impulsar campanyes de RSC que demostrin el seu comprom\u00eds amb causes rellevants, com la conservaci\u00f3 de la biodiversitat o la lluita contra la contaminaci\u00f3 pl\u00e0stica est\u00e0 considerablement valorat pels consumidors.<\/span><\/p>\n<\/div><span class=\"text-extra-large margin-25px-bottom display-inline-block alt-font heading-style3  heading-8\" >La import\u00e0ncia del feedback dels clients<\/span><div class=\"p-blog-fluido last-paragraph-no-margin\"><p><span style=\"font-weight: 400;\">Crear canals per saber emprar-los. Escoltar els clients, els seus comentaris i ressenyes proporciona una informaci\u00f3 valuosa per millorar els productes i l\u2019estrat\u00e8gia de M\u00e0rqueting que sest\u00e0 executant. Fomenta la retroalimentaci\u00f3 i mostra als clients que les seves opinions importen.<\/span><\/p>\n<\/div>[vc_single_image image=&#8221;36036&#8243; img_size=&#8221;full&#8221;]<span class=\"text-extra-large margin-25px-bottom display-inline-block alt-font heading-style3  heading-9\" >Al dia amb les tend\u00e8ncies<\/span><div class=\"p-blog-fluido last-paragraph-no-margin\"><p><span style=\"font-weight: 400;\">L&#8217;univers de la cosm\u00e8tica natural est\u00e0 en evoluci\u00f3 constant. Mantenir-se al dia amb les darreres tend\u00e8ncies en ingredients, pr\u00e0ctiques sostenibles i tecnologia en la cura de la pell \u00e9s primordial per assegurar que una marca segueixi sent rellevant.<\/span><\/p>\n<p><span style=\"font-weight: 400;\">Autenticitat, transpar\u00e8ncia i construcci\u00f3 duna identitat de marca s\u00f2lida. Tres claus que mitjan\u00e7ant estrat\u00e8gies de M\u00e0rqueting i Comunicaci\u00f3 aconsegueixen reflectir els valors de marca i arribar al p\u00fablic objectiu de manera significativa. Actuant com un actiu col\u00b7laborador perqu\u00e8 una empresa de bellesa cosm\u00e8tica natural i vegana destaqui en un mercat cada cop m\u00e9s competitiu i conscient de la import\u00e0ncia de la bellesa natural i sostenible<\/span><\/p>\n<p><span style=\"font-weight: 400;\">Un temps d&#8217;impuls i canvis que exigeix noves solucions de la m\u00e0 d&#8217;un partner de confian\u00e7a. L&#8217;expertise FlandeCoco en <\/span><a href=\"https:\/\/flandecoco.net\/servicios\"><b>M\u00e0rqueting i Comunicaci\u00f3<\/b><\/a><span style=\"font-weight: 400;\">, i gaireb\u00e9 20 anys gestionant la Publicitat i Comunicaci\u00f3 d&#8217;empreses i punts de venda dels sectors Bellesa, Cosm\u00e8tica, Mediambiental i Sostenibilitat ens acrediten com un col\u00b7laborador d&#8217;\u00e8xit per afrontar els nous reptes de les marques.<\/span><\/p>\n<p><span style=\"font-weight: 400;\">Un men\u00fa de serveis, estrat\u00e8gies i accions, a la mida de cada empresa, necessitats i pressupost, als quals es pot aproximar una mica visitant <\/span><a href=\"https:\/\/flandecoco.net\/\"><b>la nostra web<\/b><\/a><span style=\"font-weight: 400;\">. Si vols informaci\u00f3 addicional per a la teva empresa o negoci, o con\u00e8ixer altres detalls sobre com podem ajudar-lo, ompli el seg\u00fcent formulari ia FlandeCoco r\u00e0pidament et donarem resposta.<\/span><\/p>\n<\/div><\/div><\/div><\/div><\/section><section class=\"vc_row wpb_row vc_row-fluid  vc_custom_1618396747927\"><div class=\"wpb_column vc_column_container vc_col-sm-12  col-xs-mobile-fullwidth\"><div class=\"vc_column-inner \"><div class=\"wpb_wrapper\">\n<div class=\"wpcf7 no-js\" id=\"wpcf7-f6-o1\" lang=\"es-ES\" dir=\"ltr\" data-wpcf7-id=\"6\">\n<div class=\"screen-reader-response\"><p role=\"status\" aria-live=\"polite\" aria-atomic=\"true\"><\/p> <ul><\/ul><\/div>\n<form action=\"\/ca\/wp-json\/wp\/v2\/posts\/36039#wpcf7-f6-o1\" method=\"post\" class=\"wpcf7-form init\" aria-label=\"Formulario de contacto\" novalidate=\"novalidate\" data-status=\"init\">\n<fieldset class=\"hidden-fields-container\"><input type=\"hidden\" name=\"_wpcf7\" value=\"6\" \/><input type=\"hidden\" name=\"_wpcf7_version\" value=\"6.1.5\" \/><input type=\"hidden\" name=\"_wpcf7_locale\" value=\"es_ES\" \/><input type=\"hidden\" name=\"_wpcf7_unit_tag\" value=\"wpcf7-f6-o1\" \/><input type=\"hidden\" name=\"_wpcf7_container_post\" value=\"0\" \/><input type=\"hidden\" name=\"_wpcf7_posted_data_hash\" value=\"\" \/><input type=\"hidden\" name=\"_wpcf7_recaptcha_response\" value=\"\" \/>\n<\/fieldset>\n<p><label><span class=\"wpcf7-form-control-wrap\" data-name=\"your-name\"><input size=\"40\" maxlength=\"400\" class=\"wpcf7-form-control wpcf7-text wpcf7-validates-as-required\" aria-required=\"true\" aria-invalid=\"false\" placeholder=\"Nombre y Apellidos\" value=\"\" type=\"text\" name=\"your-name\" \/><\/span> <\/label><br \/>\n<label><span class=\"wpcf7-form-control-wrap\" data-name=\"your-email\"><input size=\"40\" maxlength=\"400\" class=\"wpcf7-form-control wpcf7-email wpcf7-validates-as-required wpcf7-text wpcf7-validates-as-email\" aria-required=\"true\" aria-invalid=\"false\" placeholder=\"Email\" value=\"\" type=\"email\" name=\"your-email\" \/><\/span> <\/label><br \/>\n<label> <span class=\"wpcf7-form-control-wrap\" data-name=\"your-tel\"><input size=\"40\" maxlength=\"400\" class=\"wpcf7-form-control wpcf7-tel wpcf7-validates-as-required wpcf7-text wpcf7-validates-as-tel\" aria-required=\"true\" aria-invalid=\"false\" placeholder=\"Tel\u00e9fono\" value=\"\" type=\"tel\" name=\"your-tel\" \/><\/span> <\/label><br \/>\n<label><span class=\"wpcf7-form-control-wrap\" data-name=\"your-empresa\"><input size=\"40\" maxlength=\"400\" class=\"wpcf7-form-control wpcf7-text wpcf7-validates-as-required\" aria-required=\"true\" aria-invalid=\"false\" placeholder=\"Empresa\" value=\"\" type=\"text\" name=\"your-empresa\" \/><\/span> <\/label><br \/>\n<label><span class=\"wpcf7-form-control-wrap\" data-name=\"your-sector\"><input size=\"40\" maxlength=\"400\" class=\"wpcf7-form-control wpcf7-text\" aria-invalid=\"false\" placeholder=\"Sector\" value=\"\" type=\"text\" name=\"your-sector\" \/><\/span> <\/label><br \/>\n<label><span class=\"wpcf7-form-control-wrap\" data-name=\"your-message\"><textarea cols=\"40\" rows=\"10\" maxlength=\"2000\" class=\"wpcf7-form-control wpcf7-textarea wpcf7-validates-as-required\" aria-required=\"true\" aria-invalid=\"false\" placeholder=\"Dinos qu\u00e9 necesitas\" name=\"your-message\"><\/textarea><\/span> <\/label><br \/>\n<label>C\u00f3mo nos has conocido:<span class=\"wpcf7-form-control-wrap\" data-name=\"menu-213\"><select class=\"wpcf7-form-control wpcf7-select wpcf7-validates-as-required\" aria-required=\"true\" aria-invalid=\"false\" name=\"menu-213\"><option value=\"\">&#8212;Por favor, elige una opci\u00f3n&#8212;<\/option><option value=\"B\u00fasqueda en Google.\">B\u00fasqueda en Google.<\/option><option value=\"Instagram\">Instagram<\/option><option value=\"Facebook\">Facebook<\/option><option value=\"Linkedin\">Linkedin<\/option><option value=\"Twitter\">Twitter<\/option><\/select><\/span><\/label>\n<\/p>\n<div class=\"form-consent\">\n\t<p style=\"font-size:14px;line-height: 1.2;margin-bottom:10px;\">TROY&MACCLURE, S.L. como responsable del tratamiento tratar\u00e1 tus datos con la finalidad de dar respuesta a tu consulta o petici\u00f3n. Puedes acceder, rectificar y suprimir tus datos, as\u00ed como ejercer otros derechos consultando la informaci\u00f3n adicional y detallada sobre protecci\u00f3n de datos en nuestra <a href=\"\/politica-de-privacidad\" target=\"_blank\">pol\u00edtica de privacidad<\/a>\n\t<\/p>\n\t<p><span class=\"wpcf7-form-control-wrap\" data-name=\"acepta-politica\"><span class=\"wpcf7-form-control wpcf7-acceptance\"><span class=\"wpcf7-list-item\"><label><input type=\"checkbox\" name=\"acepta-politica\" value=\"1\" aria-invalid=\"false\" \/><span class=\"wpcf7-list-item-label\">He le\u00eddo y acepto las condiciones contenidas en la <a href=\"\/politica-de-privacidad\" target=\"_blank\"> pol\u00edtica de privacidad<\/a> sobre el tratamiento de mis datos para gestionar mi consulta o petici\u00f3n.<\/span><\/label><\/span><\/span><\/span><br \/>\n<span class=\"wpcf7-form-control-wrap\" data-name=\"acepta-info-comercial\"><span class=\"wpcf7-form-control wpcf7-checkbox\"><span class=\"wpcf7-list-item first last\"><input type=\"checkbox\" name=\"acepta-info-comercial[]\" value=\"Nos gustar\u00eda que nos prestaras tu consentimiento para enviarte informaci\u00f3n comercial sobre los productos, servicios, novedades de TROY&amp;MACCLURE, S.L.\" \/><span class=\"wpcf7-list-item-label\">Nos gustar\u00eda que nos prestaras tu consentimiento para enviarte informaci\u00f3n comercial sobre los productos, servicios, novedades de TROY&amp;MACCLURE, S.L.<\/span><\/span><\/span><\/span>\n\t<\/p>\n<\/div>\n<p><input class=\"wpcf7-form-control wpcf7-submit has-spinner\" type=\"submit\" value=\"Enviar\" \/>\n<\/p>\n<input class=\"wpcf7-form-control wpcf7-hidden\" id=\"gaCookie\" value=\"\" type=\"hidden\" name=\"gaCookie\" \/>\n<input class=\"wpcf7-form-control wpcf7-hidden\" value=\"\" type=\"hidden\" name=\"ga_campaign\" \/>\n<input class=\"wpcf7-form-control wpcf7-hidden\" value=\"\" type=\"hidden\" name=\"ga_medium\" \/>\n<input class=\"wpcf7-form-control wpcf7-hidden\" value=\"\" type=\"hidden\" name=\"ga_source\" \/>\n<input class=\"wpcf7-form-control wpcf7-hidden\" value=\"\" type=\"hidden\" name=\"ga_content\" \/>\n<input class=\"wpcf7-form-control wpcf7-hidden\" value=\"\" type=\"hidden\" name=\"ga_keyword\" \/>\n<input class=\"wpcf7-form-control wpcf7-hidden\" value=\"\" type=\"hidden\" name=\"landing_page_fdc\" \/><div class=\"wpcf7-response-output\" aria-hidden=\"true\"><\/div>\n<\/form>\n<\/div>\n<\/div><\/div><\/div><\/section>\n<\/div>","protected":false},"excerpt":{"rendered":"A la Bolsa dels Sectors, el de la cosm\u00e8tica en general i el de la bellesa natural en particular s\u00f3n valors que cotitzen molt a l'al\u00e7a. Les vendes en aquesta ind\u00fastria van assolir els 9.250 milions d'euros el 2022. Un 11,3% superior a l'exercici anterior i d'un +9,3% si l'an\u00e0lisi comparativa la portem fins al prepand\u00e8mic 2019. Una vigoritzaci\u00f3 sectorial en qu\u00e8 ha col\u00b7laborat activament el moviment de la cosm\u00e8tica natural i vegana. Molt m\u00e9s que una moda o tend\u00e8ncia passatgera, d'acord amb la inq\u00fcestionable conscienciaci\u00f3 global liderada pels millenials, corroborada per estudis que indiquen que podria arribar als 18 milions d'euros el 2025\u00a0i una taxa de creixement anual del 6'3%. En el m\u00f3n actual, on la consci\u00e8ncia ambiental i la cura personal van de la m\u00e0 del mercat, les empreses de cosm\u00e8tica natural i vegana tenen un paper fonamental per exercir. No es tracta d'oferir \u00fanicament productes m\u00e9s saludables i respectuosos amb el medi ambient, tamb\u00e9 han de comunicar els seus valors de manera efectiva per arribar a un p\u00fablic cada cop m\u00e9s conscient del que compra i utilitza per al seu cos. Avui explorarem com el M\u00e0rqueting i la Comunicaci\u00f3 poden ser la clau per a l'\u00e8xit de...","protected":false},"author":1,"featured_media":36031,"comment_status":"closed","ping_status":"closed","sticky":false,"template":"","format":"standard","meta":{"footnotes":""},"categories":[136],"tags":[],"class_list":["post-36039","post","type-post","status-publish","format-standard","has-post-thumbnail","hentry","category-blog-ca"],"_links":{"self":[{"href":"https:\/\/flandecoco.net\/ca\/wp-json\/wp\/v2\/posts\/36039","targetHints":{"allow":["GET"]}}],"collection":[{"href":"https:\/\/flandecoco.net\/ca\/wp-json\/wp\/v2\/posts"}],"about":[{"href":"https:\/\/flandecoco.net\/ca\/wp-json\/wp\/v2\/types\/post"}],"author":[{"embeddable":true,"href":"https:\/\/flandecoco.net\/ca\/wp-json\/wp\/v2\/users\/1"}],"replies":[{"embeddable":true,"href":"https:\/\/flandecoco.net\/ca\/wp-json\/wp\/v2\/comments?post=36039"}],"version-history":[{"count":2,"href":"https:\/\/flandecoco.net\/ca\/wp-json\/wp\/v2\/posts\/36039\/revisions"}],"predecessor-version":[{"id":36043,"href":"https:\/\/flandecoco.net\/ca\/wp-json\/wp\/v2\/posts\/36039\/revisions\/36043"}],"wp:featuredmedia":[{"embeddable":true,"href":"https:\/\/flandecoco.net\/ca\/wp-json\/wp\/v2\/media\/36031"}],"wp:attachment":[{"href":"https:\/\/flandecoco.net\/ca\/wp-json\/wp\/v2\/media?parent=36039"}],"wp:term":[{"taxonomy":"category","embeddable":true,"href":"https:\/\/flandecoco.net\/ca\/wp-json\/wp\/v2\/categories?post=36039"},{"taxonomy":"post_tag","embeddable":true,"href":"https:\/\/flandecoco.net\/ca\/wp-json\/wp\/v2\/tags?post=36039"}],"curies":[{"name":"wp","href":"https:\/\/api.w.org\/{rel}","templated":true}]}}