{"id":35968,"date":"2023-09-07T14:56:35","date_gmt":"2023-09-07T14:56:35","guid":{"rendered":"https:\/\/flandecoco.net\/?p=35968"},"modified":"2023-09-19T15:41:15","modified_gmt":"2023-09-19T15:41:15","slug":"stage-day-sunfield-impulsar-la-marca-sent-equip","status":"publish","type":"post","link":"https:\/\/flandecoco.net\/ca\/noticies\/stage-day-sunfield-impulsar-la-marca-sent-equip","title":{"rendered":"Stage Day Sunfield: impulsar la marca sent equip"},"content":{"rendered":"<div class=\"wpb-content-wrapper\"><section class=\"vc_row wpb_row vc_row-fluid row-blog-interior  vc_row-o-content-middle vc_row-flex\"><div class=\"wpb_column vc_column_container vc_col-sm-12  col-xs-mobile-fullwidth\"><div class=\"vc_column-inner \"><div class=\"wpb_wrapper\"><div class=\"p-blog-fluido last-paragraph-no-margin\"><p><span style=\"font-weight: 400;\">Un equip proactiu i comprom\u00e8s no nom\u00e9s actua com a motor d\u2019una marca, tamb\u00e9 la impulsa cap a nous desafiaments. L&#8217;Stage Day 2023 de <\/span><a href=\"https:\/\/www.sunfield.es\/\"><b>Sunfield<\/b><\/a><span style=\"font-weight: 400;\">\u00a0va reunir a gaireb\u00e9 una vintena dels seus professionals amb l&#8217;objectiu de generar sinergies, presentar-los la nova col\u00b7lecci\u00f3 de joies i alinear persones i empresa en els reptes de futur.<\/span><\/p>\n<p><span style=\"font-weight: 400;\">Un esdeveniment intern de coneixement, idees i an\u00e0lisis que des de la suma d&#8217;individualitats abona el camp per multiplicar la fortalesa de Sunfield al mercat.<\/span><\/p>\n<p><span style=\"font-weight: 400;\">L&#8217;Stage Day 2023, celebrat a <\/span><a href=\"https:\/\/www.seventybarcelona.com\/es\"><strong>Seventy Barcelona<\/strong><\/a><span style=\"font-weight: 400;\">, i organitzat en col\u00b7laboraci\u00f3 amb els responsables de <\/span><a href=\"https:\/\/flandecoco.net\/servicios\/eventos\"><b>Planificaci\u00f3 d&#8217;Esdeveniments<\/b><\/a> <span style=\"font-weight: 400;\"> i Marketing de FlandeCoco, va oferir una veu transversal de marca a la sofisticaci\u00f3, mim artes\u00e0 i disseny que s\u00f3n un valor distintiu de les joies Sunfield per a les usu\u00e0ries.<\/span><\/p>\n<\/div>[vc_single_image image=&#8221;35960&#8243; img_size=&#8221;full&#8221;]<div class=\"p-blog-fluido last-paragraph-no-margin\"><p><span style=\"font-weight: 400;\">Un altaveu plural que, despr\u00e9s de l&#8217;estrena en fam\u00edlia de la impactant nova col\u00b7lecci\u00f3 Silence Speaks, va cristal\u00b7litzar a les intervencions dels responsables de Producci\u00f3, M\u00e0rqueting i Comunicaci\u00f3, \u00c0rea Comercial, Equip Comercial i Financer. Una veu individualitzada a cadascun dels departaments claus de Sunfield per tal d\u2019assolir els objectius comuns.<\/span><\/p>\n<p><span style=\"font-weight: 400;\">Javier Pascual, CEO de Sunfield, que va actuar com a portaveu i mestre de cerim\u00f2nies de l&#8217;esdeveniment, va donar pas a un dels highlights m\u00e9s destacats de l&#8217;acte: la presentaci\u00f3 de la col\u00b7lecci\u00f3 Silence Speaks. N\u00faria Fern\u00e1ndez, dissenyadora de la nova col\u00b7lecci\u00f3, va explicar als assistents la coher\u00e8ncia, identitat i valors de la l\u00ednia de joies que es preveu que surti al mercat entre setembre i octubre d&#8217;aquest any.<\/span><\/p>\n<\/div><span class=\"text-extra-large margin-25px-bottom display-inline-block alt-font heading-style3  heading-1\" >Joies que parlen d\u2019una manera de ser<\/span><div class=\"p-blog-fluido last-paragraph-no-margin\"><p><span style=\"font-weight: 400;\">Una col\u00b7lecci\u00f3 acolorida, <\/span><i><span style=\"font-weight: 400;\">posable<\/span><\/i><span style=\"font-weight: 400;\"> i atractiva tant en el dia a dia com a les ocasions m\u00e9s especials. Una l\u00ednia de joies aspiracional que comunica des del seu harm\u00f2nic silenci la llibertat, l&#8217;apoderament i l&#8217;actitud de la Dona Sunfield. Alienada amb les tend\u00e8ncies en moda i joies d&#8217;aquesta tardor, el desafiament de la nova col\u00b7lecci\u00f3 \u00e9s obrir-se a tots els p\u00fablics. Sense l\u00edmits d&#8217;edat, h\u00e0bits ni bandes socials.<\/span><\/p>\n<\/div>[vc_single_image image=&#8221;35962&#8243; img_size=&#8221;full&#8221;]<div class=\"p-blog-fluido last-paragraph-no-margin\"><p><span style=\"font-weight: 400;\">En un pla m\u00e9s corporatiu, l&#8217;esdeveniment va finalitzar amb una acci\u00f3 de Team Building que, a m\u00e9s de reactivar i enfortir els vincles de cohesi\u00f3 entre l&#8217;equip hum\u00e0 de Sunfield, incidia en la comunicaci\u00f3 com a via de millora de les habilitats, la competitivitat i el servei . Un Stage Day 2023 que dona un nou impuls a la identitat de la marca des de la for\u00e7a grupal del capital hum\u00e0.<\/span><\/p>\n<p><span style=\"font-weight: 400;\">Pots con\u00e8ixer al detall les Col\u00b7leccions i Joies Sunfield visitant el <\/span><a href=\"https:\/\/www.sunfield.es\/\"><b>site de la marca<\/b><\/a><span style=\"font-weight: 400;\">. Als seus perfils socials a <\/span><a href=\"https:\/\/www.instagram.com\/sunfield_joyas\/\"><b>Instagram<\/b><\/a><span style=\"font-weight: 400;\">, <\/span><a href=\"https:\/\/www.facebook.com\/joyassunfield\"><b>Facebook<\/b><\/a><span style=\"font-weight: 400;\"> i\u00a0<\/span><a href=\"https:\/\/www.pinterest.es\/comunicacion7497\/_created\/\"><b>Pinterest<\/b><\/a><span style=\"font-weight: 400;\"> p<\/span><span style=\"font-weight: 400;\">odr\u00e0s estar al cas de totes les novetats i accions comercials.<\/span><\/p>\n<\/div><\/div><\/div><\/div><\/section><section class=\"vc_row wpb_row vc_row-fluid  vc_custom_1618396747927\"><div class=\"wpb_column vc_column_container vc_col-sm-12  col-xs-mobile-fullwidth\"><div class=\"vc_column-inner \"><div class=\"wpb_wrapper\">\n<div class=\"wpcf7 no-js\" id=\"wpcf7-f6-o1\" lang=\"es-ES\" dir=\"ltr\" data-wpcf7-id=\"6\">\n<div class=\"screen-reader-response\"><p role=\"status\" aria-live=\"polite\" aria-atomic=\"true\"><\/p> <ul><\/ul><\/div>\n<form action=\"\/ca\/wp-json\/wp\/v2\/posts\/35968#wpcf7-f6-o1\" method=\"post\" class=\"wpcf7-form init\" aria-label=\"Formulario de contacto\" novalidate=\"novalidate\" data-status=\"init\">\n<fieldset class=\"hidden-fields-container\"><input type=\"hidden\" name=\"_wpcf7\" value=\"6\" \/><input type=\"hidden\" name=\"_wpcf7_version\" value=\"6.1.5\" \/><input type=\"hidden\" name=\"_wpcf7_locale\" value=\"es_ES\" \/><input type=\"hidden\" name=\"_wpcf7_unit_tag\" value=\"wpcf7-f6-o1\" \/><input type=\"hidden\" name=\"_wpcf7_container_post\" value=\"0\" \/><input type=\"hidden\" name=\"_wpcf7_posted_data_hash\" value=\"\" \/><input type=\"hidden\" name=\"_wpcf7_recaptcha_response\" value=\"\" \/>\n<\/fieldset>\n<p><label><span class=\"wpcf7-form-control-wrap\" data-name=\"your-name\"><input size=\"40\" maxlength=\"400\" class=\"wpcf7-form-control wpcf7-text wpcf7-validates-as-required\" aria-required=\"true\" aria-invalid=\"false\" placeholder=\"Nombre y Apellidos\" value=\"\" type=\"text\" name=\"your-name\" \/><\/span> <\/label><br \/>\n<label><span class=\"wpcf7-form-control-wrap\" data-name=\"your-email\"><input size=\"40\" maxlength=\"400\" class=\"wpcf7-form-control wpcf7-email wpcf7-validates-as-required wpcf7-text wpcf7-validates-as-email\" aria-required=\"true\" aria-invalid=\"false\" placeholder=\"Email\" value=\"\" type=\"email\" name=\"your-email\" \/><\/span> <\/label><br \/>\n<label> <span class=\"wpcf7-form-control-wrap\" data-name=\"your-tel\"><input size=\"40\" maxlength=\"400\" class=\"wpcf7-form-control wpcf7-tel wpcf7-validates-as-required wpcf7-text wpcf7-validates-as-tel\" aria-required=\"true\" aria-invalid=\"false\" placeholder=\"Tel\u00e9fono\" value=\"\" type=\"tel\" name=\"your-tel\" \/><\/span> <\/label><br \/>\n<label><span class=\"wpcf7-form-control-wrap\" data-name=\"your-empresa\"><input size=\"40\" maxlength=\"400\" class=\"wpcf7-form-control wpcf7-text wpcf7-validates-as-required\" aria-required=\"true\" aria-invalid=\"false\" placeholder=\"Empresa\" value=\"\" type=\"text\" name=\"your-empresa\" \/><\/span> <\/label><br \/>\n<label><span class=\"wpcf7-form-control-wrap\" data-name=\"your-sector\"><input size=\"40\" maxlength=\"400\" class=\"wpcf7-form-control wpcf7-text\" aria-invalid=\"false\" placeholder=\"Sector\" value=\"\" type=\"text\" name=\"your-sector\" \/><\/span> <\/label><br \/>\n<label><span class=\"wpcf7-form-control-wrap\" data-name=\"your-message\"><textarea cols=\"40\" rows=\"10\" maxlength=\"2000\" class=\"wpcf7-form-control wpcf7-textarea wpcf7-validates-as-required\" aria-required=\"true\" aria-invalid=\"false\" placeholder=\"Dinos qu\u00e9 necesitas\" name=\"your-message\"><\/textarea><\/span> <\/label><br \/>\n<label>C\u00f3mo nos has conocido:<span class=\"wpcf7-form-control-wrap\" data-name=\"menu-213\"><select class=\"wpcf7-form-control wpcf7-select wpcf7-validates-as-required\" aria-required=\"true\" aria-invalid=\"false\" name=\"menu-213\"><option value=\"\">&#8212;Por favor, elige una opci\u00f3n&#8212;<\/option><option value=\"B\u00fasqueda en Google.\">B\u00fasqueda en Google.<\/option><option value=\"Instagram\">Instagram<\/option><option value=\"Facebook\">Facebook<\/option><option value=\"Linkedin\">Linkedin<\/option><option value=\"Twitter\">Twitter<\/option><\/select><\/span><\/label>\n<\/p>\n<div class=\"form-consent\">\n\t<p style=\"font-size:14px;line-height: 1.2;margin-bottom:10px;\">TROY&MACCLURE, S.L. como responsable del tratamiento tratar\u00e1 tus datos con la finalidad de dar respuesta a tu consulta o petici\u00f3n. Puedes acceder, rectificar y suprimir tus datos, as\u00ed como ejercer otros derechos consultando la informaci\u00f3n adicional y detallada sobre protecci\u00f3n de datos en nuestra <a href=\"\/politica-de-privacidad\" target=\"_blank\">pol\u00edtica de privacidad<\/a>\n\t<\/p>\n\t<p><span class=\"wpcf7-form-control-wrap\" data-name=\"acepta-politica\"><span class=\"wpcf7-form-control wpcf7-acceptance\"><span class=\"wpcf7-list-item\"><label><input type=\"checkbox\" name=\"acepta-politica\" value=\"1\" aria-invalid=\"false\" \/><span class=\"wpcf7-list-item-label\">He le\u00eddo y acepto las condiciones contenidas en la <a href=\"\/politica-de-privacidad\" target=\"_blank\"> pol\u00edtica de privacidad<\/a> sobre el tratamiento de mis datos para gestionar mi consulta o petici\u00f3n.<\/span><\/label><\/span><\/span><\/span><br \/>\n<span class=\"wpcf7-form-control-wrap\" data-name=\"acepta-info-comercial\"><span class=\"wpcf7-form-control wpcf7-checkbox\"><span class=\"wpcf7-list-item first last\"><input type=\"checkbox\" name=\"acepta-info-comercial[]\" value=\"Nos gustar\u00eda que nos prestaras tu consentimiento para enviarte informaci\u00f3n comercial sobre los productos, servicios, novedades de TROY&amp;MACCLURE, S.L.\" \/><span class=\"wpcf7-list-item-label\">Nos gustar\u00eda que nos prestaras tu consentimiento para enviarte informaci\u00f3n comercial sobre los productos, servicios, novedades de TROY&amp;MACCLURE, S.L.<\/span><\/span><\/span><\/span>\n\t<\/p>\n<\/div>\n<p><input class=\"wpcf7-form-control wpcf7-submit has-spinner\" type=\"submit\" value=\"Enviar\" \/>\n<\/p>\n<input class=\"wpcf7-form-control wpcf7-hidden\" id=\"gaCookie\" value=\"\" type=\"hidden\" name=\"gaCookie\" \/>\n<input class=\"wpcf7-form-control wpcf7-hidden\" value=\"\" type=\"hidden\" name=\"ga_campaign\" \/>\n<input class=\"wpcf7-form-control wpcf7-hidden\" value=\"\" type=\"hidden\" name=\"ga_medium\" \/>\n<input class=\"wpcf7-form-control wpcf7-hidden\" value=\"\" type=\"hidden\" name=\"ga_source\" \/>\n<input class=\"wpcf7-form-control wpcf7-hidden\" value=\"\" type=\"hidden\" name=\"ga_content\" \/>\n<input class=\"wpcf7-form-control wpcf7-hidden\" value=\"\" type=\"hidden\" name=\"ga_keyword\" \/>\n<input class=\"wpcf7-form-control wpcf7-hidden\" value=\"\" type=\"hidden\" name=\"landing_page_fdc\" \/><div class=\"wpcf7-response-output\" aria-hidden=\"true\"><\/div>\n<\/form>\n<\/div>\n<\/div><\/div><\/div><\/section>\n<\/div>","protected":false},"excerpt":{"rendered":"Un equip proactiu i comprom\u00e8s no nom\u00e9s actua com a motor d\u2019una marca, tamb\u00e9 la impulsa cap a nous desafiaments. L'Stage Day 2023 de Sunfield\u00a0va reunir a gaireb\u00e9 una vintena dels seus professionals amb l'objectiu de generar sinergies, presentar-los la nova col\u00b7lecci\u00f3 de joies i alinear persones i empresa en els reptes de futur. Un esdeveniment intern de coneixement, idees i an\u00e0lisis que des de la suma d'individualitats abona el camp per multiplicar la fortalesa de Sunfield al mercat. L'Stage Day 2023, celebrat a Seventy Barcelona, i organitzat en col\u00b7laboraci\u00f3 amb els responsables de Planificaci\u00f3 d'Esdeveniments i Marketing de FlandeCoco, va oferir una veu transversal de marca a la sofisticaci\u00f3, mim artes\u00e0 i disseny que s\u00f3n un valor distintiu de les joies Sunfield per a les usu\u00e0ries. [vc_single_image image=\"35960\" img_size=\"full\"]Un altaveu plural que, despr\u00e9s de l'estrena en fam\u00edlia de la impactant nova col\u00b7lecci\u00f3 Silence Speaks, va cristal\u00b7litzar a les intervencions dels responsables de Producci\u00f3, M\u00e0rqueting i Comunicaci\u00f3, \u00c0rea Comercial, Equip Comercial i Financer. Una veu individualitzada a cadascun dels departaments claus de Sunfield per tal d\u2019assolir els objectius comuns. Javier Pascual, CEO de Sunfield, que va actuar com a portaveu i mestre de cerim\u00f2nies de l'esdeveniment, va donar pas a...","protected":false},"author":1,"featured_media":35965,"comment_status":"closed","ping_status":"closed","sticky":false,"template":"","format":"standard","meta":{"footnotes":""},"categories":[136,137],"tags":[],"class_list":["post-35968","post","type-post","status-publish","format-standard","has-post-thumbnail","hentry","category-blog-ca","category-noticies"],"_links":{"self":[{"href":"https:\/\/flandecoco.net\/ca\/wp-json\/wp\/v2\/posts\/35968","targetHints":{"allow":["GET"]}}],"collection":[{"href":"https:\/\/flandecoco.net\/ca\/wp-json\/wp\/v2\/posts"}],"about":[{"href":"https:\/\/flandecoco.net\/ca\/wp-json\/wp\/v2\/types\/post"}],"author":[{"embeddable":true,"href":"https:\/\/flandecoco.net\/ca\/wp-json\/wp\/v2\/users\/1"}],"replies":[{"embeddable":true,"href":"https:\/\/flandecoco.net\/ca\/wp-json\/wp\/v2\/comments?post=35968"}],"version-history":[{"count":1,"href":"https:\/\/flandecoco.net\/ca\/wp-json\/wp\/v2\/posts\/35968\/revisions"}],"predecessor-version":[{"id":35969,"href":"https:\/\/flandecoco.net\/ca\/wp-json\/wp\/v2\/posts\/35968\/revisions\/35969"}],"wp:featuredmedia":[{"embeddable":true,"href":"https:\/\/flandecoco.net\/ca\/wp-json\/wp\/v2\/media\/35965"}],"wp:attachment":[{"href":"https:\/\/flandecoco.net\/ca\/wp-json\/wp\/v2\/media?parent=35968"}],"wp:term":[{"taxonomy":"category","embeddable":true,"href":"https:\/\/flandecoco.net\/ca\/wp-json\/wp\/v2\/categories?post=35968"},{"taxonomy":"post_tag","embeddable":true,"href":"https:\/\/flandecoco.net\/ca\/wp-json\/wp\/v2\/tags?post=35968"}],"curies":[{"name":"wp","href":"https:\/\/api.w.org\/{rel}","templated":true}]}}