{"id":35781,"date":"2023-07-26T11:23:17","date_gmt":"2023-07-26T11:23:17","guid":{"rendered":"https:\/\/flandecoco.net\/?p=35781"},"modified":"2023-07-26T11:35:05","modified_gmt":"2023-07-26T11:35:05","slug":"instagram-si-que-es-per-a-lestiu","status":"publish","type":"post","link":"https:\/\/flandecoco.net\/ca\/blog-ca\/instagram-si-que-es-per-a-lestiu","title":{"rendered":"Instagram s\u00ed que \u00e9s per a l&#8217;estiu"},"content":{"rendered":"<div class=\"wpb-content-wrapper\"><section class=\"vc_row wpb_row vc_row-fluid row-blog-interior  vc_row-o-content-middle vc_row-flex\"><div class=\"wpb_column vc_column_container vc_col-sm-12  col-xs-mobile-fullwidth\"><div class=\"vc_column-inner \"><div class=\"wpb_wrapper\"><div class=\"p-blog-fluido last-paragraph-no-margin\"><p><span style=\"font-weight: 400;\">Almenys org\u00e0nicament, el mes d&#8217;agost no sol oferir una explosi\u00f3 de resultats a les fanpages d&#8217;empresa a LinkedIn, Facebook o Twitter. La voluntat de ser menys dependents d&#8217;ordinadors, tauletes i m\u00f2bils durant les vacances, el descens general de la connectivitat dels usuaris i un distanciament m\u00e9s agut dels followers davant de continguts obertament laborals, corporatius i comercials; s\u00f3n alguns dels arguments que expliquen aquesta aturada a nivell de resultats.<\/span><\/p>\n<p><span style=\"font-weight: 400;\">A Instagram, segurament pel seu ADN m\u00e9s visual, creatiu, aspiracional i social, les mitjanes org\u00e0niques no cauen tant en barrina si se sap dotar les publicacions d&#8217;un plus de frescor estacional i el seguiment de certs tipus d&#8217;administraci\u00f3. Uns consells que aqu\u00ed redu\u00efm a 6 per no estressar-te.<\/span><\/p>\n<\/div><span class=\"text-extra-large margin-25px-bottom display-inline-block alt-font heading-style3  heading-1\" >Enc\u00e9n l'espurna del bon rotllet<\/span><div class=\"p-blog-fluido last-paragraph-no-margin\"><p><span style=\"font-weight: 400;\">L&#8217;estiu \u00e9s sin\u00f2nim d&#8217;alegria, diversi\u00f3 i bon rotllo, i el teu Instagram corporatiu ho ha de reflectir. Idea contingut estiuenc i fresc que connecti amb els teus seguidors i els faci sentir l&#8217;esperit de la temporada. Impacta i atrau des del visual i el disseny. Prioritza colors vius i c\u00e0lids i imatges obertament estacionals que suavitzin els objectius comercials o corporatius. Sedueix des de la creativitat i el factor imaginaci\u00f3.<\/span><\/p>\n<\/div><span class=\"text-extra-large margin-25px-bottom display-inline-block alt-font heading-style3  heading-2\" >Una altra ona a les teves Stories<\/span><div class=\"p-blog-fluido last-paragraph-no-margin\"><p><span style=\"font-weight: 400;\">Les Stories d&#8217;Instagram s\u00f3n una eina ideal per mantenir un bon engagement amb la teva audi\u00e8ncia. Aprofita les enquestes, preguntes i jocs interactius per incentivar la participaci\u00f3. Pregunta als teus seguidors sobre els seus plans preferits relacionats amb la teva marca o negoci preferit o crea un Quiz des del prisma de l&#8217;humor i la bona ona. Recorda sempre respondre a les preguntes i les mencions perqu\u00e8 la teva comunitat no se senti abandonada.<\/span><\/p>\n<\/div><span class=\"text-extra-large margin-25px-bottom display-inline-block alt-font heading-style3  heading-3\" >Refresh your brand<\/span><div class=\"p-blog-fluido last-paragraph-no-margin\"><p><span style=\"font-weight: 400;\">L&#8217;estiu \u00e9s una oportunitat \u00fanica per refrescar la imatge de marca. Actualitza el teu logotip amb tocs estiuencs, modifica la teva Bio perqu\u00e8 reflecteixi la temporada o canvia els colors predominants del teu perfil. Aix\u00f2 ajudar\u00e0 a fer que la teva audi\u00e8ncia senti que est\u00e0s al dia amb les tend\u00e8ncies, t&#8217;adaptes als canvis i no t&#8217;has limitat programar publicacions i desentendre&#8217;t.<\/span><\/p>\n<\/div><span class=\"text-extra-large margin-25px-bottom display-inline-block alt-font heading-style3  heading-4\" >Conquesta des de l'audiovisual<\/span><div class=\"p-blog-fluido last-paragraph-no-margin\"><p><span style=\"font-weight: 400;\">Les altes temperatures del mes d&#8217;agost fan que la gent busqui entreteniment lleuger i refrescant. Quina millor manera d&#8217;oferir-ho que amb contingut audiovisual atractiu? Crea v\u00eddeos curts que mostrin els teus productes o serveis de manera divertida i din\u00e0mica. Tamb\u00e9 podeu fer tutorials, darrere de c\u00e0meres o entrevistes amb membres del vostre equip. Els v\u00eddeos s\u00f3n una aposta segura per seguir amb el teu ritme de creixement de seguidors i augmentar la teva visibilitat!<\/span><\/p>\n<\/div><span class=\"text-extra-large margin-25px-bottom display-inline-block alt-font heading-style3  heading-5\" >Ofertes i promocions estiuenques<\/span><div class=\"p-blog-fluido last-paragraph-no-margin\"><p><span style=\"font-weight: 400;\">El mes d&#8217;agost \u00e9s ideal per fer ofertes i promocions especials. Podeu fer descomptes per temps limitat, packs d&#8217;estiu, sorteigs tem\u00e0tics o fins i tot regals exclusius per als vostres seguidors. Anima la teva audi\u00e8ncia a participar compartint les teves publicacions o esmentant amics per augmentar l&#8217;abast de les promocions. <\/span><\/p>\n<\/div><span class=\"text-extra-large margin-25px-bottom display-inline-block alt-font heading-style3  heading-6\" >Col\u00b7laboracions amb microinfluencers<\/span><div class=\"p-blog-fluido last-paragraph-no-margin\"><p><span style=\"font-weight: 400;\">Vols que el teu Instagram arribi a temperatures r\u00e8cord a l&#8217;agost? Col\u00b7labora amb <\/span><a href=\"https:\/\/flandecoco.net\/blog\/marketing-de-influencers-apto-para-todo-tipo-de-empresas-y-negocios\"><b>microinfluencers<\/b><\/a><span style=\"font-weight: 400;\">\u00a0que tinguin una audi\u00e8ncia d&#8217;acord amb la teva marca i que estiguin en sintonia amb l&#8217;esperit estiuenc. Deixa que siguin ells els que mostrin els teus productes o serveis de manera aut\u00e8ntica i propera. Aquest tipus de col\u00b7laboracions poden generar una gran quantitat de seguidors nous i, el que \u00e9s m\u00e9s important, donar-li un impuls significatiu a la teva pres\u00e8ncia estiuenca a Instagram.<\/span><\/p>\n<p><span style=\"font-weight: 400;\">En conclusi\u00f3, el mes d&#8217;agost \u00e9s una oportunitat perfecta per donar vida i frescor al teu Instagram d&#8217;empresa. Amb aquests consells i el poder de la teva creativitat, estar\u00e0s preparat per fer d&#8217;agost un perfecte mes instagramer.<\/span><\/p>\n<p><span style=\"font-weight: 400;\">A l&#8217;ag\u00e8ncia de publicitat FlandeCoco, fa m\u00e9s de 20 anys que actuem gestors de les Xarxes Socials d&#8217;empreses, institucions i marques de multitud de sectors, tant B2B com B2C. Un partner d\u2019experi\u00e8ncia, rigor i professionalitat per connectar amb \u00e8xit amb el seu p\u00fablic.<\/span><\/p>\n<p><span style=\"font-weight: 400;\">Si la teva empresa busca millorar la seva pres\u00e8ncia a Xarxes Socials i maximitzar-ne l&#8217;impacte, pots con\u00e8ixer una mica m\u00e9s de l&#8217;expertise de la nostra ag\u00e8ncia visitant el <\/span><a href=\"https:\/\/flandecoco.net\/\"><b>nostre lloc web<\/b><\/a><span style=\"font-weight: 400;\">.<\/span><span style=\"font-weight: 400;\"> Si vols informaci\u00f3 addicional per a la teva empresa o negoci, o con\u00e8ixer altres detalls sobre com et podem ajudar, omple el seg\u00fcent formulari i r\u00e0pidament et donarem resposta.<\/span><\/p>\n<\/div><\/div><\/div><\/div><\/section><section class=\"vc_row wpb_row vc_row-fluid  vc_custom_1618396747927\"><div class=\"wpb_column vc_column_container vc_col-sm-12  col-xs-mobile-fullwidth\"><div class=\"vc_column-inner \"><div class=\"wpb_wrapper\">\n<div class=\"wpcf7 no-js\" id=\"wpcf7-f23482-o1\" lang=\"es-ES\" dir=\"ltr\" data-wpcf7-id=\"23482\">\n<div class=\"screen-reader-response\"><p role=\"status\" aria-live=\"polite\" aria-atomic=\"true\"><\/p> <ul><\/ul><\/div>\n<form action=\"\/ca\/wp-json\/wp\/v2\/posts\/35781#wpcf7-f23482-o1\" method=\"post\" class=\"wpcf7-form init\" aria-label=\"Formulario de contacto\" novalidate=\"novalidate\" data-status=\"init\">\n<fieldset class=\"hidden-fields-container\"><input type=\"hidden\" name=\"_wpcf7\" value=\"23482\" \/><input type=\"hidden\" name=\"_wpcf7_version\" value=\"6.1.5\" \/><input type=\"hidden\" name=\"_wpcf7_locale\" value=\"es_ES\" \/><input type=\"hidden\" name=\"_wpcf7_unit_tag\" value=\"wpcf7-f23482-o1\" \/><input type=\"hidden\" name=\"_wpcf7_container_post\" value=\"0\" \/><input type=\"hidden\" name=\"_wpcf7_posted_data_hash\" value=\"\" \/><input type=\"hidden\" name=\"_wpcf7_recaptcha_response\" value=\"\" \/>\n<\/fieldset>\n<p><label><span class=\"wpcf7-form-control-wrap\" data-name=\"your-name\"><input size=\"40\" maxlength=\"400\" class=\"wpcf7-form-control wpcf7-text wpcf7-validates-as-required\" aria-required=\"true\" aria-invalid=\"false\" placeholder=\"Nom i Cognoms\" value=\"\" type=\"text\" name=\"your-name\" \/><\/span> <\/label><br \/>\n<label><span class=\"wpcf7-form-control-wrap\" data-name=\"your-email\"><input size=\"40\" maxlength=\"400\" class=\"wpcf7-form-control wpcf7-email wpcf7-validates-as-required wpcf7-text wpcf7-validates-as-email\" aria-required=\"true\" aria-invalid=\"false\" placeholder=\"Email\" value=\"\" type=\"email\" name=\"your-email\" \/><\/span> <\/label><br \/>\n<label><span class=\"wpcf7-form-control-wrap\" data-name=\"your-empresa\"><input size=\"40\" maxlength=\"400\" class=\"wpcf7-form-control wpcf7-text wpcf7-validates-as-required\" aria-required=\"true\" aria-invalid=\"false\" placeholder=\"Empresa\" value=\"\" type=\"text\" name=\"your-empresa\" \/><\/span> <\/label><br \/>\n<label><span class=\"wpcf7-form-control-wrap\" data-name=\"your-tel\"><input size=\"40\" maxlength=\"400\" class=\"wpcf7-form-control wpcf7-tel wpcf7-validates-as-required wpcf7-text wpcf7-validates-as-tel\" aria-required=\"true\" aria-invalid=\"false\" placeholder=\"Tel\u00e8fon\" value=\"\" type=\"tel\" name=\"your-tel\" \/><\/span> <\/label><br \/>\n<label><span class=\"wpcf7-form-control-wrap\" data-name=\"your-sector\"><input size=\"40\" maxlength=\"400\" class=\"wpcf7-form-control wpcf7-text\" aria-invalid=\"false\" placeholder=\"Sector\" value=\"\" type=\"text\" name=\"your-sector\" \/><\/span> <\/label><br \/>\n<label><span class=\"wpcf7-form-control-wrap\" data-name=\"your-message\"><textarea cols=\"40\" rows=\"10\" maxlength=\"2000\" class=\"wpcf7-form-control wpcf7-textarea wpcf7-validates-as-required\" aria-required=\"true\" aria-invalid=\"false\" placeholder=\"Digues-nos qu\u00e8 necessites\" name=\"your-message\"><\/textarea><\/span> <\/label><br \/>\n<label>Com ens has conegut:<span class=\"wpcf7-form-control-wrap\" data-name=\"menu-660\"><select class=\"wpcf7-form-control wpcf7-select wpcf7-validates-as-required\" aria-required=\"true\" aria-invalid=\"false\" name=\"menu-660\"><option value=\"\">&#8212;Por favor, elige una opci\u00f3n&#8212;<\/option><option value=\"Cerca a Google\">Cerca a Google<\/option><option value=\"Instagram\">Instagram<\/option><option value=\"Facebook\">Facebook<\/option><option value=\"Linkedin\">Linkedin<\/option><option value=\"Twitter\">Twitter<\/option><\/select><\/span><\/label>\n<\/p>\n<div class=\"form-consent\">\n\t<p><span class=\"wpcf7-form-control-wrap\" data-name=\"acepta-politica\"><span class=\"wpcf7-form-control wpcf7-acceptance\"><span class=\"wpcf7-list-item\"><label><input type=\"checkbox\" name=\"acepta-politica\" value=\"1\" aria-invalid=\"false\" \/><span class=\"wpcf7-list-item-label\">He llegit i accepto les condicions contingudes en la <a href=\"\/politica-de-privacidad\" target=\"_blank\">pol\u00edtica de privacitat<\/a> sobre el tractament de les meves dades per a gestionar la meva consulta o petici\u00f3.<\/span><\/label><\/span><\/span><\/span><br \/>\n<span class=\"wpcf7-form-control-wrap\" data-name=\"acepta-info-comercial\"><span class=\"wpcf7-form-control wpcf7-checkbox\"><span class=\"wpcf7-list-item first last\"><input type=\"checkbox\" name=\"acepta-info-comercial[]\" value=\"Ens agradaria que ens prestessis el teu consentiment per a enviar-te informaci\u00f3 comercial sobre els productes, serveis, novetats de TROY&amp;MACCLURE, S.L.\" \/><span class=\"wpcf7-list-item-label\">Ens agradaria que ens prestessis el teu consentiment per a enviar-te informaci\u00f3 comercial sobre els productes, serveis, novetats de TROY&amp;MACCLURE, S.L.<\/span><\/span><\/span><\/span>\n\t<\/p>\n<\/div>\n<p><input class=\"wpcf7-form-control wpcf7-submit has-spinner\" type=\"submit\" value=\"Enviar\" \/>\n<\/p>\n<input class=\"wpcf7-form-control wpcf7-hidden\" id=\"gaCookie\" value=\"\" type=\"hidden\" name=\"gaCookie\" \/>\n<input class=\"wpcf7-form-control wpcf7-hidden\" value=\"\" type=\"hidden\" name=\"ga_campaign\" \/>\n<input class=\"wpcf7-form-control wpcf7-hidden\" value=\"\" type=\"hidden\" name=\"ga_medium\" \/>\n<input class=\"wpcf7-form-control wpcf7-hidden\" value=\"\" type=\"hidden\" name=\"ga_source\" \/>\n<input class=\"wpcf7-form-control wpcf7-hidden\" value=\"\" type=\"hidden\" name=\"ga_content\" \/>\n<input class=\"wpcf7-form-control wpcf7-hidden\" value=\"\" type=\"hidden\" name=\"ga_keyword\" \/>\n<input class=\"wpcf7-form-control wpcf7-hidden\" value=\"\" type=\"hidden\" name=\"landing_page_fdc\" \/><div class=\"wpcf7-response-output\" aria-hidden=\"true\"><\/div>\n<\/form>\n<\/div>\n<\/div><\/div><\/div><\/section>\n<\/div>","protected":false},"excerpt":{"rendered":"Almenys org\u00e0nicament, el mes d'agost no sol oferir una explosi\u00f3 de resultats a les fanpages d'empresa a LinkedIn, Facebook o Twitter. La voluntat de ser menys dependents d'ordinadors, tauletes i m\u00f2bils durant les vacances, el descens general de la connectivitat dels usuaris i un distanciament m\u00e9s agut dels followers davant de continguts obertament laborals, corporatius i comercials; s\u00f3n alguns dels arguments que expliquen aquesta aturada a nivell de resultats. A Instagram, segurament pel seu ADN m\u00e9s visual, creatiu, aspiracional i social, les mitjanes org\u00e0niques no cauen tant en barrina si se sap dotar les publicacions d'un plus de frescor estacional i el seguiment de certs tipus d'administraci\u00f3. Uns consells que aqu\u00ed redu\u00efm a 6 per no estressar-te. Enc\u00e9n l'espurna del bon rotlletL'estiu \u00e9s sin\u00f2nim d'alegria, diversi\u00f3 i bon rotllo, i el teu Instagram corporatiu ho ha de reflectir. Idea contingut estiuenc i fresc que connecti amb els teus seguidors i els faci sentir l'esperit de la temporada. Impacta i atrau des del visual i el disseny. Prioritza colors vius i c\u00e0lids i imatges obertament estacionals que suavitzin els objectius comercials o corporatius. Sedueix des de la creativitat i el factor imaginaci\u00f3. Una altra ona a les teves StoriesLes Stories d'Instagram...","protected":false},"author":1,"featured_media":35778,"comment_status":"closed","ping_status":"closed","sticky":false,"template":"","format":"standard","meta":{"footnotes":""},"categories":[136],"tags":[],"class_list":["post-35781","post","type-post","status-publish","format-standard","has-post-thumbnail","hentry","category-blog-ca"],"_links":{"self":[{"href":"https:\/\/flandecoco.net\/ca\/wp-json\/wp\/v2\/posts\/35781","targetHints":{"allow":["GET"]}}],"collection":[{"href":"https:\/\/flandecoco.net\/ca\/wp-json\/wp\/v2\/posts"}],"about":[{"href":"https:\/\/flandecoco.net\/ca\/wp-json\/wp\/v2\/types\/post"}],"author":[{"embeddable":true,"href":"https:\/\/flandecoco.net\/ca\/wp-json\/wp\/v2\/users\/1"}],"replies":[{"embeddable":true,"href":"https:\/\/flandecoco.net\/ca\/wp-json\/wp\/v2\/comments?post=35781"}],"version-history":[{"count":3,"href":"https:\/\/flandecoco.net\/ca\/wp-json\/wp\/v2\/posts\/35781\/revisions"}],"predecessor-version":[{"id":35787,"href":"https:\/\/flandecoco.net\/ca\/wp-json\/wp\/v2\/posts\/35781\/revisions\/35787"}],"wp:featuredmedia":[{"embeddable":true,"href":"https:\/\/flandecoco.net\/ca\/wp-json\/wp\/v2\/media\/35778"}],"wp:attachment":[{"href":"https:\/\/flandecoco.net\/ca\/wp-json\/wp\/v2\/media?parent=35781"}],"wp:term":[{"taxonomy":"category","embeddable":true,"href":"https:\/\/flandecoco.net\/ca\/wp-json\/wp\/v2\/categories?post=35781"},{"taxonomy":"post_tag","embeddable":true,"href":"https:\/\/flandecoco.net\/ca\/wp-json\/wp\/v2\/tags?post=35781"}],"curies":[{"name":"wp","href":"https:\/\/api.w.org\/{rel}","templated":true}]}}