{"id":34708,"date":"2022-12-15T13:32:53","date_gmt":"2022-12-15T13:32:53","guid":{"rendered":"https:\/\/flandecoco.net\/?p=34708"},"modified":"2022-12-15T13:35:46","modified_gmt":"2022-12-15T13:35:46","slug":"consell-dadvocats-flandecoco-la-magia-mediadora-que-multiplica","status":"publish","type":"post","link":"https:\/\/flandecoco.net\/ca\/noticies\/consell-dadvocats-flandecoco-la-magia-mediadora-que-multiplica","title":{"rendered":"Consell d\u2019Advocats-FlandeCoco, la m\u00e0gia mediadora que multiplica"},"content":{"rendered":"<div class=\"wpb-content-wrapper\"><section class=\"vc_row wpb_row vc_row-fluid row-blog-interior  vc_row-o-content-middle vc_row-flex\"><div class=\"wpb_column vc_column_container vc_col-sm-12  col-xs-mobile-fullwidth\"><div class=\"vc_column-inner \"><div class=\"wpb_wrapper\"><div class=\"p-blog-fluido last-paragraph-no-margin\"><p>Tercer any consecutiu de col\u00b7laboraci\u00f3 entre el <a href=\"https:\/\/www.cicac.cat\/\"><strong>Consell dels Il\u00b7lustres Col\u00b7legis d\u2019Advocats de Catalunya<\/strong><\/a> i FlandeCoco en la promoci\u00f3 de la mediaci\u00f3 entre els professionals de l\u2019advocacia com a eina de resoluci\u00f3 del conflictes. Tercer any de sumar forces des de l\u2019univers digital per multiplicar la seva visibilitat.<\/p>\n<p>Sota el claim \u201cDialogar, Apropar, Normalitzar\u201d, la Campanya d\u2019enguany s\u2019ha desenvolupat posant el focus en tres aspectes. La formaci\u00f3 d\u2019advocades i advocats, la construcci\u00f3 de ponts de comunicaci\u00f3 amb d\u2019altres sectors empresarials i l\u2019impuls dels Social Media de la iniciativa. Una triple acci\u00f3 de resultats objectivament espectaculars&#8230;<\/p>\n<p><strong>Formar per actuar \u00a0<\/strong><\/p>\n<p>De maig a desembre, les accions formatives online (WbinCICAC) i presencials han atansat la mediaci\u00f3 a professionals del dret i mediadors de tot el territori. Una aposta per l\u2019aprenentatge i el coneixement amb objectiu final en l\u2019acci\u00f3.<\/p>\n<p>Una voluntat formativa complementada aquesta Campanya amb l\u2019activaci\u00f3 a Youtube de<a href=\"https:\/\/www.youtube.com\/playlist?list=PLxgk6FM7Yb700e133isHQ1LhDEUgJ-7Ur\" target=\"_blank\" rel=\"noopener\"><strong> IN Mediaci\u00f3 2022: Are you in<\/strong>?<\/a> . Un canal de consulta en el que diferents veus (mediadors, advocats, empresaris, etc.) han ofert interessants p\u00edndoles sobre aquesta eina per a la resoluci\u00f3 de conflictes.<\/p>\n<p><strong>Obrir nous links \u00a0<\/strong><\/p>\n<p>Donar un salt a l\u2019altaveu mediador obrint links amb d\u2019altres sectors econ\u00f2mics. Un repte 2022 que ha aconseguit consolidar nous nexes amb l\u2019empresariat des de l\u2019acci\u00f3 <a href=\"https:\/\/flandecoco.net\/ca\/noticies\/una-mediacio-sense-handicaps-per-a-lempresa\" target=\"_blank\" rel=\"noopener\"><strong>\u201cPitch&amp;Putt, la millor eina per afinar el teu handicap\u201d<\/strong><\/a>\u00a0i la jornada <a href=\"https:\/\/www.instagram.com\/p\/Ck-uR_pojCd\/\" target=\"_blank\" rel=\"noopener\"><strong>\u201cImmoMediaci\u00f3 22\u201d<\/strong><\/a> , en col\u00b7laboraci\u00f3 amb el <a href=\"https:\/\/flandecoco.net\/ca\/noticies\/csim-un-cluster-que-suma-per-transformar\"><strong>Cl\u00faster de Serveis Immobiliaris<\/strong><\/a> .<\/p>\n<p>Dues accions d\u2019enorme \u00e8xit d\u2019assist\u00e8ncia, sin\u00e8rgies i for\u00e7a digital que nom\u00e9s a XX.SS. van assolir m\u00e9s de 140.000 Lectures. Un term\u00f2metre quantitatiu de la for\u00e7a qualitativa en efici\u00e8ncia, agilitat i costos que pot representar la mediaci\u00f3 en infinitat d\u2019\u00e0mbits socials.<\/p>\n<p><strong>Mediaci\u00f3 Social <\/strong><\/p>\n<p>La pres\u00e8ncia de IN-Mediaci\u00f3 a Xarxes Socials perseguia consolidar els altaveus online d\u2019aquesta formula, ampliant el seu coneixement entre organismes, institucions i professionals de l\u2019advocacia de totes les edats.<\/p>\n<p>Un protagonisme Social Media que ha exhibit resultats aclaparadors. 620.000 Lectures, 3.805 Likes, 13.974 Clics als continguts i una comunitat mediadora de m\u00e9s de 10.000 followers entre totes les Xarxes.<\/p>\n<p>Unes xifres d\u2019alt pes org\u00e0nic, aconseguides en una Campanya de poc m\u00e9s de 6 mesos de durada, que acrediten el b\u00edceps exhibit per la mediaci\u00f3 en els canals de consulta i \u00fas m\u00e9s quotidi\u00e0.<\/p>\n<p>Una Campanya IN Mediaci\u00f3 2022 que de nou, per tercer any consecutiu, ha posat de manifest que des de la bona comunicaci\u00f3 client-ag\u00e8ncia, el treball en equip i la confian\u00e7a; les accions publicit\u00e0ries van molt m\u00e9s enll\u00e0 de la simple suma. Les acciones publicit\u00e0ries assoleixen la m\u00e0gia de multiplicar.<\/p>\n<\/div><\/div><\/div><\/div><\/section><section class=\"vc_row wpb_row vc_row-fluid  vc_custom_1618396747927\"><div class=\"wpb_column vc_column_container vc_col-sm-12  col-xs-mobile-fullwidth\"><div class=\"vc_column-inner \"><div class=\"wpb_wrapper\">\n<div class=\"wpcf7 no-js\" id=\"wpcf7-f6-o1\" lang=\"es-ES\" dir=\"ltr\" data-wpcf7-id=\"6\">\n<div class=\"screen-reader-response\"><p role=\"status\" aria-live=\"polite\" aria-atomic=\"true\"><\/p> <ul><\/ul><\/div>\n<form action=\"\/ca\/wp-json\/wp\/v2\/posts\/34708#wpcf7-f6-o1\" method=\"post\" class=\"wpcf7-form init\" aria-label=\"Formulario de contacto\" novalidate=\"novalidate\" data-status=\"init\">\n<fieldset class=\"hidden-fields-container\"><input type=\"hidden\" name=\"_wpcf7\" value=\"6\" \/><input type=\"hidden\" name=\"_wpcf7_version\" value=\"6.1.5\" \/><input type=\"hidden\" name=\"_wpcf7_locale\" value=\"es_ES\" \/><input type=\"hidden\" name=\"_wpcf7_unit_tag\" value=\"wpcf7-f6-o1\" \/><input type=\"hidden\" name=\"_wpcf7_container_post\" value=\"0\" \/><input type=\"hidden\" name=\"_wpcf7_posted_data_hash\" value=\"\" \/><input type=\"hidden\" name=\"_wpcf7_recaptcha_response\" value=\"\" \/>\n<\/fieldset>\n<p><label><span class=\"wpcf7-form-control-wrap\" data-name=\"your-name\"><input size=\"40\" maxlength=\"400\" class=\"wpcf7-form-control wpcf7-text wpcf7-validates-as-required\" aria-required=\"true\" aria-invalid=\"false\" placeholder=\"Nombre y Apellidos\" value=\"\" type=\"text\" name=\"your-name\" \/><\/span> <\/label><br \/>\n<label><span class=\"wpcf7-form-control-wrap\" data-name=\"your-email\"><input size=\"40\" maxlength=\"400\" class=\"wpcf7-form-control wpcf7-email wpcf7-validates-as-required wpcf7-text wpcf7-validates-as-email\" aria-required=\"true\" aria-invalid=\"false\" placeholder=\"Email\" value=\"\" type=\"email\" name=\"your-email\" \/><\/span> <\/label><br \/>\n<label> <span class=\"wpcf7-form-control-wrap\" data-name=\"your-tel\"><input size=\"40\" maxlength=\"400\" class=\"wpcf7-form-control wpcf7-tel wpcf7-validates-as-required wpcf7-text wpcf7-validates-as-tel\" aria-required=\"true\" aria-invalid=\"false\" placeholder=\"Tel\u00e9fono\" value=\"\" type=\"tel\" name=\"your-tel\" \/><\/span> <\/label><br \/>\n<label><span class=\"wpcf7-form-control-wrap\" data-name=\"your-empresa\"><input size=\"40\" maxlength=\"400\" class=\"wpcf7-form-control wpcf7-text wpcf7-validates-as-required\" aria-required=\"true\" aria-invalid=\"false\" placeholder=\"Empresa\" value=\"\" type=\"text\" name=\"your-empresa\" \/><\/span> <\/label><br \/>\n<label><span class=\"wpcf7-form-control-wrap\" data-name=\"your-sector\"><input size=\"40\" maxlength=\"400\" class=\"wpcf7-form-control wpcf7-text\" aria-invalid=\"false\" placeholder=\"Sector\" value=\"\" type=\"text\" name=\"your-sector\" \/><\/span> <\/label><br \/>\n<label><span class=\"wpcf7-form-control-wrap\" data-name=\"your-message\"><textarea cols=\"40\" rows=\"10\" maxlength=\"2000\" class=\"wpcf7-form-control wpcf7-textarea wpcf7-validates-as-required\" aria-required=\"true\" aria-invalid=\"false\" placeholder=\"Dinos qu\u00e9 necesitas\" name=\"your-message\"><\/textarea><\/span> <\/label><br \/>\n<label>C\u00f3mo nos has conocido:<span class=\"wpcf7-form-control-wrap\" data-name=\"menu-213\"><select class=\"wpcf7-form-control wpcf7-select wpcf7-validates-as-required\" aria-required=\"true\" aria-invalid=\"false\" name=\"menu-213\"><option value=\"\">&#8212;Por favor, elige una opci\u00f3n&#8212;<\/option><option value=\"B\u00fasqueda en Google.\">B\u00fasqueda en Google.<\/option><option value=\"Instagram\">Instagram<\/option><option value=\"Facebook\">Facebook<\/option><option value=\"Linkedin\">Linkedin<\/option><option value=\"Twitter\">Twitter<\/option><\/select><\/span><\/label>\n<\/p>\n<div class=\"form-consent\">\n\t<p style=\"font-size:14px;line-height: 1.2;margin-bottom:10px;\">TROY&MACCLURE, S.L. como responsable del tratamiento tratar\u00e1 tus datos con la finalidad de dar respuesta a tu consulta o petici\u00f3n. Puedes acceder, rectificar y suprimir tus datos, as\u00ed como ejercer otros derechos consultando la informaci\u00f3n adicional y detallada sobre protecci\u00f3n de datos en nuestra <a href=\"\/politica-de-privacidad\" target=\"_blank\">pol\u00edtica de privacidad<\/a>\n\t<\/p>\n\t<p><span class=\"wpcf7-form-control-wrap\" data-name=\"acepta-politica\"><span class=\"wpcf7-form-control wpcf7-acceptance\"><span class=\"wpcf7-list-item\"><label><input type=\"checkbox\" name=\"acepta-politica\" value=\"1\" aria-invalid=\"false\" \/><span class=\"wpcf7-list-item-label\">He le\u00eddo y acepto las condiciones contenidas en la <a href=\"\/politica-de-privacidad\" target=\"_blank\"> pol\u00edtica de privacidad<\/a> sobre el tratamiento de mis datos para gestionar mi consulta o petici\u00f3n.<\/span><\/label><\/span><\/span><\/span><br \/>\n<span class=\"wpcf7-form-control-wrap\" data-name=\"acepta-info-comercial\"><span class=\"wpcf7-form-control wpcf7-checkbox\"><span class=\"wpcf7-list-item first last\"><input type=\"checkbox\" name=\"acepta-info-comercial[]\" value=\"Nos gustar\u00eda que nos prestaras tu consentimiento para enviarte informaci\u00f3n comercial sobre los productos, servicios, novedades de TROY&amp;MACCLURE, S.L.\" \/><span class=\"wpcf7-list-item-label\">Nos gustar\u00eda que nos prestaras tu consentimiento para enviarte informaci\u00f3n comercial sobre los productos, servicios, novedades de TROY&amp;MACCLURE, S.L.<\/span><\/span><\/span><\/span>\n\t<\/p>\n<\/div>\n<p><input class=\"wpcf7-form-control wpcf7-submit has-spinner\" type=\"submit\" value=\"Enviar\" \/>\n<\/p>\n<input class=\"wpcf7-form-control wpcf7-hidden\" id=\"gaCookie\" value=\"\" type=\"hidden\" name=\"gaCookie\" \/>\n<input class=\"wpcf7-form-control wpcf7-hidden\" value=\"\" type=\"hidden\" name=\"ga_campaign\" \/>\n<input class=\"wpcf7-form-control wpcf7-hidden\" value=\"\" type=\"hidden\" name=\"ga_medium\" \/>\n<input class=\"wpcf7-form-control wpcf7-hidden\" value=\"\" type=\"hidden\" name=\"ga_source\" \/>\n<input class=\"wpcf7-form-control wpcf7-hidden\" value=\"\" type=\"hidden\" name=\"ga_content\" \/>\n<input class=\"wpcf7-form-control wpcf7-hidden\" value=\"\" type=\"hidden\" name=\"ga_keyword\" \/>\n<input class=\"wpcf7-form-control wpcf7-hidden\" value=\"\" type=\"hidden\" name=\"landing_page_fdc\" \/><div class=\"wpcf7-response-output\" aria-hidden=\"true\"><\/div>\n<\/form>\n<\/div>\n<\/div><\/div><\/div><\/section>\n<\/div>","protected":false},"excerpt":{"rendered":"Tercer any consecutiu de col\u00b7laboraci\u00f3 entre el Consell dels Il\u00b7lustres Col\u00b7legis d\u2019Advocats de Catalunya i FlandeCoco en la promoci\u00f3 de la mediaci\u00f3 entre els professionals de l\u2019advocacia com a eina de resoluci\u00f3 del conflictes. Tercer any de sumar forces des de l\u2019univers digital per multiplicar la seva visibilitat. Sota el claim \u201cDialogar, Apropar, Normalitzar\u201d, la Campanya d\u2019enguany s\u2019ha desenvolupat posant el focus en tres aspectes. La formaci\u00f3 d\u2019advocades i advocats, la construcci\u00f3 de ponts de comunicaci\u00f3 amb d\u2019altres sectors empresarials i l\u2019impuls dels Social Media de la iniciativa. Una triple acci\u00f3 de resultats objectivament espectaculars... Formar per actuar \u00a0 De maig a desembre, les accions formatives online (WbinCICAC) i presencials han atansat la mediaci\u00f3 a professionals del dret i mediadors de tot el territori. Una aposta per l\u2019aprenentatge i el coneixement amb objectiu final en l\u2019acci\u00f3. Una voluntat formativa complementada aquesta Campanya amb l\u2019activaci\u00f3 a Youtube de IN Mediaci\u00f3 2022: Are you in? . Un canal de consulta en el que diferents veus (mediadors, advocats, empresaris, etc.) han ofert interessants p\u00edndoles sobre aquesta eina per a la resoluci\u00f3 de conflictes. Obrir nous links \u00a0 Donar un salt a l\u2019altaveu mediador obrint links amb d\u2019altres sectors econ\u00f2mics. Un repte 2022 que...","protected":false},"author":1,"featured_media":34710,"comment_status":"closed","ping_status":"closed","sticky":false,"template":"","format":"standard","meta":{"footnotes":""},"categories":[137],"tags":[291],"class_list":["post-34708","post","type-post","status-publish","format-standard","has-post-thumbnail","hentry","category-noticies","tag-blog-ca"],"_links":{"self":[{"href":"https:\/\/flandecoco.net\/ca\/wp-json\/wp\/v2\/posts\/34708","targetHints":{"allow":["GET"]}}],"collection":[{"href":"https:\/\/flandecoco.net\/ca\/wp-json\/wp\/v2\/posts"}],"about":[{"href":"https:\/\/flandecoco.net\/ca\/wp-json\/wp\/v2\/types\/post"}],"author":[{"embeddable":true,"href":"https:\/\/flandecoco.net\/ca\/wp-json\/wp\/v2\/users\/1"}],"replies":[{"embeddable":true,"href":"https:\/\/flandecoco.net\/ca\/wp-json\/wp\/v2\/comments?post=34708"}],"version-history":[{"count":2,"href":"https:\/\/flandecoco.net\/ca\/wp-json\/wp\/v2\/posts\/34708\/revisions"}],"predecessor-version":[{"id":34714,"href":"https:\/\/flandecoco.net\/ca\/wp-json\/wp\/v2\/posts\/34708\/revisions\/34714"}],"wp:featuredmedia":[{"embeddable":true,"href":"https:\/\/flandecoco.net\/ca\/wp-json\/wp\/v2\/media\/34710"}],"wp:attachment":[{"href":"https:\/\/flandecoco.net\/ca\/wp-json\/wp\/v2\/media?parent=34708"}],"wp:term":[{"taxonomy":"category","embeddable":true,"href":"https:\/\/flandecoco.net\/ca\/wp-json\/wp\/v2\/categories?post=34708"},{"taxonomy":"post_tag","embeddable":true,"href":"https:\/\/flandecoco.net\/ca\/wp-json\/wp\/v2\/tags?post=34708"}],"curies":[{"name":"wp","href":"https:\/\/api.w.org\/{rel}","templated":true}]}}