{"id":33554,"date":"2022-07-04T14:38:15","date_gmt":"2022-07-04T14:38:15","guid":{"rendered":"https:\/\/flandecoco.net\/?p=33554"},"modified":"2022-07-04T14:38:15","modified_gmt":"2022-07-04T14:38:15","slug":"una-mediacio-sense-handicaps-per-a-lempresa","status":"publish","type":"post","link":"https:\/\/flandecoco.net\/ca\/noticies\/una-mediacio-sense-handicaps-per-a-lempresa","title":{"rendered":"Una mediaci\u00f3 sense h\u00e0ndicaps per a l&#8217;empresa"},"content":{"rendered":"<div class=\"wpb-content-wrapper\"><section class=\"vc_row wpb_row vc_row-fluid  vc_custom_1507696989698\"><div class=\"wpb_column vc_column_container  col-xs-mobile-fullwidth\"><div class=\"vc_column-inner \"><div class=\"wpb_wrapper\"><div class=\"blockquote-style-1\"><blockquote class=\"border-color-deep-pink\" style=\"border-color: #3f63a9;\"><div class=\"last-paragraph-no-margin blockquote-content\"><p>La zona de confort sol ser la justificaci\u00f3 perfecta per al NO: NO fer, NO arriscar-se i NO cr\u00e9ixer. Un cercle del conformisme del que el <a href=\"https:\/\/www.cicac.cat\/\"><strong>Consell dels Il\u00b7lustres Col\u00b7legis d&#8217;Advocats de Catalunya<\/strong><\/a> i l&#8217;Ag\u00e8ncia de Publicitat FlandeCoco sempre hem fugit per fomentar la figura de la mediaci\u00f3. Una aposta per la comunicaci\u00f3 des de les idees amb un nou cap\u00edtol que ha unit advocacia, empreses i esport en un esdeveniment de gran \u00e8xit.<\/p>\n<\/div><\/blockquote><\/div><\/div><\/div><\/div><\/section><section class=\"vc_row wpb_row vc_row-fluid row-blog-interior  vc_row-o-content-middle vc_row-flex\"><div class=\"wpb_column vc_column_container vc_col-sm-12  col-xs-mobile-fullwidth\"><div class=\"vc_column-inner \"><div class=\"wpb_wrapper\"><div class=\"p-blog-fluido last-paragraph-no-margin\"><p>&#8220;Pitch&amp;Putt, la millor eina per afinar el teu handicap&#8221;, va reunir m\u00e9s d&#8217;un centenar d&#8217;advocats i empresaris a les instal\u00b7lacions de la <a href=\"https:\/\/www.instagram.com\/canmaimo\/\"><strong>Masia Can Maim\u00f3<\/strong><\/a> i del <a href=\"http:\/\/pitchandputtvallromanes.com\/?lang=es\"><strong>P&amp;P Vallromanes <\/strong><\/a>, al cor del Parc Natural de la Serralada Litoral. L&#8217;objectiu de l&#8217;esdeveniment: posar en valor la mediaci\u00f3 com a f\u00f3rmula de resoluci\u00f3 dels conflictes jur\u00eddics a les empreses<\/p>\n<\/div><\/div><\/div><\/div><\/section><section class=\"vc_row wpb_row vc_row-fluid\"><div class=\"wpb_column vc_column_container vc_col-sm-12  col-xs-mobile-fullwidth\"><div class=\"vc_column-inner \"><div class=\"wpb_wrapper\"><div class=\"text-medium-gray text-small margin-5px-bottom alt-font heading-style4  heading-1\" >Agilitat, efici\u00e8ncia i costos <\/div><div class=\"p-blog-fluido last-paragraph-no-margin\"><p>Un esdeveniment estructurat en dues parts. Una formativa, en qu\u00e8 players de l&#8217;advocacia i de l&#8217;\u00e0mbit empresarial van presentar la mediaci\u00f3 com a f\u00f3rmula de beneficis substancials en agilitat, efici\u00e8ncia i costos per a l&#8217;empresa. La presidenta de la Comissi\u00f3 de Mediaci\u00f3 del Consell de l&#8217;Advocacia Catalana, Marta Mart\u00ednez Gellida, el deg\u00e0 del Col\u00b7legi d&#8217;Advocats de Granollers, Joan Mart\u00ednez Garc\u00eda i l&#8217;alcaldessa de Vilanova del Vall\u00e8s, Yolanda Lorenzo, van obrir aquesta primera part de la jornada.<\/p>\n<\/div><\/div><\/div><\/div><\/section><section class=\"vc_row wpb_row vc_row-fluid  vc_custom_1656944942900\"><div class=\"wpb_column vc_column_container vc_col-sm-6  col-xs-mobile-fullwidth\"><div class=\"vc_column-inner \"><div class=\"wpb_wrapper\">[vc_single_image image=&#8221;33519&#8243; img_size=&#8221;full&#8221; alignment=&#8221;center&#8221;]<\/div><\/div><\/div><div class=\"wpb_column vc_column_container vc_col-sm-6  col-xs-mobile-fullwidth\"><div class=\"vc_column-inner \"><div class=\"wpb_wrapper\">[vc_single_image image=&#8221;33521&#8243; img_size=&#8221;full&#8221; alignment=&#8221;center&#8221;]<\/div><\/div><\/div><\/section><section class=\"vc_row wpb_row vc_row-fluid  vc_custom_1656945093611\"><div class=\"wpb_column vc_column_container vc_col-sm-12  col-xs-mobile-fullwidth\"><div class=\"vc_column-inner \"><div class=\"wpb_wrapper\"><div class=\"p-blog-fluido last-paragraph-no-margin\"><p>Al privilegiat exterior de Can Maim\u00f3, l&#8217;empresari Pablo Nowestein i els mediadors Merc\u00e8 Alaball i David Espin\u00f3s van analitzar \u201cQu\u00e8 pot aportar la mediaci\u00f3 al m\u00f3n empresarial?\u201d. Carlos Garc\u00eda Roqueta, president de la Comissi\u00f3 de Mediaci\u00f3 de la federaci\u00f3 Europea de Col\u00b7legis d&#8217;Advocats (FBE), i Jorge Grande, director general de Puratos Iberia, van ser els din\u00e0mics protagonistes d&#8217;un \u201cDi\u00e0leg d&#8217;empresa i mediaci\u00f3\u201d.<\/p>\n<p>Va tancar el primer temps de coneixement estricte, el mediador Manel Canyameres, presentant interessants exemples de Casos d&#8217;\u00c8xit resolts mitjan\u00e7ant aquesta f\u00f3rmula. Un ep\u00edleg de luxe on es va fer evident que l&#8217;univers empresa i el dels professionals de la gesti\u00f3 del conflicte poden fer un t\u00e0ndem perfecte.<\/p>\n<\/div><\/div><\/div><\/div><\/section><section class=\"vc_row wpb_row vc_row-fluid  vc_custom_1656944953053\"><div class=\"wpb_column vc_column_container vc_col-sm-6  col-xs-mobile-fullwidth\"><div class=\"vc_column-inner \"><div class=\"wpb_wrapper\">[vc_single_image image=&#8221;33523&#8243; img_size=&#8221;full&#8221; alignment=&#8221;center&#8221;]<\/div><\/div><\/div><div class=\"wpb_column vc_column_container vc_col-sm-6  col-xs-mobile-fullwidth\"><div class=\"vc_column-inner \"><div class=\"wpb_wrapper\">[vc_single_image image=&#8221;33525&#8243; img_size=&#8221;full&#8221; alignment=&#8221;center&#8221;]<\/div><\/div><\/div><\/section><section class=\"vc_row wpb_row vc_row-fluid  vc_custom_1656945093611\"><div class=\"wpb_column vc_column_container vc_col-sm-12  col-xs-mobile-fullwidth\"><div class=\"vc_column-inner \"><div class=\"wpb_wrapper\"><div class=\"p-blog-fluido last-paragraph-no-margin\"><p>La segona part es va encarregar de construir ponts entre mediadors i empresariat en un camp de Pitch&amp;Putt. Una uni\u00f3 de networking i <a href=\"https:\/\/flandecoco.net\/blog\/los-4-servicios-que-debe-ofrecer-una-agencia-de-publicidad-para-considerarse-top\"><strong>team building<\/strong><\/a>\u00a0 on els assistents, a m\u00e9s de gaudir d&#8217;entorn i activitat f\u00edsica, van aplicar i debatre sobre t\u00e8cniques de mediaci\u00f3 sobre els greens. Un temps de joc que va delectar els que ja coneixien aquest fant\u00e0stic esport i va enganxar els que el provaven per primera vegada.<\/p>\n<\/div><\/div><\/div><\/div><\/section><section class=\"vc_row wpb_row vc_row-fluid  vc_custom_1656944999737\"><div class=\"wpb_column vc_column_container vc_col-sm-6  col-xs-mobile-fullwidth\"><div class=\"vc_column-inner \"><div class=\"wpb_wrapper\">[vc_single_image image=&#8221;33527&#8243; img_size=&#8221;full&#8221; alignment=&#8221;center&#8221;]<\/div><\/div><\/div><div class=\"wpb_column vc_column_container vc_col-sm-6  col-xs-mobile-fullwidth\"><div class=\"vc_column-inner \"><div class=\"wpb_wrapper\">[vc_single_image image=&#8221;33529&#8243; img_size=&#8221;full&#8221; alignment=&#8221;center&#8221;]<\/div><\/div><\/div><\/section><section class=\"vc_row wpb_row vc_row-fluid  vc_custom_1656945009301\"><div class=\"wpb_column vc_column_container vc_col-sm-6  col-xs-mobile-fullwidth\"><div class=\"vc_column-inner \"><div class=\"wpb_wrapper\">[vc_single_image image=&#8221;33531&#8243; img_size=&#8221;full&#8221; alignment=&#8221;center&#8221;]<\/div><\/div><\/div><div class=\"wpb_column vc_column_container vc_col-sm-6  col-xs-mobile-fullwidth\"><div class=\"vc_column-inner \"><div class=\"wpb_wrapper\">[vc_single_image image=&#8221;33533&#8243; img_size=&#8221;full&#8221; alignment=&#8221;center&#8221;]<\/div><\/div><\/div><\/section><section class=\"vc_row wpb_row vc_row-fluid\"><div class=\"wpb_column vc_column_container vc_col-sm-12  col-xs-mobile-fullwidth\"><div class=\"vc_column-inner \"><div class=\"wpb_wrapper\"><div class=\"p-blog-fluido last-paragraph-no-margin\"><p>El tancament de l\u2019acte, a c\u00e0rrec del president del Consell de l\u2019Advocacia Catalana, Joan Ramon Puig, la presidenta de la Comissi\u00f3 de Mediaci\u00f3, Marta Mart\u00ednez i Gellida, i la directora del Centre de Mediaci\u00f3 de Catalunya, Elisabeth Saltor; va culminar amb un lliurament de diplomes i reconeixements a les persones que m\u00e9s han col\u00b7laborat en l&#8217;impuls de la mediaci\u00f3 durant l&#8217;\u00faltim any.<\/p>\n<\/div><\/div><\/div><\/div><\/section><section class=\"vc_row wpb_row vc_row-fluid  vc_custom_1656945025231\"><div class=\"wpb_column vc_column_container vc_col-sm-6  col-xs-mobile-fullwidth\"><div class=\"vc_column-inner \"><div class=\"wpb_wrapper\">[vc_single_image image=&#8221;33535&#8243; img_size=&#8221;full&#8221; alignment=&#8221;center&#8221;]<\/div><\/div><\/div><div class=\"wpb_column vc_column_container vc_col-sm-6  col-xs-mobile-fullwidth\"><div class=\"vc_column-inner \"><div class=\"wpb_wrapper\">[vc_single_image image=&#8221;33537&#8243; img_size=&#8221;full&#8221; alignment=&#8221;center&#8221;]<\/div><\/div><\/div><\/section><section class=\"vc_row wpb_row vc_row-fluid\"><div class=\"wpb_column vc_column_container vc_col-sm-12  col-xs-mobile-fullwidth\"><div class=\"vc_column-inner \"><div class=\"wpb_wrapper\"><div class=\"p-blog-fluido last-paragraph-no-margin\"><p>Un esdeveniment top, planificat pels equips de <a href=\"https:\/\/flandecoco.net\/serveis\"><strong>M\u00e0rqueting, Esdeveniments i Comunicaci\u00f3 de FlandeCoco <\/strong><\/a>en col\u00b7laboraci\u00f3 amb l\u2019staff del Consell d&#8217;Advocats, que va tornar a demostrar que S\u00cd fer i S\u00cd arriscar-se, \u00e9s tamb\u00e9 S\u00cd cr\u00e9ixer a salts de gegant en <a href=\"https:\/\/flandecoco.net\/blog\/corporativa-e-institucional-no-es-sinonimo-de-aburrida\"><strong>comunicaci\u00f3 corporativa i empresarial<\/strong><\/a> .<\/p>\n<p>L&#8217;entusiasta feedback de la pr\u00e0ctica totalitat dels participants, i la satisfacci\u00f3 que transmeten algunes de les fotografies que acompanyen aquesta publicaci\u00f3; dues proves fefaents que construir esdeveniments des de les idees i la capacitat de sorprendre \u00e9s sempre \u00e9s el millor cam\u00ed per a l\u2019\u00e8xit.<\/p>\n<\/div><\/div><\/div><\/div><\/section><section class=\"vc_row wpb_row vc_row-fluid  vc_custom_1656945035007\"><div class=\"wpb_column vc_column_container vc_col-sm-6  col-xs-mobile-fullwidth\"><div class=\"vc_column-inner \"><div class=\"wpb_wrapper\">[vc_single_image image=&#8221;33539&#8243; img_size=&#8221;full&#8221; alignment=&#8221;center&#8221;]<\/div><\/div><\/div><div class=\"wpb_column vc_column_container vc_col-sm-6  col-xs-mobile-fullwidth\"><div class=\"vc_column-inner \"><div class=\"wpb_wrapper\">[vc_single_image image=&#8221;33541&#8243; img_size=&#8221;full&#8221; alignment=&#8221;center&#8221;]<\/div><\/div><\/div><\/section><section class=\"vc_row wpb_row vc_row-fluid  vc_custom_1656945045527\"><div class=\"wpb_column vc_column_container vc_col-sm-6  col-xs-mobile-fullwidth\"><div class=\"vc_column-inner \"><div class=\"wpb_wrapper\">[vc_single_image image=&#8221;33543&#8243; img_size=&#8221;full&#8221; alignment=&#8221;center&#8221;]<\/div><\/div><\/div><div class=\"wpb_column vc_column_container vc_col-sm-6  col-xs-mobile-fullwidth\"><div class=\"vc_column-inner \"><div class=\"wpb_wrapper\">[vc_single_image image=&#8221;33545&#8243; img_size=&#8221;full&#8221; alignment=&#8221;center&#8221;]<\/div><\/div><\/div><\/section><section class=\"vc_row wpb_row vc_row-fluid\"><div class=\"wpb_column vc_column_container vc_col-sm-12  col-xs-mobile-fullwidth\"><div class=\"vc_column-inner \"><div class=\"wpb_wrapper\"><div class=\"p-blog-fluido last-paragraph-no-margin\"><p>Pots veure alguns dels esdeveniments organitzats per FlandeCoco visitant el nostre <strong><a href=\"https:\/\/flandecoco.net\/portfolio-fdc\">Portfoli<\/a> <\/strong>, <strong>Breaking News<\/strong> o <strong>\u00c0rea Clients <\/strong>. \u00a0Si vols informaci\u00f3 m\u00e9s detallada sobre com et podem ajudar en la planificaci\u00f3 i execuci\u00f3 del teu acte corporatiu, no dubtis en contactar amb els nostres professionals a trav\u00e9s d&#8217;aquest formulari.<\/p>\n<\/div><\/div><\/div><\/div><\/section><section class=\"vc_row wpb_row vc_row-fluid  vc_custom_1618396747927\"><div class=\"wpb_column vc_column_container vc_col-sm-12  col-xs-mobile-fullwidth\"><div class=\"vc_column-inner \"><div class=\"wpb_wrapper\">\n<div class=\"wpcf7 no-js\" id=\"wpcf7-f6-o1\" lang=\"es-ES\" dir=\"ltr\" data-wpcf7-id=\"6\">\n<div class=\"screen-reader-response\"><p role=\"status\" aria-live=\"polite\" aria-atomic=\"true\"><\/p> <ul><\/ul><\/div>\n<form action=\"\/ca\/wp-json\/wp\/v2\/posts\/33554#wpcf7-f6-o1\" method=\"post\" class=\"wpcf7-form init\" aria-label=\"Formulario de contacto\" novalidate=\"novalidate\" data-status=\"init\">\n<fieldset class=\"hidden-fields-container\"><input type=\"hidden\" name=\"_wpcf7\" value=\"6\" \/><input type=\"hidden\" name=\"_wpcf7_version\" value=\"6.1.5\" \/><input type=\"hidden\" name=\"_wpcf7_locale\" value=\"es_ES\" \/><input type=\"hidden\" name=\"_wpcf7_unit_tag\" value=\"wpcf7-f6-o1\" \/><input type=\"hidden\" name=\"_wpcf7_container_post\" value=\"0\" \/><input type=\"hidden\" name=\"_wpcf7_posted_data_hash\" value=\"\" \/><input type=\"hidden\" name=\"_wpcf7_recaptcha_response\" value=\"\" \/>\n<\/fieldset>\n<p><label><span class=\"wpcf7-form-control-wrap\" data-name=\"your-name\"><input size=\"40\" maxlength=\"400\" class=\"wpcf7-form-control wpcf7-text wpcf7-validates-as-required\" aria-required=\"true\" aria-invalid=\"false\" placeholder=\"Nombre y Apellidos\" value=\"\" type=\"text\" name=\"your-name\" \/><\/span> <\/label><br \/>\n<label><span class=\"wpcf7-form-control-wrap\" data-name=\"your-email\"><input size=\"40\" maxlength=\"400\" class=\"wpcf7-form-control wpcf7-email wpcf7-validates-as-required wpcf7-text wpcf7-validates-as-email\" aria-required=\"true\" aria-invalid=\"false\" placeholder=\"Email\" value=\"\" type=\"email\" name=\"your-email\" \/><\/span> <\/label><br \/>\n<label> <span class=\"wpcf7-form-control-wrap\" data-name=\"your-tel\"><input size=\"40\" maxlength=\"400\" class=\"wpcf7-form-control wpcf7-tel wpcf7-validates-as-required wpcf7-text wpcf7-validates-as-tel\" aria-required=\"true\" aria-invalid=\"false\" placeholder=\"Tel\u00e9fono\" value=\"\" type=\"tel\" name=\"your-tel\" \/><\/span> <\/label><br \/>\n<label><span class=\"wpcf7-form-control-wrap\" data-name=\"your-empresa\"><input size=\"40\" maxlength=\"400\" class=\"wpcf7-form-control wpcf7-text wpcf7-validates-as-required\" aria-required=\"true\" aria-invalid=\"false\" placeholder=\"Empresa\" value=\"\" type=\"text\" name=\"your-empresa\" \/><\/span> <\/label><br \/>\n<label><span class=\"wpcf7-form-control-wrap\" data-name=\"your-sector\"><input size=\"40\" maxlength=\"400\" class=\"wpcf7-form-control wpcf7-text\" aria-invalid=\"false\" placeholder=\"Sector\" value=\"\" type=\"text\" name=\"your-sector\" \/><\/span> <\/label><br \/>\n<label><span class=\"wpcf7-form-control-wrap\" data-name=\"your-message\"><textarea cols=\"40\" rows=\"10\" maxlength=\"2000\" class=\"wpcf7-form-control wpcf7-textarea wpcf7-validates-as-required\" aria-required=\"true\" aria-invalid=\"false\" placeholder=\"Dinos qu\u00e9 necesitas\" name=\"your-message\"><\/textarea><\/span> <\/label><br \/>\n<label>C\u00f3mo nos has conocido:<span class=\"wpcf7-form-control-wrap\" data-name=\"menu-213\"><select class=\"wpcf7-form-control wpcf7-select wpcf7-validates-as-required\" aria-required=\"true\" aria-invalid=\"false\" name=\"menu-213\"><option value=\"\">&#8212;Por favor, elige una opci\u00f3n&#8212;<\/option><option value=\"B\u00fasqueda en Google.\">B\u00fasqueda en Google.<\/option><option value=\"Instagram\">Instagram<\/option><option value=\"Facebook\">Facebook<\/option><option value=\"Linkedin\">Linkedin<\/option><option value=\"Twitter\">Twitter<\/option><\/select><\/span><\/label>\n<\/p>\n<div class=\"form-consent\">\n\t<p style=\"font-size:14px;line-height: 1.2;margin-bottom:10px;\">TROY&MACCLURE, S.L. como responsable del tratamiento tratar\u00e1 tus datos con la finalidad de dar respuesta a tu consulta o petici\u00f3n. Puedes acceder, rectificar y suprimir tus datos, as\u00ed como ejercer otros derechos consultando la informaci\u00f3n adicional y detallada sobre protecci\u00f3n de datos en nuestra <a href=\"\/politica-de-privacidad\" target=\"_blank\">pol\u00edtica de privacidad<\/a>\n\t<\/p>\n\t<p><span class=\"wpcf7-form-control-wrap\" data-name=\"acepta-politica\"><span class=\"wpcf7-form-control wpcf7-acceptance\"><span class=\"wpcf7-list-item\"><label><input type=\"checkbox\" name=\"acepta-politica\" value=\"1\" aria-invalid=\"false\" \/><span class=\"wpcf7-list-item-label\">He le\u00eddo y acepto las condiciones contenidas en la <a href=\"\/politica-de-privacidad\" target=\"_blank\"> pol\u00edtica de privacidad<\/a> sobre el tratamiento de mis datos para gestionar mi consulta o petici\u00f3n.<\/span><\/label><\/span><\/span><\/span><br \/>\n<span class=\"wpcf7-form-control-wrap\" data-name=\"acepta-info-comercial\"><span class=\"wpcf7-form-control wpcf7-checkbox\"><span class=\"wpcf7-list-item first last\"><input type=\"checkbox\" name=\"acepta-info-comercial[]\" value=\"Nos gustar\u00eda que nos prestaras tu consentimiento para enviarte informaci\u00f3n comercial sobre los productos, servicios, novedades de TROY&amp;MACCLURE, S.L.\" \/><span class=\"wpcf7-list-item-label\">Nos gustar\u00eda que nos prestaras tu consentimiento para enviarte informaci\u00f3n comercial sobre los productos, servicios, novedades de TROY&amp;MACCLURE, S.L.<\/span><\/span><\/span><\/span>\n\t<\/p>\n<\/div>\n<p><input class=\"wpcf7-form-control wpcf7-submit has-spinner\" type=\"submit\" value=\"Enviar\" \/>\n<\/p>\n<input class=\"wpcf7-form-control wpcf7-hidden\" id=\"gaCookie\" value=\"\" type=\"hidden\" name=\"gaCookie\" \/>\n<input class=\"wpcf7-form-control wpcf7-hidden\" value=\"\" type=\"hidden\" name=\"ga_campaign\" \/>\n<input class=\"wpcf7-form-control wpcf7-hidden\" value=\"\" type=\"hidden\" name=\"ga_medium\" \/>\n<input class=\"wpcf7-form-control wpcf7-hidden\" value=\"\" type=\"hidden\" name=\"ga_source\" \/>\n<input class=\"wpcf7-form-control wpcf7-hidden\" value=\"\" type=\"hidden\" name=\"ga_content\" \/>\n<input class=\"wpcf7-form-control wpcf7-hidden\" value=\"\" type=\"hidden\" name=\"ga_keyword\" \/>\n<input class=\"wpcf7-form-control wpcf7-hidden\" value=\"\" type=\"hidden\" name=\"landing_page_fdc\" \/><div class=\"wpcf7-response-output\" aria-hidden=\"true\"><\/div>\n<\/form>\n<\/div>\n<\/div><\/div><\/div><\/section>\n<\/div>","protected":false},"excerpt":{"rendered":"La zona de confort sol ser la justificaci\u00f3 perfecta per al NO: NO fer, NO arriscar-se i NO cr\u00e9ixer. Un cercle del conformisme del que el Consell dels Il\u00b7lustres Col\u00b7legis d'Advocats de Catalunya i l'Ag\u00e8ncia de Publicitat FlandeCoco sempre hem fugit per fomentar la figura de la mediaci\u00f3. Una aposta per la comunicaci\u00f3 des de les idees amb un nou cap\u00edtol que ha unit advocacia, empreses i esport en un esdeveniment de gran \u00e8xit. \"Pitch&amp;Putt, la millor eina per afinar el teu handicap\", va reunir m\u00e9s d'un centenar d'advocats i empresaris a les instal\u00b7lacions de la Masia Can Maim\u00f3 i del P&amp;P Vallromanes , al cor del Parc Natural de la Serralada Litoral. L'objectiu de l'esdeveniment: posar en valor la mediaci\u00f3 com a f\u00f3rmula de resoluci\u00f3 dels conflictes jur\u00eddics a les empreses Agilitat, efici\u00e8ncia i costos Un esdeveniment estructurat en dues parts. Una formativa, en qu\u00e8 players de l'advocacia i de l'\u00e0mbit empresarial van presentar la mediaci\u00f3 com a f\u00f3rmula de beneficis substancials en agilitat, efici\u00e8ncia i costos per a l'empresa. La presidenta de la Comissi\u00f3 de Mediaci\u00f3 del Consell de l'Advocacia Catalana, Marta Mart\u00ednez Gellida, el deg\u00e0 del Col\u00b7legi d'Advocats de Granollers, Joan Mart\u00ednez Garc\u00eda i l'alcaldessa de Vilanova...","protected":false},"author":1,"featured_media":33518,"comment_status":"closed","ping_status":"closed","sticky":false,"template":"","format":"standard","meta":{"footnotes":""},"categories":[137],"tags":[291],"class_list":["post-33554","post","type-post","status-publish","format-standard","has-post-thumbnail","hentry","category-noticies","tag-blog-ca"],"_links":{"self":[{"href":"https:\/\/flandecoco.net\/ca\/wp-json\/wp\/v2\/posts\/33554","targetHints":{"allow":["GET"]}}],"collection":[{"href":"https:\/\/flandecoco.net\/ca\/wp-json\/wp\/v2\/posts"}],"about":[{"href":"https:\/\/flandecoco.net\/ca\/wp-json\/wp\/v2\/types\/post"}],"author":[{"embeddable":true,"href":"https:\/\/flandecoco.net\/ca\/wp-json\/wp\/v2\/users\/1"}],"replies":[{"embeddable":true,"href":"https:\/\/flandecoco.net\/ca\/wp-json\/wp\/v2\/comments?post=33554"}],"version-history":[{"count":2,"href":"https:\/\/flandecoco.net\/ca\/wp-json\/wp\/v2\/posts\/33554\/revisions"}],"predecessor-version":[{"id":33556,"href":"https:\/\/flandecoco.net\/ca\/wp-json\/wp\/v2\/posts\/33554\/revisions\/33556"}],"wp:featuredmedia":[{"embeddable":true,"href":"https:\/\/flandecoco.net\/ca\/wp-json\/wp\/v2\/media\/33518"}],"wp:attachment":[{"href":"https:\/\/flandecoco.net\/ca\/wp-json\/wp\/v2\/media?parent=33554"}],"wp:term":[{"taxonomy":"category","embeddable":true,"href":"https:\/\/flandecoco.net\/ca\/wp-json\/wp\/v2\/categories?post=33554"},{"taxonomy":"post_tag","embeddable":true,"href":"https:\/\/flandecoco.net\/ca\/wp-json\/wp\/v2\/tags?post=33554"}],"curies":[{"name":"wp","href":"https:\/\/api.w.org\/{rel}","templated":true}]}}