{"id":33228,"date":"2022-05-02T09:43:31","date_gmt":"2022-05-02T09:43:31","guid":{"rendered":"https:\/\/flandecoco.net\/?p=33228"},"modified":"2022-05-02T09:46:59","modified_gmt":"2022-05-02T09:46:59","slug":"go-mobility-go-espais-efimers","status":"publish","type":"post","link":"https:\/\/flandecoco.net\/ca\/noticies\/go-mobility-go-espais-efimers","title":{"rendered":"Go Mobility, Go espais Ef\u00edmers"},"content":{"rendered":"<div class=\"wpb-content-wrapper\"><section class=\"vc_row wpb_row vc_row-fluid  vc_custom_1507696989698\"><div class=\"wpb_column vc_column_container  col-xs-mobile-fullwidth\"><div class=\"vc_column-inner \"><div class=\"wpb_wrapper\"><div class=\"blockquote-style-1\"><blockquote class=\"border-color-deep-pink\" style=\"border-color: #3f63a9;\"><div class=\"last-paragraph-no-margin blockquote-content\"><p>Punt de trobada professional al sud d&#8217;Europa dels principals actors p\u00fablics i privats de l&#8217;ecosistema de la mobilitat sostenible, la tercera edici\u00f3 del <a href=\"https:\/\/gomobility.eus\/es\/\"><strong>Go Mobility by Mubil<\/strong><\/a> ha congregat al Ficoba d&#8217;Irun a m\u00e9s un centenar d&#8217;operadors, compradors, decisors de ciutats i empreses i prove\u00efdors de serveis.<\/p>\n<\/div><\/blockquote><\/div><\/div><\/div><\/div><\/section><section class=\"vc_row wpb_row vc_row-fluid row-blog-interior  vc_row-o-content-middle vc_row-flex\"><div class=\"wpb_column vc_column_container vc_col-sm-12  col-xs-mobile-fullwidth\"><div class=\"vc_column-inner \"><div class=\"wpb_wrapper\"><div class=\"p-blog-fluido last-paragraph-no-margin\"><p>Un esdeveniment ideat per impulsar el mercat avan\u00e7ant cap a una nova mobilitat respectuosa amb el planeta, competitiva, verda i innovadora. 12.000 metres quadrats de recinte firal dedicats a presentar l&#8217;\u00faltima novetat en la mobilitat del futur, que van comptar amb el protagonisme expositor d&#8217;<a href=\"https:\/\/www.railgrup.net\/\"><strong>IN MOVE by Railgrup\u00a0<\/strong><\/a> i<a href=\"https:\/\/sistemasadas.es\/\"><strong> Sistemas ADAS<\/strong><\/a> , dos destacats membres del nostre <a href=\"https:\/\/flandecoco.net\/clientes\/\"><strong>FlanClub<\/strong><\/a> de la bona comunicaci\u00f3.<\/p>\n<\/div><span class=\"text-extra-large margin-25px-bottom display-inline-block alt-font heading-style3  heading-1\" >La tecnologia de Sistemes ADAS<\/span><div class=\"p-blog-fluido last-paragraph-no-margin\"><p>Sistemas ADAS, sempre amb el focus a la Visi\u00f3 Zero Accidents Zero V\u00edctimes, treballa en la selecci\u00f3 de les millors tecnologies disponibles per oferir al mercat la soluci\u00f3 a la sinistralitat de les flotes urbanes i la reducci\u00f3 dels costos d&#8217;operaci\u00f3.<\/p>\n<p>Assessorament tecnol\u00f2gic i<a href=\"https:\/\/sistemasadas.es\/blog\/mobileye-shield-connect-o-como-prevenir-las-colision-en-flotas\/\"><strong> sistemes d&#8217;Ajuda a la Conducci\u00f3 <\/strong><\/a> i Cotxe Connectat amb l&#8217;objectiu d&#8217;alertar sobre l&#8217;imprevist , protegint tant els usuaris m\u00e9s vulnerables com actius tan importants d&#8217;empreses i organismes com ho s\u00f3n les seves flotes de vehicles.<\/p>\n<\/div>[vc_single_image image=&#8221;33221&#8243; img_size=&#8221;full&#8221;]<div class=\"p-blog-fluido last-paragraph-no-margin\"><p>L&#8217;espai firal ideat pels equips d&#8217;Espais Ef\u00edmers i Disseny de FlandeCoco, obert, accessible i facilitador del contacte, va ser focus d&#8217;atenci\u00f3 per a decisors d&#8217;empreses privades i del transport p\u00fablic, interessant-se com la tecnologia ADAS pot fer de <a href=\"https:\/\/sistemasadas.es\/blog\/mobileye-shield-connect-o-como-prevenir-las-colision-en-flotas\/\"><strong>l&#8217;entorn urb\u00e0 un espai m\u00e9s segur<\/strong><\/a>.<\/p>\n<\/div><span class=\"text-extra-large margin-25px-bottom display-inline-block alt-font heading-style3  heading-2\" >La Movilidad es Cl\u00faster<\/span><div class=\"p-blog-fluido last-paragraph-no-margin\"><p>El Cl\u00faster Railgrup, un dels companys de viatge Flandecoco de m\u00e9s traject\u00f2ria, tampoc no va faltar a la gran cita de la Mobilitat. Des d&#8217;un estand coral amb empreses associades com Bable, Aggity, Composites ATE, Trafag, Dilax, Panasonic, Flexicel i ConnectingBrains; va presentar projectes com Els nous paradigmes de la Mobilitat Sostenible i un ampli programa d&#8217;activitats com City Market Place, European Poster Area i Test Drive, que van suscitar enorme inter\u00e8s entre els assistents.<\/p>\n<p>L&#8217;objectiu principal de Railgrup \u00e9s potenciar la competitivitat global de les seves empreses associades, totes relacionades amb l&#8217;ecosistema ferroviari, el log\u00edstic i el de la mobilitat, promovent, representant i defensant els seus interessos col\u00b7lectius. Actualment compta amb m\u00e9s de 100 empreses i un volum de facturaci\u00f3 global de 17.000 milions d&#8217;euros.<\/p>\n<\/div>[vc_single_image image=&#8221;33223&#8243; img_size=&#8221;full&#8221;]<div class=\"p-blog-fluido last-paragraph-no-margin\"><p>La pres\u00e8ncia de Railgrup al Go Mobility by Mubil ha comptat amb la col\u00b7laboraci\u00f3 dels nostres equips de Disseny i Espais Ef\u00edmers, executant el frontal del seu espai al Go Mobility by Mubil. Una tornada a la vitalitat firal pre-pand\u00e8mica a la que a FlandeCoco estem encantats de col\u00b7laborar.<\/p>\n<p>Pots veure algunes de les solucions FlandeCoco realitzades per al Railgrup, Sistemes ADAS i altres clients a l&#8217;\u00e0rea <strong>Espais Ef\u00edmers del Porfolio<\/strong> o con\u00e8ixer tot el que pot fer la nostra ag\u00e8ncia de publicitat per la teva empresa amb un simple clic al nostre <a href=\"https:\/\/flandecoco.net\/\">site<\/a>.<\/p>\n<\/div><\/div><\/div><\/div><\/section><section class=\"vc_row wpb_row vc_row-fluid  vc_custom_1618396747927\"><div class=\"wpb_column vc_column_container vc_col-sm-12  col-xs-mobile-fullwidth\"><div class=\"vc_column-inner \"><div class=\"wpb_wrapper\">\n<div class=\"wpcf7 no-js\" id=\"wpcf7-f6-o1\" lang=\"es-ES\" dir=\"ltr\" data-wpcf7-id=\"6\">\n<div class=\"screen-reader-response\"><p role=\"status\" aria-live=\"polite\" aria-atomic=\"true\"><\/p> <ul><\/ul><\/div>\n<form action=\"\/ca\/wp-json\/wp\/v2\/posts\/33228#wpcf7-f6-o1\" method=\"post\" class=\"wpcf7-form init\" aria-label=\"Formulario de contacto\" novalidate=\"novalidate\" data-status=\"init\">\n<fieldset class=\"hidden-fields-container\"><input type=\"hidden\" name=\"_wpcf7\" value=\"6\" \/><input type=\"hidden\" name=\"_wpcf7_version\" value=\"6.1.5\" \/><input type=\"hidden\" name=\"_wpcf7_locale\" value=\"es_ES\" \/><input type=\"hidden\" name=\"_wpcf7_unit_tag\" value=\"wpcf7-f6-o1\" \/><input type=\"hidden\" name=\"_wpcf7_container_post\" value=\"0\" \/><input type=\"hidden\" name=\"_wpcf7_posted_data_hash\" value=\"\" \/><input type=\"hidden\" name=\"_wpcf7_recaptcha_response\" value=\"\" \/>\n<\/fieldset>\n<p><label><span class=\"wpcf7-form-control-wrap\" data-name=\"your-name\"><input size=\"40\" maxlength=\"400\" class=\"wpcf7-form-control wpcf7-text wpcf7-validates-as-required\" aria-required=\"true\" aria-invalid=\"false\" placeholder=\"Nombre y Apellidos\" value=\"\" type=\"text\" name=\"your-name\" \/><\/span> <\/label><br \/>\n<label><span class=\"wpcf7-form-control-wrap\" data-name=\"your-email\"><input size=\"40\" maxlength=\"400\" class=\"wpcf7-form-control wpcf7-email wpcf7-validates-as-required wpcf7-text wpcf7-validates-as-email\" aria-required=\"true\" aria-invalid=\"false\" placeholder=\"Email\" value=\"\" type=\"email\" name=\"your-email\" \/><\/span> <\/label><br \/>\n<label> <span class=\"wpcf7-form-control-wrap\" data-name=\"your-tel\"><input size=\"40\" maxlength=\"400\" class=\"wpcf7-form-control wpcf7-tel wpcf7-validates-as-required wpcf7-text wpcf7-validates-as-tel\" aria-required=\"true\" aria-invalid=\"false\" placeholder=\"Tel\u00e9fono\" value=\"\" type=\"tel\" name=\"your-tel\" \/><\/span> <\/label><br \/>\n<label><span class=\"wpcf7-form-control-wrap\" data-name=\"your-empresa\"><input size=\"40\" maxlength=\"400\" class=\"wpcf7-form-control wpcf7-text wpcf7-validates-as-required\" aria-required=\"true\" aria-invalid=\"false\" placeholder=\"Empresa\" value=\"\" type=\"text\" name=\"your-empresa\" \/><\/span> <\/label><br \/>\n<label><span class=\"wpcf7-form-control-wrap\" data-name=\"your-sector\"><input size=\"40\" maxlength=\"400\" class=\"wpcf7-form-control wpcf7-text\" aria-invalid=\"false\" placeholder=\"Sector\" value=\"\" type=\"text\" name=\"your-sector\" \/><\/span> <\/label><br \/>\n<label><span class=\"wpcf7-form-control-wrap\" data-name=\"your-message\"><textarea cols=\"40\" rows=\"10\" maxlength=\"2000\" class=\"wpcf7-form-control wpcf7-textarea wpcf7-validates-as-required\" aria-required=\"true\" aria-invalid=\"false\" placeholder=\"Dinos qu\u00e9 necesitas\" name=\"your-message\"><\/textarea><\/span> <\/label><br \/>\n<label>C\u00f3mo nos has conocido:<span class=\"wpcf7-form-control-wrap\" data-name=\"menu-213\"><select class=\"wpcf7-form-control wpcf7-select wpcf7-validates-as-required\" aria-required=\"true\" aria-invalid=\"false\" name=\"menu-213\"><option value=\"\">&#8212;Por favor, elige una opci\u00f3n&#8212;<\/option><option value=\"B\u00fasqueda en Google.\">B\u00fasqueda en Google.<\/option><option value=\"Instagram\">Instagram<\/option><option value=\"Facebook\">Facebook<\/option><option value=\"Linkedin\">Linkedin<\/option><option value=\"Twitter\">Twitter<\/option><\/select><\/span><\/label>\n<\/p>\n<div class=\"form-consent\">\n\t<p style=\"font-size:14px;line-height: 1.2;margin-bottom:10px;\">TROY&MACCLURE, S.L. como responsable del tratamiento tratar\u00e1 tus datos con la finalidad de dar respuesta a tu consulta o petici\u00f3n. Puedes acceder, rectificar y suprimir tus datos, as\u00ed como ejercer otros derechos consultando la informaci\u00f3n adicional y detallada sobre protecci\u00f3n de datos en nuestra <a href=\"\/politica-de-privacidad\" target=\"_blank\">pol\u00edtica de privacidad<\/a>\n\t<\/p>\n\t<p><span class=\"wpcf7-form-control-wrap\" data-name=\"acepta-politica\"><span class=\"wpcf7-form-control wpcf7-acceptance\"><span class=\"wpcf7-list-item\"><label><input type=\"checkbox\" name=\"acepta-politica\" value=\"1\" aria-invalid=\"false\" \/><span class=\"wpcf7-list-item-label\">He le\u00eddo y acepto las condiciones contenidas en la <a href=\"\/politica-de-privacidad\" target=\"_blank\"> pol\u00edtica de privacidad<\/a> sobre el tratamiento de mis datos para gestionar mi consulta o petici\u00f3n.<\/span><\/label><\/span><\/span><\/span><br \/>\n<span class=\"wpcf7-form-control-wrap\" data-name=\"acepta-info-comercial\"><span class=\"wpcf7-form-control wpcf7-checkbox\"><span class=\"wpcf7-list-item first last\"><input type=\"checkbox\" name=\"acepta-info-comercial[]\" value=\"Nos gustar\u00eda que nos prestaras tu consentimiento para enviarte informaci\u00f3n comercial sobre los productos, servicios, novedades de TROY&amp;MACCLURE, S.L.\" \/><span class=\"wpcf7-list-item-label\">Nos gustar\u00eda que nos prestaras tu consentimiento para enviarte informaci\u00f3n comercial sobre los productos, servicios, novedades de TROY&amp;MACCLURE, S.L.<\/span><\/span><\/span><\/span>\n\t<\/p>\n<\/div>\n<p><input class=\"wpcf7-form-control wpcf7-submit has-spinner\" type=\"submit\" value=\"Enviar\" \/>\n<\/p>\n<input class=\"wpcf7-form-control wpcf7-hidden\" id=\"gaCookie\" value=\"\" type=\"hidden\" name=\"gaCookie\" \/>\n<input class=\"wpcf7-form-control wpcf7-hidden\" value=\"\" type=\"hidden\" name=\"ga_campaign\" \/>\n<input class=\"wpcf7-form-control wpcf7-hidden\" value=\"\" type=\"hidden\" name=\"ga_medium\" \/>\n<input class=\"wpcf7-form-control wpcf7-hidden\" value=\"\" type=\"hidden\" name=\"ga_source\" \/>\n<input class=\"wpcf7-form-control wpcf7-hidden\" value=\"\" type=\"hidden\" name=\"ga_content\" \/>\n<input class=\"wpcf7-form-control wpcf7-hidden\" value=\"\" type=\"hidden\" name=\"ga_keyword\" \/>\n<input class=\"wpcf7-form-control wpcf7-hidden\" value=\"\" type=\"hidden\" name=\"landing_page_fdc\" \/><div class=\"wpcf7-response-output\" aria-hidden=\"true\"><\/div>\n<\/form>\n<\/div>\n<\/div><\/div><\/div><\/section>\n<\/div>","protected":false},"excerpt":{"rendered":"Punt de trobada professional al sud d'Europa dels principals actors p\u00fablics i privats de l'ecosistema de la mobilitat sostenible, la tercera edici\u00f3 del Go Mobility by Mubil ha congregat al Ficoba d'Irun a m\u00e9s un centenar d'operadors, compradors, decisors de ciutats i empreses i prove\u00efdors de serveis. Un esdeveniment ideat per impulsar el mercat avan\u00e7ant cap a una nova mobilitat respectuosa amb el planeta, competitiva, verda i innovadora. 12.000 metres quadrats de recinte firal dedicats a presentar l'\u00faltima novetat en la mobilitat del futur, que van comptar amb el protagonisme expositor d'IN MOVE by Railgrup\u00a0 i Sistemas ADAS , dos destacats membres del nostre FlanClub de la bona comunicaci\u00f3. La tecnologia de Sistemes ADASSistemas ADAS, sempre amb el focus a la Visi\u00f3 Zero Accidents Zero V\u00edctimes, treballa en la selecci\u00f3 de les millors tecnologies disponibles per oferir al mercat la soluci\u00f3 a la sinistralitat de les flotes urbanes i la reducci\u00f3 dels costos d'operaci\u00f3. Assessorament tecnol\u00f2gic i sistemes d'Ajuda a la Conducci\u00f3 i Cotxe Connectat amb l'objectiu d'alertar sobre l'imprevist , protegint tant els usuaris m\u00e9s vulnerables com actius tan importants d'empreses i organismes com ho s\u00f3n les seves flotes de vehicles. [vc_single_image image=\"33221\" img_size=\"full\"]L'espai firal ideat pels equips d'Espais...","protected":false},"author":1,"featured_media":33226,"comment_status":"closed","ping_status":"closed","sticky":false,"template":"","format":"standard","meta":{"footnotes":""},"categories":[137],"tags":[291],"class_list":["post-33228","post","type-post","status-publish","format-standard","has-post-thumbnail","hentry","category-noticies","tag-blog-ca"],"_links":{"self":[{"href":"https:\/\/flandecoco.net\/ca\/wp-json\/wp\/v2\/posts\/33228","targetHints":{"allow":["GET"]}}],"collection":[{"href":"https:\/\/flandecoco.net\/ca\/wp-json\/wp\/v2\/posts"}],"about":[{"href":"https:\/\/flandecoco.net\/ca\/wp-json\/wp\/v2\/types\/post"}],"author":[{"embeddable":true,"href":"https:\/\/flandecoco.net\/ca\/wp-json\/wp\/v2\/users\/1"}],"replies":[{"embeddable":true,"href":"https:\/\/flandecoco.net\/ca\/wp-json\/wp\/v2\/comments?post=33228"}],"version-history":[{"count":2,"href":"https:\/\/flandecoco.net\/ca\/wp-json\/wp\/v2\/posts\/33228\/revisions"}],"predecessor-version":[{"id":33230,"href":"https:\/\/flandecoco.net\/ca\/wp-json\/wp\/v2\/posts\/33228\/revisions\/33230"}],"wp:featuredmedia":[{"embeddable":true,"href":"https:\/\/flandecoco.net\/ca\/wp-json\/wp\/v2\/media\/33226"}],"wp:attachment":[{"href":"https:\/\/flandecoco.net\/ca\/wp-json\/wp\/v2\/media?parent=33228"}],"wp:term":[{"taxonomy":"category","embeddable":true,"href":"https:\/\/flandecoco.net\/ca\/wp-json\/wp\/v2\/categories?post=33228"},{"taxonomy":"post_tag","embeddable":true,"href":"https:\/\/flandecoco.net\/ca\/wp-json\/wp\/v2\/tags?post=33228"}],"curies":[{"name":"wp","href":"https:\/\/api.w.org\/{rel}","templated":true}]}}