{"id":32733,"date":"2022-03-03T11:37:56","date_gmt":"2022-03-03T11:37:56","guid":{"rendered":"https:\/\/flandecoco.net\/?p=32733"},"modified":"2022-03-03T11:38:38","modified_gmt":"2022-03-03T11:38:38","slug":"dona-i-publicitat-la-nostra-historia","status":"publish","type":"post","link":"https:\/\/flandecoco.net\/ca\/blog-ca\/dona-i-publicitat-la-nostra-historia","title":{"rendered":"Dona i Publicitat: la nostra hist\u00f2ria"},"content":{"rendered":"<div class=\"wpb-content-wrapper\"><section class=\"vc_row wpb_row vc_row-fluid  vc_custom_1507696989698\"><div class=\"wpb_column vc_column_container  col-xs-mobile-fullwidth\"><div class=\"vc_column-inner \"><div class=\"wpb_wrapper\"><div class=\"blockquote-style-1\"><blockquote class=\"border-color-deep-pink\" style=\"border-color: #3f63a9;\"><div class=\"last-paragraph-no-margin blockquote-content\"><p>Sense la certesa cient\u00edfica d&#8217;una radiografia m\u00e8dica, val, per\u00f2 la Publicitat sempre ha atresorat la virtut d&#8217;oferir una imatge molt fidedigna de l&#8217;estat de salut de cada societat en el seu context hist\u00f2ric. Una fotografia que exhibeix un esquelet complet d&#8217;h\u00e0bits, comportaments, normes, formes de comunicaci\u00f3, pensament i rols assignats als seus membres.<\/p>\n<\/div><\/blockquote><\/div><\/div><\/div><\/div><\/section><section class=\"vc_row wpb_row vc_row-fluid row-blog-interior  vc_row-o-content-middle vc_row-flex\"><div class=\"wpb_column vc_column_container vc_col-sm-12  col-xs-mobile-fullwidth\"><div class=\"vc_column-inner \"><div class=\"wpb_wrapper\"><div class=\"p-blog-fluido last-paragraph-no-margin\"><p>En un moment com l&#8217;actual, en qu\u00e8 els enormes \u00e8xits aconseguits respecte a la igualtat entre dones i homes s\u00f3n directament proporcionals al llarg cam\u00ed que encara queda per rec\u00f3rrer, val la pena submergir-se en un petit viatge al passat publicitari. Una mirada amb les ulleres de llegir del 2022, inc\u00f2moda en bona part dels exemples que visualitzarem, per\u00f2 especialment pedag\u00f2gica per no cedir als passos de cranc.<\/p>\n<\/div><span class=\"text-extra-large margin-25px-bottom display-inline-block alt-font heading-style3  heading-1\" >Decisora i protagonista<\/span><div class=\"p-blog-fluido last-paragraph-no-margin\"><p>Des dels inicis de la publicitat, la dona sempre ha estat un element crucial i representatiu. Una figura amb una doble vessant tant decisora, en ser la destinat\u00e0ria-objecte de molts dels impactes publicitaris (aproximadament un 80% de les compres s\u00f3n realitzades per dones), com assignant-li diferents rols protagonistes a l&#8217;acting d&#8217;anuncis, espots, etc.<\/p>\n<p>A la d\u00e8cada dels 50 i 60 les dones estaven gaireb\u00e9 exclusivament representades a la cuina, exercint de mestressa i senyora de la llar o com la perfecta esposa i mare. Quan apareixia fent el salt a l&#8217;\u00e0mbit laboral, el seu paper quedava pr\u00e0cticament delimitat a rols subordinats.<\/p>\n<\/div>[vc_single_image image=&#8221;32724&#8243; img_size=&#8221;full&#8221; alignment=&#8221;center&#8221;]<div class=\"p-blog-fluido last-paragraph-no-margin\"><p>Els 70, a l&#8217;\u00e0mbit espanyol, comencen desgraciadament en mode clon de les dues d\u00e8cades anteriors. L\u2019obertura gradual del pa\u00eds porta tamb\u00e9 a la pres\u00e8ncia de marques estrangeres i canvis culturals que r\u00e0pidament s&#8217;integren a la Publicitat de l&#8217;\u00e8poca.<\/p>\n<p>A poc a poc, la liberalitzaci\u00f3 de la dona comen\u00e7a a ser una realitat m\u00e9s que un anhel i se la retrata a Publicitat exercint una major diversitat de professions, vestint pantalons i associant-la a h\u00e0bits fins aleshores considerats masculins, com fumar o beure alcohol.<\/p>\n<p>Tot i els canvis, les estructures socials no muten de la nit al dia i segueixen trobant-se exemples en qu\u00e8 les dones tenen un paper secundari i, de vegades, denigrant. Per exemple, un dels anuncis de l&#8217;\u00e8poca (Kelvinator. 1975) apostava per un \u201cPorti&#8217;s com un home, ajudi la seva dona\u201d que no convidava a repartir les tasques de la casa sin\u00f3 a&#8230; comprar-li una rentadora.<\/p>\n<\/div>[vc_single_image image=&#8221;32726&#8243; img_size=&#8221;full&#8221; alignment=&#8221;center&#8221;]<div class=\"p-blog-fluido last-paragraph-no-margin\"><p>Les t\u00edmides transformacions dels 70 cobren tota la seva efervesc\u00e8ncia a partir del 1980 amb una d\u00e8cada, considerada per molts, com l&#8217;\u00e8poca daurada de la Publicitat a Espanya. La consolidaci\u00f3 de determinats canvis pol\u00edtics, socials i econ\u00f2mics porta una explosi\u00f3 de llibertats tamb\u00e9 a l&#8217;univers publicitari.<\/p>\n<p>Apareix una dona lliure, segura i decidida a aparcar definitivament la imatge de sexe feble. Una dona activa que fa caure murs en el m\u00f3n laboral i retarda (o descarta) la maternitat o el matrimoni. I, en for\u00e7a ocasions, un home a qui se li assignen rols d&#8217;home-objecte.<\/p>\n<p>Una dona forta, elegant, amb \u00e8xit i treballadora. Una dona independent.<\/p>\n<\/div>[vc_single_image image=&#8221;32728&#8243; img_size=&#8221;full&#8221; alignment=&#8221;center&#8221;][vc_video link=&#8221;https:\/\/www.youtube.com\/watch?v=pvDHEoIpOew&#8221; align=&#8221;center&#8221;]<div class=\"p-blog-fluido last-paragraph-no-margin\"><p>Lamentablement, les millores gegants aconseguides en aquesta d\u00e8cada van patir una terrible frenada als 90 en qu\u00e8 el paper de la dona muta al d&#8217;objecte sexual. Una involuci\u00f3 que obrir\u00e0 el proper contingut del Blog FlandeCoco sobre \u201cDona i Publicitat: hist\u00f2ria del que \u00e9s nostre (2)\u201d.<\/p>\n<p>Pots con\u00e8ixer altres continguts relacionats amb l&#8217;Univers Publi visitant el <strong><a href=\"https:\/\/flandecoco.net\/blog\/\">Blog<\/a> <\/strong>de FlandeCoco o seguir el dia a dia l&#8217;ag\u00e8ncia a les nostres Xarxes Socials a <a href=\"https:\/\/www.linkedin.com\/company\/15203682\/admin\/\"><strong>LinkedIn<\/strong><\/a> , <a href=\"https:\/\/www.instagram.com\/flandecocolab\/?hl=es\"><strong>Instagram<\/strong> <\/a>, <a href=\"https:\/\/twitter.com\/flandecocolab?lang=es\"><strong>Twitter<\/strong><\/a>, <a href=\"https:\/\/www.facebook.com\/flandecocolab\/\"><strong>Facebook<\/strong><\/a> o <a href=\"https:\/\/www.youtube.com\/channel\/UCdEtDmhjc3WhuC0bTN5grCw\"><strong>YouTube <\/strong><\/a>.<\/p>\n<p>Si vols informaci\u00f3 addicional per a la teva empresa o con\u00e8ixer altres detalls sobre com et podem ajudar en accions de M\u00e0rqueting i Comunicaci\u00f3, omple el seg\u00fcent formulari i r\u00e0pidament et donarem resposta.<\/p>\n<\/div><\/div><\/div><\/div><\/section><section class=\"vc_row wpb_row vc_row-fluid  vc_custom_1618396747927\"><div class=\"wpb_column vc_column_container vc_col-sm-12  col-xs-mobile-fullwidth\"><div class=\"vc_column-inner \"><div class=\"wpb_wrapper\">\n<div class=\"wpcf7 no-js\" id=\"wpcf7-f6-o1\" lang=\"es-ES\" dir=\"ltr\" data-wpcf7-id=\"6\">\n<div class=\"screen-reader-response\"><p role=\"status\" aria-live=\"polite\" aria-atomic=\"true\"><\/p> <ul><\/ul><\/div>\n<form action=\"\/ca\/wp-json\/wp\/v2\/posts\/32733#wpcf7-f6-o1\" method=\"post\" class=\"wpcf7-form init\" aria-label=\"Formulario de contacto\" novalidate=\"novalidate\" data-status=\"init\">\n<fieldset class=\"hidden-fields-container\"><input type=\"hidden\" name=\"_wpcf7\" value=\"6\" \/><input type=\"hidden\" name=\"_wpcf7_version\" value=\"6.1.5\" \/><input type=\"hidden\" name=\"_wpcf7_locale\" value=\"es_ES\" \/><input type=\"hidden\" name=\"_wpcf7_unit_tag\" value=\"wpcf7-f6-o1\" \/><input type=\"hidden\" name=\"_wpcf7_container_post\" value=\"0\" \/><input type=\"hidden\" name=\"_wpcf7_posted_data_hash\" value=\"\" \/><input type=\"hidden\" name=\"_wpcf7_recaptcha_response\" value=\"\" \/>\n<\/fieldset>\n<p><label><span class=\"wpcf7-form-control-wrap\" data-name=\"your-name\"><input size=\"40\" maxlength=\"400\" class=\"wpcf7-form-control wpcf7-text wpcf7-validates-as-required\" aria-required=\"true\" aria-invalid=\"false\" placeholder=\"Nombre y Apellidos\" value=\"\" type=\"text\" name=\"your-name\" \/><\/span> <\/label><br \/>\n<label><span class=\"wpcf7-form-control-wrap\" data-name=\"your-email\"><input size=\"40\" maxlength=\"400\" class=\"wpcf7-form-control wpcf7-email wpcf7-validates-as-required wpcf7-text wpcf7-validates-as-email\" aria-required=\"true\" aria-invalid=\"false\" placeholder=\"Email\" value=\"\" type=\"email\" name=\"your-email\" \/><\/span> <\/label><br \/>\n<label> <span class=\"wpcf7-form-control-wrap\" data-name=\"your-tel\"><input size=\"40\" maxlength=\"400\" class=\"wpcf7-form-control wpcf7-tel wpcf7-validates-as-required wpcf7-text wpcf7-validates-as-tel\" aria-required=\"true\" aria-invalid=\"false\" placeholder=\"Tel\u00e9fono\" value=\"\" type=\"tel\" name=\"your-tel\" \/><\/span> <\/label><br \/>\n<label><span class=\"wpcf7-form-control-wrap\" data-name=\"your-empresa\"><input size=\"40\" maxlength=\"400\" class=\"wpcf7-form-control wpcf7-text wpcf7-validates-as-required\" aria-required=\"true\" aria-invalid=\"false\" placeholder=\"Empresa\" value=\"\" type=\"text\" name=\"your-empresa\" \/><\/span> <\/label><br \/>\n<label><span class=\"wpcf7-form-control-wrap\" data-name=\"your-sector\"><input size=\"40\" maxlength=\"400\" class=\"wpcf7-form-control wpcf7-text\" aria-invalid=\"false\" placeholder=\"Sector\" value=\"\" type=\"text\" name=\"your-sector\" \/><\/span> <\/label><br \/>\n<label><span class=\"wpcf7-form-control-wrap\" data-name=\"your-message\"><textarea cols=\"40\" rows=\"10\" maxlength=\"2000\" class=\"wpcf7-form-control wpcf7-textarea wpcf7-validates-as-required\" aria-required=\"true\" aria-invalid=\"false\" placeholder=\"Dinos qu\u00e9 necesitas\" name=\"your-message\"><\/textarea><\/span> <\/label><br \/>\n<label>C\u00f3mo nos has conocido:<span class=\"wpcf7-form-control-wrap\" data-name=\"menu-213\"><select class=\"wpcf7-form-control wpcf7-select wpcf7-validates-as-required\" aria-required=\"true\" aria-invalid=\"false\" name=\"menu-213\"><option value=\"\">&#8212;Por favor, elige una opci\u00f3n&#8212;<\/option><option value=\"B\u00fasqueda en Google.\">B\u00fasqueda en Google.<\/option><option value=\"Instagram\">Instagram<\/option><option value=\"Facebook\">Facebook<\/option><option value=\"Linkedin\">Linkedin<\/option><option value=\"Twitter\">Twitter<\/option><\/select><\/span><\/label>\n<\/p>\n<div class=\"form-consent\">\n\t<p style=\"font-size:14px;line-height: 1.2;margin-bottom:10px;\">TROY&MACCLURE, S.L. como responsable del tratamiento tratar\u00e1 tus datos con la finalidad de dar respuesta a tu consulta o petici\u00f3n. Puedes acceder, rectificar y suprimir tus datos, as\u00ed como ejercer otros derechos consultando la informaci\u00f3n adicional y detallada sobre protecci\u00f3n de datos en nuestra <a href=\"\/politica-de-privacidad\" target=\"_blank\">pol\u00edtica de privacidad<\/a>\n\t<\/p>\n\t<p><span class=\"wpcf7-form-control-wrap\" data-name=\"acepta-politica\"><span class=\"wpcf7-form-control wpcf7-acceptance\"><span class=\"wpcf7-list-item\"><label><input type=\"checkbox\" name=\"acepta-politica\" value=\"1\" aria-invalid=\"false\" \/><span class=\"wpcf7-list-item-label\">He le\u00eddo y acepto las condiciones contenidas en la <a href=\"\/politica-de-privacidad\" target=\"_blank\"> pol\u00edtica de privacidad<\/a> sobre el tratamiento de mis datos para gestionar mi consulta o petici\u00f3n.<\/span><\/label><\/span><\/span><\/span><br \/>\n<span class=\"wpcf7-form-control-wrap\" data-name=\"acepta-info-comercial\"><span class=\"wpcf7-form-control wpcf7-checkbox\"><span class=\"wpcf7-list-item first last\"><input type=\"checkbox\" name=\"acepta-info-comercial[]\" value=\"Nos gustar\u00eda que nos prestaras tu consentimiento para enviarte informaci\u00f3n comercial sobre los productos, servicios, novedades de TROY&amp;MACCLURE, S.L.\" \/><span class=\"wpcf7-list-item-label\">Nos gustar\u00eda que nos prestaras tu consentimiento para enviarte informaci\u00f3n comercial sobre los productos, servicios, novedades de TROY&amp;MACCLURE, S.L.<\/span><\/span><\/span><\/span>\n\t<\/p>\n<\/div>\n<p><input class=\"wpcf7-form-control wpcf7-submit has-spinner\" type=\"submit\" value=\"Enviar\" \/>\n<\/p>\n<input class=\"wpcf7-form-control wpcf7-hidden\" id=\"gaCookie\" value=\"\" type=\"hidden\" name=\"gaCookie\" \/>\n<input class=\"wpcf7-form-control wpcf7-hidden\" value=\"\" type=\"hidden\" name=\"ga_campaign\" \/>\n<input class=\"wpcf7-form-control wpcf7-hidden\" value=\"\" type=\"hidden\" name=\"ga_medium\" \/>\n<input class=\"wpcf7-form-control wpcf7-hidden\" value=\"\" type=\"hidden\" name=\"ga_source\" \/>\n<input class=\"wpcf7-form-control wpcf7-hidden\" value=\"\" type=\"hidden\" name=\"ga_content\" \/>\n<input class=\"wpcf7-form-control wpcf7-hidden\" value=\"\" type=\"hidden\" name=\"ga_keyword\" \/>\n<input class=\"wpcf7-form-control wpcf7-hidden\" value=\"\" type=\"hidden\" name=\"landing_page_fdc\" \/><div class=\"wpcf7-response-output\" aria-hidden=\"true\"><\/div>\n<\/form>\n<\/div>\n<\/div><\/div><\/div><\/section>\n<\/div>","protected":false},"excerpt":{"rendered":"Sense la certesa cient\u00edfica d'una radiografia m\u00e8dica, val, per\u00f2 la Publicitat sempre ha atresorat la virtut d'oferir una imatge molt fidedigna de l'estat de salut de cada societat en el seu context hist\u00f2ric. Una fotografia que exhibeix un esquelet complet d'h\u00e0bits, comportaments, normes, formes de comunicaci\u00f3, pensament i rols assignats als seus membres. En un moment com l'actual, en qu\u00e8 els enormes \u00e8xits aconseguits respecte a la igualtat entre dones i homes s\u00f3n directament proporcionals al llarg cam\u00ed que encara queda per rec\u00f3rrer, val la pena submergir-se en un petit viatge al passat publicitari. Una mirada amb les ulleres de llegir del 2022, inc\u00f2moda en bona part dels exemples que visualitzarem, per\u00f2 especialment pedag\u00f2gica per no cedir als passos de cranc. Decisora i protagonistaDes dels inicis de la publicitat, la dona sempre ha estat un element crucial i representatiu. Una figura amb una doble vessant tant decisora, en ser la destinat\u00e0ria-objecte de molts dels impactes publicitaris (aproximadament un 80% de les compres s\u00f3n realitzades per dones), com assignant-li diferents rols protagonistes a l'acting d'anuncis, espots, etc. A la d\u00e8cada dels 50 i 60 les dones estaven gaireb\u00e9 exclusivament representades a la cuina, exercint de mestressa i senyora de la llar...","protected":false},"author":1,"featured_media":32731,"comment_status":"closed","ping_status":"closed","sticky":false,"template":"","format":"standard","meta":{"footnotes":""},"categories":[136],"tags":[291],"class_list":["post-32733","post","type-post","status-publish","format-standard","has-post-thumbnail","hentry","category-blog-ca","tag-blog-ca"],"_links":{"self":[{"href":"https:\/\/flandecoco.net\/ca\/wp-json\/wp\/v2\/posts\/32733","targetHints":{"allow":["GET"]}}],"collection":[{"href":"https:\/\/flandecoco.net\/ca\/wp-json\/wp\/v2\/posts"}],"about":[{"href":"https:\/\/flandecoco.net\/ca\/wp-json\/wp\/v2\/types\/post"}],"author":[{"embeddable":true,"href":"https:\/\/flandecoco.net\/ca\/wp-json\/wp\/v2\/users\/1"}],"replies":[{"embeddable":true,"href":"https:\/\/flandecoco.net\/ca\/wp-json\/wp\/v2\/comments?post=32733"}],"version-history":[{"count":2,"href":"https:\/\/flandecoco.net\/ca\/wp-json\/wp\/v2\/posts\/32733\/revisions"}],"predecessor-version":[{"id":32735,"href":"https:\/\/flandecoco.net\/ca\/wp-json\/wp\/v2\/posts\/32733\/revisions\/32735"}],"wp:featuredmedia":[{"embeddable":true,"href":"https:\/\/flandecoco.net\/ca\/wp-json\/wp\/v2\/media\/32731"}],"wp:attachment":[{"href":"https:\/\/flandecoco.net\/ca\/wp-json\/wp\/v2\/media?parent=32733"}],"wp:term":[{"taxonomy":"category","embeddable":true,"href":"https:\/\/flandecoco.net\/ca\/wp-json\/wp\/v2\/categories?post=32733"},{"taxonomy":"post_tag","embeddable":true,"href":"https:\/\/flandecoco.net\/ca\/wp-json\/wp\/v2\/tags?post=32733"}],"curies":[{"name":"wp","href":"https:\/\/api.w.org\/{rel}","templated":true}]}}