{"id":32511,"date":"2022-01-17T15:27:45","date_gmt":"2022-01-17T15:27:45","guid":{"rendered":"https:\/\/flandecoco.net\/?p=32511"},"modified":"2022-01-17T15:28:52","modified_gmt":"2022-01-17T15:28:52","slug":"la-versatilidad-de-una-agencia-360","status":"publish","type":"post","link":"https:\/\/flandecoco.net\/ca\/blog-ca\/la-versatilidad-de-una-agencia-360","title":{"rendered":"La versatilitat d\u2019una ag\u00e8ncia 360"},"content":{"rendered":"<div class=\"wpb-content-wrapper\"><section class=\"vc_row wpb_row vc_row-fluid  vc_custom_1507696989698\"><div class=\"wpb_column vc_column_container  col-xs-mobile-fullwidth\"><div class=\"vc_column-inner \"><div class=\"wpb_wrapper\"><div class=\"blockquote-style-1\"><blockquote class=\"border-color-deep-pink\" style=\"border-color: #3f63a9;\"><div class=\"last-paragraph-no-margin blockquote-content\"><p>La versatilitat \u00e9s la capacitat d&#8217;alguna cosa o d\u2019alg\u00fa a adaptar-se amb rapidesa a diferents funcions o situacions. Una caracter\u00edstica molt apreciada per les empreses i institucions, tant en la construcci\u00f3 del seu equip hum\u00e0 com en la seva cadena de prove\u00efdors. Un valor amb variables a la proximitat, l&#8217;agilitat, la diversitat i l&#8217;efici\u00e8ncia, molt \u00fatil en totes les conjuntures, per\u00f2 especialment avantatj\u00f3s en situacions en qu\u00e8 els timings ajustates exigeixen solucions tan urgents com eficaces.<\/p>\n<\/div><\/blockquote><\/div><\/div><\/div><\/div><\/section><section class=\"vc_row wpb_row vc_row-fluid row-blog-interior  vc_row-o-content-middle vc_row-flex\"><div class=\"wpb_column vc_column_container vc_col-sm-12  col-xs-mobile-fullwidth\"><div class=\"vc_column-inner \"><div class=\"wpb_wrapper\"><div class=\"p-blog-fluido last-paragraph-no-margin\"><p>Una ag\u00e8ncia de publicitat, a grans trets i amb mil matisos, ajuda a arribar a possibles <a href=\"https:\/\/flandecoco.net\/ca\/blog-ca\/b2b-i-b2c-dues-cares-de-la-moneda-del-marqueting\/\"><strong>clients B2B o B2C<\/strong><\/a> dels diferents mitjans existents, ja siguin online i offline. Dividides en diverses categories segons el tipus de servei en qu\u00e8 estiguin especialitzades, les 360 ofereixen un cat\u00e0leg ampli amb gaireb\u00e9 totes les possibilitats de publicitat i comunicaci\u00f3 existents.<\/p>\n<\/div><span class=\"text-extra-large margin-25px-bottom display-inline-block alt-font heading-style3  heading-1\" >Un cercle d'avantatges<\/span><div class=\"p-blog-fluido last-paragraph-no-margin\"><p>Una manera circular d&#8217;actuar que permet tant la cl\u00e0ssica an\u00e0lisi del mercat \u2013 sortida del producte o servei \u2013 execuci\u00f3 de les estrat\u00e8gies on i offline \u2013 tancament de compra per\u00f2, tamb\u00e9, vers\u00e0til i adaptable a les necessitats concretes del client. Un tipus d&#8217;ag\u00e8ncia que compta amb experts en diferents \u00e0rees del m\u00e0rqueting i la creativitat, oferint un servei integral ideal per impulsar un negoci o respondre determinades situacions espec\u00edfiques.<\/p>\n<p>Al terreny dels avantatges, el 360 acumula unes quantes per al client.<\/p>\n<ul>\n<li>Coordinaci\u00f3 i comunicaci\u00f3 m\u00e9s fluida des de l\u2019interlocutor \u00fanic.<\/li>\n<li>Imatge de marca i objectius de comunicaci\u00f3 coordinats i alienats.<\/li>\n<li>Comunicaci\u00f3 coherent i unificada entre qualsevol dels mitjans.<\/li>\n<li>Incrementa el nombre de vendes i maximitza la visibilitat.<\/li>\n<li>Genera valor real.<\/li>\n<li>\u00d2ptim maneig dels resultats per comparar i coordinar esfor\u00e7os.<\/li>\n<li>Rendibilitat de la inversi\u00f3 en campanyes.<\/li>\n<li>Visi\u00f3 unificada del M\u00e0rqueting.<\/li>\n<li>Identificaci\u00f3 d\u2019oportunitats de negoci.<\/li>\n<li>Impulsa la cultura d&#8217;empresa.<\/li>\n<li>Fidelitzaci\u00f3 de clients. Un missatge \u00fanic amb objectiu \u00fanic genera confian\u00e7a.<\/li>\n<\/ul>\n<p>M\u00e9s que una tend\u00e8ncia, moda o necessitat actual, una ag\u00e8ncia 360 dona m\u00fascul a la versatilitat que cal saber desenvolupar per oferir un servei integral i de qualitat als clients. Cobrir totes les necessitats en el desenvolupament de campanyes, imatge corporativa, accions de social media, relacions p\u00fabliques i el llarg etc\u00e8tera que comprenen la creativitat i el m\u00e0rqueting.<\/p>\n<\/div><span class=\"text-extra-large margin-25px-bottom display-inline-block alt-font heading-style3  heading-2\" >El b\u00edceps de la gesti\u00f3 integral<\/span><div class=\"p-blog-fluido last-paragraph-no-margin\"><p>El pool de <a href=\"https:\/\/flandecoco.net\/ca\/serveis\/\"><strong>vuit grans grups de serveis FlandeCoco<\/strong> <\/a>permet oferir a marques i empreses el b\u00edceps de la gesti\u00f3 integral de tots els mitjans a l&#8217;abast del seu target, la contractaci\u00f3 individualitzada de la Consultoria de M\u00e0rqueting i Comunicaci\u00f3, M\u00e0rqueting Digital, Disseny Web, Disseny Gr\u00e0fic, Agenda de Mitjans, Espais Ef\u00edmers, Esdeveniments i Audiovisuals o com a partner puntual per a accions que requereixin del binomi velocitat-efici\u00e8ncia.<\/p>\n<p>Pots con\u00e8ixer altres continguts relacionats amb l&#8217;Univers Publi visitant el <a href=\"https:\/\/flandecoco.net\/ca\/blog\/\"><strong>Blog de FlandeCoco<\/strong><\/a> o seguir el dia a dia l&#8217;ag\u00e8ncia de l&#8217;ag\u00e8ncia a les nostres Xarxes Socials a <a href=\"https:\/\/es.linkedin.com\/company\/flandecoco-lab\"><strong>LinkedIn<\/strong><\/a> , <a href=\"https:\/\/www.instagram.com\/flandecocolab\/?hl=es\"><strong>Instagram<\/strong><\/a>, <a href=\"https:\/\/twitter.com\/flandecocolab?lang=es\"><strong>Twitter<\/strong> <\/a>,<a href=\"https:\/\/www.facebook.com\/flandecocolab\/\"> <strong>Facebook<\/strong><\/a> o <a href=\"https:\/\/www.youtube.com\/channel\/UCdEtDmhjc3WhuC0bTN5grCw\"><strong>YouTube<\/strong><\/a>.<\/p>\n<p>Si vols informaci\u00f3 addicional per a la teva empresa o con\u00e8ixer altres detalls sobre com et podem ajudar en accions de M\u00e0rqueting i Comunicaci\u00f3, omple el seg\u00fcent formulari i r\u00e0pidament et donarem resposta.<\/p>\n<\/div><\/div><\/div><\/div><\/section><section class=\"vc_row wpb_row vc_row-fluid  vc_custom_1618396747927\"><div class=\"wpb_column vc_column_container vc_col-sm-12  col-xs-mobile-fullwidth\"><div class=\"vc_column-inner \"><div class=\"wpb_wrapper\">\n<div class=\"wpcf7 no-js\" id=\"wpcf7-f6-o1\" lang=\"es-ES\" dir=\"ltr\" data-wpcf7-id=\"6\">\n<div class=\"screen-reader-response\"><p role=\"status\" aria-live=\"polite\" aria-atomic=\"true\"><\/p> <ul><\/ul><\/div>\n<form action=\"\/ca\/wp-json\/wp\/v2\/posts\/32511#wpcf7-f6-o1\" method=\"post\" class=\"wpcf7-form init\" aria-label=\"Formulario de contacto\" novalidate=\"novalidate\" data-status=\"init\">\n<fieldset class=\"hidden-fields-container\"><input type=\"hidden\" name=\"_wpcf7\" value=\"6\" \/><input type=\"hidden\" name=\"_wpcf7_version\" value=\"6.1.5\" \/><input type=\"hidden\" name=\"_wpcf7_locale\" value=\"es_ES\" \/><input type=\"hidden\" name=\"_wpcf7_unit_tag\" value=\"wpcf7-f6-o1\" \/><input type=\"hidden\" name=\"_wpcf7_container_post\" value=\"0\" \/><input type=\"hidden\" name=\"_wpcf7_posted_data_hash\" value=\"\" \/><input type=\"hidden\" name=\"_wpcf7_recaptcha_response\" value=\"\" \/>\n<\/fieldset>\n<p><label><span class=\"wpcf7-form-control-wrap\" data-name=\"your-name\"><input size=\"40\" maxlength=\"400\" class=\"wpcf7-form-control wpcf7-text wpcf7-validates-as-required\" aria-required=\"true\" aria-invalid=\"false\" placeholder=\"Nombre y Apellidos\" value=\"\" type=\"text\" name=\"your-name\" \/><\/span> <\/label><br \/>\n<label><span class=\"wpcf7-form-control-wrap\" data-name=\"your-email\"><input size=\"40\" maxlength=\"400\" class=\"wpcf7-form-control wpcf7-email wpcf7-validates-as-required wpcf7-text wpcf7-validates-as-email\" aria-required=\"true\" aria-invalid=\"false\" placeholder=\"Email\" value=\"\" type=\"email\" name=\"your-email\" \/><\/span> <\/label><br \/>\n<label> <span class=\"wpcf7-form-control-wrap\" data-name=\"your-tel\"><input size=\"40\" maxlength=\"400\" class=\"wpcf7-form-control wpcf7-tel wpcf7-validates-as-required wpcf7-text wpcf7-validates-as-tel\" aria-required=\"true\" aria-invalid=\"false\" placeholder=\"Tel\u00e9fono\" value=\"\" type=\"tel\" name=\"your-tel\" \/><\/span> <\/label><br \/>\n<label><span class=\"wpcf7-form-control-wrap\" data-name=\"your-empresa\"><input size=\"40\" maxlength=\"400\" class=\"wpcf7-form-control wpcf7-text wpcf7-validates-as-required\" aria-required=\"true\" aria-invalid=\"false\" placeholder=\"Empresa\" value=\"\" type=\"text\" name=\"your-empresa\" \/><\/span> <\/label><br \/>\n<label><span class=\"wpcf7-form-control-wrap\" data-name=\"your-sector\"><input size=\"40\" maxlength=\"400\" class=\"wpcf7-form-control wpcf7-text\" aria-invalid=\"false\" placeholder=\"Sector\" value=\"\" type=\"text\" name=\"your-sector\" \/><\/span> <\/label><br \/>\n<label><span class=\"wpcf7-form-control-wrap\" data-name=\"your-message\"><textarea cols=\"40\" rows=\"10\" maxlength=\"2000\" class=\"wpcf7-form-control wpcf7-textarea wpcf7-validates-as-required\" aria-required=\"true\" aria-invalid=\"false\" placeholder=\"Dinos qu\u00e9 necesitas\" name=\"your-message\"><\/textarea><\/span> <\/label><br \/>\n<label>C\u00f3mo nos has conocido:<span class=\"wpcf7-form-control-wrap\" data-name=\"menu-213\"><select class=\"wpcf7-form-control wpcf7-select wpcf7-validates-as-required\" aria-required=\"true\" aria-invalid=\"false\" name=\"menu-213\"><option value=\"\">&#8212;Por favor, elige una opci\u00f3n&#8212;<\/option><option value=\"B\u00fasqueda en Google.\">B\u00fasqueda en Google.<\/option><option value=\"Instagram\">Instagram<\/option><option value=\"Facebook\">Facebook<\/option><option value=\"Linkedin\">Linkedin<\/option><option value=\"Twitter\">Twitter<\/option><\/select><\/span><\/label>\n<\/p>\n<div class=\"form-consent\">\n\t<p style=\"font-size:14px;line-height: 1.2;margin-bottom:10px;\">TROY&MACCLURE, S.L. como responsable del tratamiento tratar\u00e1 tus datos con la finalidad de dar respuesta a tu consulta o petici\u00f3n. Puedes acceder, rectificar y suprimir tus datos, as\u00ed como ejercer otros derechos consultando la informaci\u00f3n adicional y detallada sobre protecci\u00f3n de datos en nuestra <a href=\"\/politica-de-privacidad\" target=\"_blank\">pol\u00edtica de privacidad<\/a>\n\t<\/p>\n\t<p><span class=\"wpcf7-form-control-wrap\" data-name=\"acepta-politica\"><span class=\"wpcf7-form-control wpcf7-acceptance\"><span class=\"wpcf7-list-item\"><label><input type=\"checkbox\" name=\"acepta-politica\" value=\"1\" aria-invalid=\"false\" \/><span class=\"wpcf7-list-item-label\">He le\u00eddo y acepto las condiciones contenidas en la <a href=\"\/politica-de-privacidad\" target=\"_blank\"> pol\u00edtica de privacidad<\/a> sobre el tratamiento de mis datos para gestionar mi consulta o petici\u00f3n.<\/span><\/label><\/span><\/span><\/span><br \/>\n<span class=\"wpcf7-form-control-wrap\" data-name=\"acepta-info-comercial\"><span class=\"wpcf7-form-control wpcf7-checkbox\"><span class=\"wpcf7-list-item first last\"><input type=\"checkbox\" name=\"acepta-info-comercial[]\" value=\"Nos gustar\u00eda que nos prestaras tu consentimiento para enviarte informaci\u00f3n comercial sobre los productos, servicios, novedades de TROY&amp;MACCLURE, S.L.\" \/><span class=\"wpcf7-list-item-label\">Nos gustar\u00eda que nos prestaras tu consentimiento para enviarte informaci\u00f3n comercial sobre los productos, servicios, novedades de TROY&amp;MACCLURE, S.L.<\/span><\/span><\/span><\/span>\n\t<\/p>\n<\/div>\n<p><input class=\"wpcf7-form-control wpcf7-submit has-spinner\" type=\"submit\" value=\"Enviar\" \/>\n<\/p>\n<input class=\"wpcf7-form-control wpcf7-hidden\" id=\"gaCookie\" value=\"\" type=\"hidden\" name=\"gaCookie\" \/>\n<input class=\"wpcf7-form-control wpcf7-hidden\" value=\"\" type=\"hidden\" name=\"ga_campaign\" \/>\n<input class=\"wpcf7-form-control wpcf7-hidden\" value=\"\" type=\"hidden\" name=\"ga_medium\" \/>\n<input class=\"wpcf7-form-control wpcf7-hidden\" value=\"\" type=\"hidden\" name=\"ga_source\" \/>\n<input class=\"wpcf7-form-control wpcf7-hidden\" value=\"\" type=\"hidden\" name=\"ga_content\" \/>\n<input class=\"wpcf7-form-control wpcf7-hidden\" value=\"\" type=\"hidden\" name=\"ga_keyword\" \/>\n<input class=\"wpcf7-form-control wpcf7-hidden\" value=\"\" type=\"hidden\" name=\"landing_page_fdc\" \/><div class=\"wpcf7-response-output\" aria-hidden=\"true\"><\/div>\n<\/form>\n<\/div>\n<\/div><\/div><\/div><\/section>\n<\/div>","protected":false},"excerpt":{"rendered":"La versatilitat \u00e9s la capacitat d'alguna cosa o d\u2019alg\u00fa a adaptar-se amb rapidesa a diferents funcions o situacions. Una caracter\u00edstica molt apreciada per les empreses i institucions, tant en la construcci\u00f3 del seu equip hum\u00e0 com en la seva cadena de prove\u00efdors. Un valor amb variables a la proximitat, l'agilitat, la diversitat i l'efici\u00e8ncia, molt \u00fatil en totes les conjuntures, per\u00f2 especialment avantatj\u00f3s en situacions en qu\u00e8 els timings ajustates exigeixen solucions tan urgents com eficaces. Una ag\u00e8ncia de publicitat, a grans trets i amb mil matisos, ajuda a arribar a possibles clients B2B o B2C dels diferents mitjans existents, ja siguin online i offline. Dividides en diverses categories segons el tipus de servei en qu\u00e8 estiguin especialitzades, les 360 ofereixen un cat\u00e0leg ampli amb gaireb\u00e9 totes les possibilitats de publicitat i comunicaci\u00f3 existents. Un cercle d'avantatgesUna manera circular d'actuar que permet tant la cl\u00e0ssica an\u00e0lisi del mercat \u2013 sortida del producte o servei \u2013 execuci\u00f3 de les estrat\u00e8gies on i offline \u2013 tancament de compra per\u00f2, tamb\u00e9, vers\u00e0til i adaptable a les necessitats concretes del client. Un tipus d'ag\u00e8ncia que compta amb experts en diferents \u00e0rees del m\u00e0rqueting i la creativitat, oferint un servei integral ideal per impulsar un...","protected":false},"author":1,"featured_media":32509,"comment_status":"closed","ping_status":"closed","sticky":false,"template":"","format":"standard","meta":{"footnotes":""},"categories":[136],"tags":[291],"class_list":["post-32511","post","type-post","status-publish","format-standard","has-post-thumbnail","hentry","category-blog-ca","tag-blog-ca"],"_links":{"self":[{"href":"https:\/\/flandecoco.net\/ca\/wp-json\/wp\/v2\/posts\/32511","targetHints":{"allow":["GET"]}}],"collection":[{"href":"https:\/\/flandecoco.net\/ca\/wp-json\/wp\/v2\/posts"}],"about":[{"href":"https:\/\/flandecoco.net\/ca\/wp-json\/wp\/v2\/types\/post"}],"author":[{"embeddable":true,"href":"https:\/\/flandecoco.net\/ca\/wp-json\/wp\/v2\/users\/1"}],"replies":[{"embeddable":true,"href":"https:\/\/flandecoco.net\/ca\/wp-json\/wp\/v2\/comments?post=32511"}],"version-history":[{"count":3,"href":"https:\/\/flandecoco.net\/ca\/wp-json\/wp\/v2\/posts\/32511\/revisions"}],"predecessor-version":[{"id":32514,"href":"https:\/\/flandecoco.net\/ca\/wp-json\/wp\/v2\/posts\/32511\/revisions\/32514"}],"wp:featuredmedia":[{"embeddable":true,"href":"https:\/\/flandecoco.net\/ca\/wp-json\/wp\/v2\/media\/32509"}],"wp:attachment":[{"href":"https:\/\/flandecoco.net\/ca\/wp-json\/wp\/v2\/media?parent=32511"}],"wp:term":[{"taxonomy":"category","embeddable":true,"href":"https:\/\/flandecoco.net\/ca\/wp-json\/wp\/v2\/categories?post=32511"},{"taxonomy":"post_tag","embeddable":true,"href":"https:\/\/flandecoco.net\/ca\/wp-json\/wp\/v2\/tags?post=32511"}],"curies":[{"name":"wp","href":"https:\/\/api.w.org\/{rel}","templated":true}]}}