{"id":31418,"date":"2021-09-14T07:39:31","date_gmt":"2021-09-14T07:39:31","guid":{"rendered":"https:\/\/flandecoco.net\/?p=31418"},"modified":"2021-09-14T07:41:04","modified_gmt":"2021-09-14T07:41:04","slug":"com-ha-de-ser-la-pagina-web-de-la-teva-empresa","status":"publish","type":"post","link":"https:\/\/flandecoco.net\/ca\/blog-ca\/com-ha-de-ser-la-pagina-web-de-la-teva-empresa","title":{"rendered":"Com ha de ser la p\u00e0gina web de la teva empresa?"},"content":{"rendered":"<div class=\"wpb-content-wrapper\"><section class=\"vc_row wpb_row vc_row-fluid  vc_custom_1507696989698\"><div class=\"wpb_column vc_column_container  col-xs-mobile-fullwidth\"><div class=\"vc_column-inner \"><div class=\"wpb_wrapper\"><div class=\"blockquote-style-1\"><blockquote class=\"border-color-deep-pink\" style=\"border-color: #3f63a9;\"><div class=\"last-paragraph-no-margin blockquote-content\"><p>La quotidianitat digital amb la que cohabitem les persones des de fa ja uns quants anyets, exigeix \u200b\u200ba marques, negocis i empreses a oferir diferents solucions a Internet que els aproximin als usuaris. Gaireb\u00e9 igual d&#8217;essencial com tenir un espai de contacte f\u00edsic amb els clients per a determinades activitats comercials, ho \u00e9s ara comunicar-s&#8217;hi des Xarxes Socials, Bloc, Apps i, \u00f2bviament, la Gran Seu Corporativa online d&#8217;una plana web.<\/p>\n<\/div><\/blockquote><\/div><\/div><\/div><\/div><\/section><section class=\"vc_row wpb_row vc_row-fluid row-blog-interior  vc_row-o-content-middle vc_row-flex\"><div class=\"wpb_column vc_column_container vc_col-sm-12  col-xs-mobile-fullwidth\"><div class=\"vc_column-inner \"><div class=\"wpb_wrapper\"><div class=\"p-blog-fluido last-paragraph-no-margin\"><p>Desapareguda la discussi\u00f3 sobre <a href=\"https:\/\/flandecoco.net\/blog\/tener-o-%CC%B7n%CC%B7o%CC%B7-tener-pagina-web\/\"><strong>la idone\u00eftat o no de tenir un site<\/strong><\/a>, s&#8217;obren noves derivades quan es debat sobre com ha de ser la p\u00e0gina d&#8217;una marca o negoci. Procurant deixar de banda particularitats sectorials, estrat\u00e8gies empresarials i tend\u00e8ncies gr\u00e0fiques, hem elaborat una Llista de Imprescindibles a l&#8217;hora de embarcar-te en la construcci\u00f3 d\u2019un lloc web.<\/p>\n<\/div><span class=\"text-extra-large margin-25px-bottom display-inline-block alt-font heading-style3  heading-1\" >Planificar. Actuar<\/span><div class=\"p-blog-fluido last-paragraph-no-margin\"><p>Si aixecar una casa sense plans \u00e9s pr\u00e0cticament una condemna de futur enderroc, per construir la teva llar web has de tenir molt clars els objectius i les funcionalitats que aquests requeriran. Una planificaci\u00f3 eficient evitar\u00e0 continguts innocus sense cap meta i errors frustrants.<\/p>\n<\/div><span class=\"text-extra-large margin-25px-bottom display-inline-block alt-font heading-style3  heading-2\" >Domini amb empremta i identitat<\/span><div class=\"p-blog-fluido last-paragraph-no-margin\"><p>El nom o adre\u00e7a web amb el qual s&#8217;accedir\u00e0 a la p\u00e0gina ha de generar impacte i deixar record. Incloure alguna paraula, prefix o sufix que ofereixi pistes sobre la naturalesa del teu producte o servei, sense enormes exig\u00e8ncies de car\u00e0cters, tamb\u00e9 \u00e9s un gran complement.<\/p>\n<\/div><span class=\"text-extra-large margin-25px-bottom display-inline-block alt-font heading-style3  heading-3\" >Usabilitat i accessibilitat<\/span><div class=\"p-blog-fluido last-paragraph-no-margin\"><p>Independentment de factors relacionats amb el disseny (tipografia, fons, colors, identitat corporativa), una p\u00e0gina web ha de brindar una navegaci\u00f3 intu\u00eftiva, amable i sense rars laberints en la presentaci\u00f3 d&#8217;informacions. Un <em>Be Water, my user <\/em>en versi\u00f3 web.<\/p>\n<\/div><span class=\"text-extra-large margin-25px-bottom display-inline-block alt-font heading-style3  heading-4\" >Per a tots els ... dispositius<\/span><div class=\"p-blog-fluido last-paragraph-no-margin\"><p>El c\u00e8lebre responsive que sintetitza la idea que el etu web s&#8217;ha d&#8217;adaptar autom\u00e0ticament a cada un dels dispositius (m\u00f2bil, tablet, PC &#8230;) des dels quals se l&#8217;estigui visitant. El Apte per a tots els p\u00fablics de l&#8217;univers web passa per un Apte per a tots els dispositius.<\/p>\n<\/div><span class=\"text-extra-large margin-25px-bottom display-inline-block alt-font heading-style3  heading-5\" >Contacte a la vista<\/span><div class=\"p-blog-fluido last-paragraph-no-margin\"><p>Que els usuaris tinguin forma humana de contactar amb nosaltres \u00e9s un b\u00e0sic que en massa webs s&#8217;oblida. Un apartat de contacte visible i identificable (no ocult i cr\u00edptic) amb el seu formulari, el seu bot\u00f3 de crida i el seu mapa de direcci\u00f3 si la tenim s\u00f3n el m\u00ednim.<\/p>\n<\/div><span class=\"text-extra-large margin-25px-bottom display-inline-block alt-font heading-style3  heading-6\" >SEO on page<\/span><div class=\"p-blog-fluido last-paragraph-no-margin\"><p>El SEO on page (metakeys, metadescripciones, extensions &#8230;) necessita aplicar-se en base d&#8217;una estrat\u00e8gia, per\u00f2 si no tenim un web convenientment programat no podrem implementar-lo amb solv\u00e8ncia. Tenir-lo \u00e9s millorar substancialment el posicionament del site en els motors de cerca.<\/p>\n<\/div><span class=\"text-extra-large margin-25px-bottom display-inline-block alt-font heading-style3  heading-7\" >Posiciona a Blog<\/span><div class=\"p-blog-fluido last-paragraph-no-margin\"><p>Incloure un apartat Bloc a la teva p\u00e0gina no \u00e9s un caprici destinat a satisfer somnis literaris. Utilitzat correctament, oferint continguts d&#8217;inter\u00e8s i qualitat als teus visitants, posicionar\u00e0 de forma org\u00e0nica la web i ser\u00e0 un canal top de comunicaci\u00f3 i engagement amb els clients.<\/p>\n<\/div><span class=\"text-extra-large margin-25px-bottom display-inline-block alt-font heading-style3  heading-8\" >Hosting de garanties<\/span><div class=\"p-blog-fluido last-paragraph-no-margin\"><p>El hosting (allotjament web) \u00e9s el guardamobles virtual en qu\u00e8 s&#8217;emmagatzema programaci\u00f3, imatges, continguts i bases de dades del web. Ha de carregar r\u00e0pid o l&#8217;usuari se&#8217;n va, ha de minimitzar las aturades imprevistes i ha de protegir gelosament les dades. Ha de ser de garanties.<\/p>\n<\/div><span class=\"text-extra-large margin-25px-bottom display-inline-block alt-font heading-style3  heading-9\" >Xarxes a tir de bot\u00f3<\/span><div class=\"p-blog-fluido last-paragraph-no-margin\"><p>Cada vegada som \u00e9ssers m\u00e9s socials ni que sigui a trav\u00e9s de les diferents Xarxes. Complementar l&#8217;aventura web dels usuaris, facilitant-los l&#8217;aterratge en els perfils Social Media de la teva empresa, ho tens a l&#8217;abast d&#8217;un simple bot\u00f3 web. Un clic tan directe, tan f\u00e0cil i tan \u00fatil per al teu negoci.<\/p>\n<p>El expertise en l\u00ednia de FlandeCoco, <a href=\"https:\/\/flandecoco.net\/seo\/diseno-de-paginas-web-barcelona\/\"><strong>ag\u00e8ncia de Comunicaci\u00f3 i Publicitat de Barcelona<\/strong><\/a>, ens converteix des de fa anys en partners referencials de nombroses empreses i negocis a l&#8217;hora de planificar, dissenyar i executar la seva nova p\u00e0gina web o realitzar un restyling al seu actual portal. Pots veure alguns dels treballs de Disseny web realitzats fent clic en el nostre<a href=\"https:\/\/flandecoco.net\/portfolio-fdc\/\"><strong> Portfoli<\/strong><\/a>.<\/p>\n<p>Si vols informaci\u00f3 addicional per a la teva empresa o con\u00e8ixer altres detalls sobre com podem ajudar-te amb la teva p\u00e0gina web, omple el seg\u00fcent formulari i r\u00e0pidament et donarem resposta.<\/p>\n<\/div><\/div><\/div><\/div><\/section><section class=\"vc_row wpb_row vc_row-fluid  vc_custom_1618396747927\"><div class=\"wpb_column vc_column_container vc_col-sm-12  col-xs-mobile-fullwidth\"><div class=\"vc_column-inner \"><div class=\"wpb_wrapper\">\n<div class=\"wpcf7 no-js\" id=\"wpcf7-f6-o1\" lang=\"es-ES\" dir=\"ltr\" data-wpcf7-id=\"6\">\n<div class=\"screen-reader-response\"><p role=\"status\" aria-live=\"polite\" aria-atomic=\"true\"><\/p> <ul><\/ul><\/div>\n<form action=\"\/ca\/wp-json\/wp\/v2\/posts\/31418#wpcf7-f6-o1\" method=\"post\" class=\"wpcf7-form init\" aria-label=\"Formulario de contacto\" novalidate=\"novalidate\" data-status=\"init\">\n<fieldset class=\"hidden-fields-container\"><input type=\"hidden\" name=\"_wpcf7\" value=\"6\" \/><input type=\"hidden\" name=\"_wpcf7_version\" value=\"6.1.5\" \/><input type=\"hidden\" name=\"_wpcf7_locale\" value=\"es_ES\" \/><input type=\"hidden\" name=\"_wpcf7_unit_tag\" value=\"wpcf7-f6-o1\" \/><input type=\"hidden\" name=\"_wpcf7_container_post\" value=\"0\" \/><input type=\"hidden\" name=\"_wpcf7_posted_data_hash\" value=\"\" \/><input type=\"hidden\" name=\"_wpcf7_recaptcha_response\" value=\"\" \/>\n<\/fieldset>\n<p><label><span class=\"wpcf7-form-control-wrap\" data-name=\"your-name\"><input size=\"40\" maxlength=\"400\" class=\"wpcf7-form-control wpcf7-text wpcf7-validates-as-required\" aria-required=\"true\" aria-invalid=\"false\" placeholder=\"Nombre y Apellidos\" value=\"\" type=\"text\" name=\"your-name\" \/><\/span> <\/label><br \/>\n<label><span class=\"wpcf7-form-control-wrap\" data-name=\"your-email\"><input size=\"40\" maxlength=\"400\" class=\"wpcf7-form-control wpcf7-email wpcf7-validates-as-required wpcf7-text wpcf7-validates-as-email\" aria-required=\"true\" aria-invalid=\"false\" placeholder=\"Email\" value=\"\" type=\"email\" name=\"your-email\" \/><\/span> <\/label><br \/>\n<label> <span class=\"wpcf7-form-control-wrap\" data-name=\"your-tel\"><input size=\"40\" maxlength=\"400\" class=\"wpcf7-form-control wpcf7-tel wpcf7-validates-as-required wpcf7-text wpcf7-validates-as-tel\" aria-required=\"true\" aria-invalid=\"false\" placeholder=\"Tel\u00e9fono\" value=\"\" type=\"tel\" name=\"your-tel\" \/><\/span> <\/label><br \/>\n<label><span class=\"wpcf7-form-control-wrap\" data-name=\"your-empresa\"><input size=\"40\" maxlength=\"400\" class=\"wpcf7-form-control wpcf7-text wpcf7-validates-as-required\" aria-required=\"true\" aria-invalid=\"false\" placeholder=\"Empresa\" value=\"\" type=\"text\" name=\"your-empresa\" \/><\/span> <\/label><br \/>\n<label><span class=\"wpcf7-form-control-wrap\" data-name=\"your-sector\"><input size=\"40\" maxlength=\"400\" class=\"wpcf7-form-control wpcf7-text\" aria-invalid=\"false\" placeholder=\"Sector\" value=\"\" type=\"text\" name=\"your-sector\" \/><\/span> <\/label><br \/>\n<label><span class=\"wpcf7-form-control-wrap\" data-name=\"your-message\"><textarea cols=\"40\" rows=\"10\" maxlength=\"2000\" class=\"wpcf7-form-control wpcf7-textarea wpcf7-validates-as-required\" aria-required=\"true\" aria-invalid=\"false\" placeholder=\"Dinos qu\u00e9 necesitas\" name=\"your-message\"><\/textarea><\/span> <\/label><br \/>\n<label>C\u00f3mo nos has conocido:<span class=\"wpcf7-form-control-wrap\" data-name=\"menu-213\"><select class=\"wpcf7-form-control wpcf7-select wpcf7-validates-as-required\" aria-required=\"true\" aria-invalid=\"false\" name=\"menu-213\"><option value=\"\">&#8212;Por favor, elige una opci\u00f3n&#8212;<\/option><option value=\"B\u00fasqueda en Google.\">B\u00fasqueda en Google.<\/option><option value=\"Instagram\">Instagram<\/option><option value=\"Facebook\">Facebook<\/option><option value=\"Linkedin\">Linkedin<\/option><option value=\"Twitter\">Twitter<\/option><\/select><\/span><\/label>\n<\/p>\n<div class=\"form-consent\">\n\t<p style=\"font-size:14px;line-height: 1.2;margin-bottom:10px;\">TROY&MACCLURE, S.L. como responsable del tratamiento tratar\u00e1 tus datos con la finalidad de dar respuesta a tu consulta o petici\u00f3n. Puedes acceder, rectificar y suprimir tus datos, as\u00ed como ejercer otros derechos consultando la informaci\u00f3n adicional y detallada sobre protecci\u00f3n de datos en nuestra <a href=\"\/politica-de-privacidad\" target=\"_blank\">pol\u00edtica de privacidad<\/a>\n\t<\/p>\n\t<p><span class=\"wpcf7-form-control-wrap\" data-name=\"acepta-politica\"><span class=\"wpcf7-form-control wpcf7-acceptance\"><span class=\"wpcf7-list-item\"><label><input type=\"checkbox\" name=\"acepta-politica\" value=\"1\" aria-invalid=\"false\" \/><span class=\"wpcf7-list-item-label\">He le\u00eddo y acepto las condiciones contenidas en la <a href=\"\/politica-de-privacidad\" target=\"_blank\"> pol\u00edtica de privacidad<\/a> sobre el tratamiento de mis datos para gestionar mi consulta o petici\u00f3n.<\/span><\/label><\/span><\/span><\/span><br \/>\n<span class=\"wpcf7-form-control-wrap\" data-name=\"acepta-info-comercial\"><span class=\"wpcf7-form-control wpcf7-checkbox\"><span class=\"wpcf7-list-item first last\"><input type=\"checkbox\" name=\"acepta-info-comercial[]\" value=\"Nos gustar\u00eda que nos prestaras tu consentimiento para enviarte informaci\u00f3n comercial sobre los productos, servicios, novedades de TROY&amp;MACCLURE, S.L.\" \/><span class=\"wpcf7-list-item-label\">Nos gustar\u00eda que nos prestaras tu consentimiento para enviarte informaci\u00f3n comercial sobre los productos, servicios, novedades de TROY&amp;MACCLURE, S.L.<\/span><\/span><\/span><\/span>\n\t<\/p>\n<\/div>\n<p><input class=\"wpcf7-form-control wpcf7-submit has-spinner\" type=\"submit\" value=\"Enviar\" \/>\n<\/p>\n<input class=\"wpcf7-form-control wpcf7-hidden\" id=\"gaCookie\" value=\"\" type=\"hidden\" name=\"gaCookie\" \/>\n<input class=\"wpcf7-form-control wpcf7-hidden\" value=\"\" type=\"hidden\" name=\"ga_campaign\" \/>\n<input class=\"wpcf7-form-control wpcf7-hidden\" value=\"\" type=\"hidden\" name=\"ga_medium\" \/>\n<input class=\"wpcf7-form-control wpcf7-hidden\" value=\"\" type=\"hidden\" name=\"ga_source\" \/>\n<input class=\"wpcf7-form-control wpcf7-hidden\" value=\"\" type=\"hidden\" name=\"ga_content\" \/>\n<input class=\"wpcf7-form-control wpcf7-hidden\" value=\"\" type=\"hidden\" name=\"ga_keyword\" \/>\n<input class=\"wpcf7-form-control wpcf7-hidden\" value=\"\" type=\"hidden\" name=\"landing_page_fdc\" \/><div class=\"wpcf7-response-output\" aria-hidden=\"true\"><\/div>\n<\/form>\n<\/div>\n<\/div><\/div><\/div><\/section>\n<\/div>","protected":false},"excerpt":{"rendered":"La quotidianitat digital amb la que cohabitem les persones des de fa ja uns quants anyets, exigeix \u200b\u200ba marques, negocis i empreses a oferir diferents solucions a Internet que els aproximin als usuaris. Gaireb\u00e9 igual d'essencial com tenir un espai de contacte f\u00edsic amb els clients per a determinades activitats comercials, ho \u00e9s ara comunicar-s'hi des Xarxes Socials, Bloc, Apps i, \u00f2bviament, la Gran Seu Corporativa online d'una plana web. Desapareguda la discussi\u00f3 sobre la idone\u00eftat o no de tenir un site, s'obren noves derivades quan es debat sobre com ha de ser la p\u00e0gina d'una marca o negoci. Procurant deixar de banda particularitats sectorials, estrat\u00e8gies empresarials i tend\u00e8ncies gr\u00e0fiques, hem elaborat una Llista de Imprescindibles a l'hora de embarcar-te en la construcci\u00f3 d\u2019un lloc web. Planificar. ActuarSi aixecar una casa sense plans \u00e9s pr\u00e0cticament una condemna de futur enderroc, per construir la teva llar web has de tenir molt clars els objectius i les funcionalitats que aquests requeriran. Una planificaci\u00f3 eficient evitar\u00e0 continguts innocus sense cap meta i errors frustrants. Domini amb empremta i identitatEl nom o adre\u00e7a web amb el qual s'accedir\u00e0 a la p\u00e0gina ha de generar impacte i deixar record. Incloure alguna paraula, prefix o sufix...","protected":false},"author":1,"featured_media":31416,"comment_status":"closed","ping_status":"closed","sticky":false,"template":"","format":"standard","meta":{"footnotes":""},"categories":[136],"tags":[291],"class_list":["post-31418","post","type-post","status-publish","format-standard","has-post-thumbnail","hentry","category-blog-ca","tag-blog-ca"],"_links":{"self":[{"href":"https:\/\/flandecoco.net\/ca\/wp-json\/wp\/v2\/posts\/31418","targetHints":{"allow":["GET"]}}],"collection":[{"href":"https:\/\/flandecoco.net\/ca\/wp-json\/wp\/v2\/posts"}],"about":[{"href":"https:\/\/flandecoco.net\/ca\/wp-json\/wp\/v2\/types\/post"}],"author":[{"embeddable":true,"href":"https:\/\/flandecoco.net\/ca\/wp-json\/wp\/v2\/users\/1"}],"replies":[{"embeddable":true,"href":"https:\/\/flandecoco.net\/ca\/wp-json\/wp\/v2\/comments?post=31418"}],"version-history":[{"count":2,"href":"https:\/\/flandecoco.net\/ca\/wp-json\/wp\/v2\/posts\/31418\/revisions"}],"predecessor-version":[{"id":31420,"href":"https:\/\/flandecoco.net\/ca\/wp-json\/wp\/v2\/posts\/31418\/revisions\/31420"}],"wp:featuredmedia":[{"embeddable":true,"href":"https:\/\/flandecoco.net\/ca\/wp-json\/wp\/v2\/media\/31416"}],"wp:attachment":[{"href":"https:\/\/flandecoco.net\/ca\/wp-json\/wp\/v2\/media?parent=31418"}],"wp:term":[{"taxonomy":"category","embeddable":true,"href":"https:\/\/flandecoco.net\/ca\/wp-json\/wp\/v2\/categories?post=31418"},{"taxonomy":"post_tag","embeddable":true,"href":"https:\/\/flandecoco.net\/ca\/wp-json\/wp\/v2\/tags?post=31418"}],"curies":[{"name":"wp","href":"https:\/\/api.w.org\/{rel}","templated":true}]}}