{"id":31215,"date":"2021-08-31T14:36:58","date_gmt":"2021-08-31T14:36:58","guid":{"rendered":"https:\/\/flandecoco.net\/?p=31215"},"modified":"2021-09-01T07:55:36","modified_gmt":"2021-09-01T07:55:36","slug":"ceeic-flandecoco-comunicacio-per-startups","status":"publish","type":"post","link":"https:\/\/flandecoco.net\/ca\/noticies\/ceeic-flandecoco-comunicacio-per-startups","title":{"rendered":"CEEIC-FlandeCoco: comunicaci\u00f3 per startups"},"content":{"rendered":"<div class=\"wpb-content-wrapper\"><section class=\"vc_row wpb_row vc_row-fluid  vc_custom_1507696989698\"><div class=\"wpb_column vc_column_container  col-xs-mobile-fullwidth\"><div class=\"vc_column-inner \"><div class=\"wpb_wrapper\"><div class=\"blockquote-style-1\"><blockquote class=\"border-color-deep-pink\" style=\"border-color: #3f63a9;\"><div class=\"last-paragraph-no-margin blockquote-content\"><p>Col \u00b7 laborar en el creixement d&#8217;emprenedors i startups i impulsar la innovaci\u00f3 i la transformaci\u00f3 digital a pimes. El <a href=\"https:\/\/www.ceeic.com\/\"><strong>CEEIC<\/strong> <\/a><strong>(Centre Europeo de Empreses e Innovaci\u00f3n Cartagena)<\/strong> \u00e9s una associaci\u00f3 sense \u00e0nim de lucre constitu\u00efda a iniciativa del Instituto de Fomento de la Regi\u00f3n de M\u00farcia (INFO). Una incubadora i acceleradora de startups i EIBTS que promou la cultura de l&#8217;emprenedoria i el desenvolupament del talent.<\/p>\n<\/div><\/blockquote><\/div><\/div><\/div><\/div><\/section><section class=\"vc_row wpb_row vc_row-fluid row-blog-interior  vc_row-o-content-middle vc_row-flex\"><div class=\"wpb_column vc_column_container vc_col-sm-12  col-xs-mobile-fullwidth\"><div class=\"vc_column-inner \"><div class=\"wpb_wrapper\"><div class=\"p-blog-fluido last-paragraph-no-margin\"><p>Una plataforma en clau present mirant a el futur que, en col\u00b7laboraci\u00f3 amb Flandecoco, ha ofert durant aquest estiu un projecte <a href=\"https:\/\/flandecoco.net\/lnd\/asesoria-de-marketing-en-barcelona\/\">d&#8217;<strong>Assessoria de M\u00e0rqueting i Comunicaci\u00f3 <\/strong><\/a> al seu viver d&#8217;empreses que estan desenvolupant tecnologies aplicables a les <a href=\"https:\/\/flandecoco.net\/blog\/un-foco-en-la-logistica\/\"><strong>\u00e0rees de la log\u00edstica i el transport<\/strong><\/a> , dos dels expertises sectorials de la nostra ag\u00e8ncia.<\/p>\n<p>Un exit\u00f3s cara a cara online que ha servit per brindar assessorament de M\u00e0rqueting i algunes receptes comunicatives a empreses que construeixen des de les idees seu model de negoci. Entre elles, <a href=\"https:\/\/slanginnovations.com\/\"><strong>Slang Innovations<\/strong><\/a> dedicada al programari per automatitzaci\u00f3 de processos administratius i repetitius aplicables a la log\u00edstica. Una f\u00f3rmula per treballar reduint costos, millorant la ciberseguretat i eliminant els errors humans. Una manera d&#8217;operar intel\u00b7ligentment reduint all\u00f2 que \u00e9s avorrit fins a la m\u00ednima expressi\u00f3.<\/p>\n<\/div>[vc_single_image image=&#8221;31204&#8243; img_size=&#8221;full&#8221; alignment=&#8221;center&#8221;]<div class=\"p-blog-fluido last-paragraph-no-margin\"><p>Mooevo \u00e9s una empresa de vehicles disruptius per al transport urb\u00e0, especialment centrada en el repartiment d&#8217;\u00faltima milla. Un sistema \u00fanic i patentat, amb diversos dels seus prototips ja validats, que ajuda a millorar la mobilitat el\u00e8ctrica d&#8217;empreses i particulars. Unes aplicacions i avantatges multisectorials que poden consultar-se al<a href=\"https:\/\/mooevo.com\/que-es-mooevo\/\"> <strong>seu site corporatiu<\/strong><\/a>.<\/p>\n<\/div>[vc_single_image image=&#8221;31206&#8243; img_size=&#8221;full&#8221; alignment=&#8221;center&#8221;]<div class=\"p-blog-fluido last-paragraph-no-margin\"><p>Identificaci\u00f3, tra\u00e7abilitat i monitoratge d&#8217;actius en processos operatius mitjan\u00e7ant l&#8217;extracci\u00f3 autom\u00e0tica i precisa de text, codis i s\u00edmbols rellevants en contextos operatius desafiants. <a href=\"https:\/\/www.allread.ai\/\"><strong>AllRead Machine Learning Technologies<\/strong><\/a>\u00a0 va ser una altra de les empreses part\u00edcips del servei d&#8217;assessoria Flan. Consolidada i amb una forta penetraci\u00f3 de mercat, \u00e9s prove\u00efdora de serveis en diversos ports de l&#8217;estat.<\/p>\n<\/div>[vc_single_image image=&#8221;31208&#8243; img_size=&#8221;full&#8221; alignment=&#8221;center&#8221;]<div class=\"p-blog-fluido last-paragraph-no-margin\"><p><a href=\"http:\/\/www.climaticco.com\"><strong>ClimaticCo<\/strong><\/a> gestiona de manera automatitzada la petjada de carboni de les trameses de qualsevol ecommerce, integrant-se al seu CMS per comunicar al comprador el comprom\u00eds de la botiga en l\u00ednia amb el canvi clim\u00e0tic. Una soluci\u00f3 de clara vocaci\u00f3 sostenible, ja implantada en un notable nombre de botigues electr\u00f2niques, que li ha servit per validar el projecte sense fer pr\u00e0cticament cap acci\u00f3 comercial.<\/p>\n<\/div>[vc_single_image image=&#8221;31210&#8243; img_size=&#8221;full&#8221; alignment=&#8221;center&#8221;]<div class=\"p-blog-fluido last-paragraph-no-margin\"><p>Unes trobades digitals que han suposat un formidable win-win tant per als participants com per a FlandeCoco. Una veu especialitzada i reeixida en la comunicaci\u00f3 d&#8217;institucions i marques de l&#8217;univers log\u00edstic per a les empreses del CEEIC, un acc\u00e9s directe i transparent a protagonistes directes de la nova emprenedoria per a la nostra ag\u00e8ncia.<\/p>\n<p>Un guanyar-guanyar en M\u00e0rqueting i Comunicaci\u00f3 per fer del segon estiu de la Nova Normalitat un per\u00edode encara millor. Pots veure m\u00e9s novetats de l&#8217;ag\u00e8ncia visitant les nostres <a href=\"https:\/\/flandecoco.net\/breaking-news\/\"><strong>Breaking News<\/strong><\/a> o fent-te fan dels perfils FlandeCoco a <a href=\"https:\/\/www.linkedin.com\/company\/15203682\/admin\/\"><strong>LinkedIn<\/strong><\/a>, <a href=\"https:\/\/www.instagram.com\/flandecocolab\/?hl=es\"><strong>Instagram<\/strong><\/a>, <a href=\"https:\/\/www.facebook.com\/flandecocolab\/\"><strong>Facebook<\/strong><\/a>, <a href=\"https:\/\/www.youtube.com\/channel\/UCdEtDmhjc3WhuC0bTN5grCw\"><strong>Youtube <\/strong><\/a> o<a href=\"https:\/\/twitter.com\/flandecocolab?lang=es\"><strong> Twitter<\/strong> <\/a>.<\/p>\n<\/div><\/div><\/div><\/div><\/section><section class=\"vc_row wpb_row vc_row-fluid  vc_custom_1618396747927\"><div class=\"wpb_column vc_column_container vc_col-sm-12  col-xs-mobile-fullwidth\"><div class=\"vc_column-inner \"><div class=\"wpb_wrapper\">\n<div class=\"wpcf7 no-js\" id=\"wpcf7-f6-o1\" lang=\"es-ES\" dir=\"ltr\" data-wpcf7-id=\"6\">\n<div class=\"screen-reader-response\"><p role=\"status\" aria-live=\"polite\" aria-atomic=\"true\"><\/p> <ul><\/ul><\/div>\n<form action=\"\/ca\/wp-json\/wp\/v2\/posts\/31215#wpcf7-f6-o1\" method=\"post\" class=\"wpcf7-form init\" aria-label=\"Formulario de contacto\" novalidate=\"novalidate\" data-status=\"init\">\n<fieldset class=\"hidden-fields-container\"><input type=\"hidden\" name=\"_wpcf7\" value=\"6\" \/><input type=\"hidden\" name=\"_wpcf7_version\" value=\"6.1.5\" \/><input type=\"hidden\" name=\"_wpcf7_locale\" value=\"es_ES\" \/><input type=\"hidden\" name=\"_wpcf7_unit_tag\" value=\"wpcf7-f6-o1\" \/><input type=\"hidden\" name=\"_wpcf7_container_post\" value=\"0\" \/><input type=\"hidden\" name=\"_wpcf7_posted_data_hash\" value=\"\" \/><input type=\"hidden\" name=\"_wpcf7_recaptcha_response\" value=\"\" \/>\n<\/fieldset>\n<p><label><span class=\"wpcf7-form-control-wrap\" data-name=\"your-name\"><input size=\"40\" maxlength=\"400\" class=\"wpcf7-form-control wpcf7-text wpcf7-validates-as-required\" aria-required=\"true\" aria-invalid=\"false\" placeholder=\"Nombre y Apellidos\" value=\"\" type=\"text\" name=\"your-name\" \/><\/span> <\/label><br \/>\n<label><span class=\"wpcf7-form-control-wrap\" data-name=\"your-email\"><input size=\"40\" maxlength=\"400\" class=\"wpcf7-form-control wpcf7-email wpcf7-validates-as-required wpcf7-text wpcf7-validates-as-email\" aria-required=\"true\" aria-invalid=\"false\" placeholder=\"Email\" value=\"\" type=\"email\" name=\"your-email\" \/><\/span> <\/label><br \/>\n<label> <span class=\"wpcf7-form-control-wrap\" data-name=\"your-tel\"><input size=\"40\" maxlength=\"400\" class=\"wpcf7-form-control wpcf7-tel wpcf7-validates-as-required wpcf7-text wpcf7-validates-as-tel\" aria-required=\"true\" aria-invalid=\"false\" placeholder=\"Tel\u00e9fono\" value=\"\" type=\"tel\" name=\"your-tel\" \/><\/span> <\/label><br \/>\n<label><span class=\"wpcf7-form-control-wrap\" data-name=\"your-empresa\"><input size=\"40\" maxlength=\"400\" class=\"wpcf7-form-control wpcf7-text wpcf7-validates-as-required\" aria-required=\"true\" aria-invalid=\"false\" placeholder=\"Empresa\" value=\"\" type=\"text\" name=\"your-empresa\" \/><\/span> <\/label><br \/>\n<label><span class=\"wpcf7-form-control-wrap\" data-name=\"your-sector\"><input size=\"40\" maxlength=\"400\" class=\"wpcf7-form-control wpcf7-text\" aria-invalid=\"false\" placeholder=\"Sector\" value=\"\" type=\"text\" name=\"your-sector\" \/><\/span> <\/label><br \/>\n<label><span class=\"wpcf7-form-control-wrap\" data-name=\"your-message\"><textarea cols=\"40\" rows=\"10\" maxlength=\"2000\" class=\"wpcf7-form-control wpcf7-textarea wpcf7-validates-as-required\" aria-required=\"true\" aria-invalid=\"false\" placeholder=\"Dinos qu\u00e9 necesitas\" name=\"your-message\"><\/textarea><\/span> <\/label><br \/>\n<label>C\u00f3mo nos has conocido:<span class=\"wpcf7-form-control-wrap\" data-name=\"menu-213\"><select class=\"wpcf7-form-control wpcf7-select wpcf7-validates-as-required\" aria-required=\"true\" aria-invalid=\"false\" name=\"menu-213\"><option value=\"\">&#8212;Por favor, elige una opci\u00f3n&#8212;<\/option><option value=\"B\u00fasqueda en Google.\">B\u00fasqueda en Google.<\/option><option value=\"Instagram\">Instagram<\/option><option value=\"Facebook\">Facebook<\/option><option value=\"Linkedin\">Linkedin<\/option><option value=\"Twitter\">Twitter<\/option><\/select><\/span><\/label>\n<\/p>\n<div class=\"form-consent\">\n\t<p style=\"font-size:14px;line-height: 1.2;margin-bottom:10px;\">TROY&MACCLURE, S.L. como responsable del tratamiento tratar\u00e1 tus datos con la finalidad de dar respuesta a tu consulta o petici\u00f3n. Puedes acceder, rectificar y suprimir tus datos, as\u00ed como ejercer otros derechos consultando la informaci\u00f3n adicional y detallada sobre protecci\u00f3n de datos en nuestra <a href=\"\/politica-de-privacidad\" target=\"_blank\">pol\u00edtica de privacidad<\/a>\n\t<\/p>\n\t<p><span class=\"wpcf7-form-control-wrap\" data-name=\"acepta-politica\"><span class=\"wpcf7-form-control wpcf7-acceptance\"><span class=\"wpcf7-list-item\"><label><input type=\"checkbox\" name=\"acepta-politica\" value=\"1\" aria-invalid=\"false\" \/><span class=\"wpcf7-list-item-label\">He le\u00eddo y acepto las condiciones contenidas en la <a href=\"\/politica-de-privacidad\" target=\"_blank\"> pol\u00edtica de privacidad<\/a> sobre el tratamiento de mis datos para gestionar mi consulta o petici\u00f3n.<\/span><\/label><\/span><\/span><\/span><br \/>\n<span class=\"wpcf7-form-control-wrap\" data-name=\"acepta-info-comercial\"><span class=\"wpcf7-form-control wpcf7-checkbox\"><span class=\"wpcf7-list-item first last\"><input type=\"checkbox\" name=\"acepta-info-comercial[]\" value=\"Nos gustar\u00eda que nos prestaras tu consentimiento para enviarte informaci\u00f3n comercial sobre los productos, servicios, novedades de TROY&amp;MACCLURE, S.L.\" \/><span class=\"wpcf7-list-item-label\">Nos gustar\u00eda que nos prestaras tu consentimiento para enviarte informaci\u00f3n comercial sobre los productos, servicios, novedades de TROY&amp;MACCLURE, S.L.<\/span><\/span><\/span><\/span>\n\t<\/p>\n<\/div>\n<p><input class=\"wpcf7-form-control wpcf7-submit has-spinner\" type=\"submit\" value=\"Enviar\" \/>\n<\/p>\n<input class=\"wpcf7-form-control wpcf7-hidden\" id=\"gaCookie\" value=\"\" type=\"hidden\" name=\"gaCookie\" \/>\n<input class=\"wpcf7-form-control wpcf7-hidden\" value=\"\" type=\"hidden\" name=\"ga_campaign\" \/>\n<input class=\"wpcf7-form-control wpcf7-hidden\" value=\"\" type=\"hidden\" name=\"ga_medium\" \/>\n<input class=\"wpcf7-form-control wpcf7-hidden\" value=\"\" type=\"hidden\" name=\"ga_source\" \/>\n<input class=\"wpcf7-form-control wpcf7-hidden\" value=\"\" type=\"hidden\" name=\"ga_content\" \/>\n<input class=\"wpcf7-form-control wpcf7-hidden\" value=\"\" type=\"hidden\" name=\"ga_keyword\" \/>\n<input class=\"wpcf7-form-control wpcf7-hidden\" value=\"\" type=\"hidden\" name=\"landing_page_fdc\" \/><div class=\"wpcf7-response-output\" aria-hidden=\"true\"><\/div>\n<\/form>\n<\/div>\n<\/div><\/div><\/div><\/section>\n<\/div>","protected":false},"excerpt":{"rendered":"Col \u00b7 laborar en el creixement d'emprenedors i startups i impulsar la innovaci\u00f3 i la transformaci\u00f3 digital a pimes. El CEEIC (Centre Europeo de Empreses e Innovaci\u00f3n Cartagena) \u00e9s una associaci\u00f3 sense \u00e0nim de lucre constitu\u00efda a iniciativa del Instituto de Fomento de la Regi\u00f3n de M\u00farcia (INFO). Una incubadora i acceleradora de startups i EIBTS que promou la cultura de l'emprenedoria i el desenvolupament del talent. Una plataforma en clau present mirant a el futur que, en col\u00b7laboraci\u00f3 amb Flandecoco, ha ofert durant aquest estiu un projecte d'Assessoria de M\u00e0rqueting i Comunicaci\u00f3 al seu viver d'empreses que estan desenvolupant tecnologies aplicables a les \u00e0rees de la log\u00edstica i el transport , dos dels expertises sectorials de la nostra ag\u00e8ncia. Un exit\u00f3s cara a cara online que ha servit per brindar assessorament de M\u00e0rqueting i algunes receptes comunicatives a empreses que construeixen des de les idees seu model de negoci. Entre elles, Slang Innovations dedicada al programari per automatitzaci\u00f3 de processos administratius i repetitius aplicables a la log\u00edstica. Una f\u00f3rmula per treballar reduint costos, millorant la ciberseguretat i eliminant els errors humans. Una manera d'operar intel\u00b7ligentment reduint all\u00f2 que \u00e9s avorrit fins a la m\u00ednima expressi\u00f3. [vc_single_image image=\"31204\" img_size=\"full\" alignment=\"center\"]Mooevo...","protected":false},"author":1,"featured_media":31213,"comment_status":"closed","ping_status":"closed","sticky":false,"template":"","format":"standard","meta":{"footnotes":""},"categories":[137],"tags":[291,504],"class_list":["post-31215","post","type-post","status-publish","format-standard","has-post-thumbnail","hentry","category-noticies","tag-blog-ca","tag-blog-ca-2"],"_links":{"self":[{"href":"https:\/\/flandecoco.net\/ca\/wp-json\/wp\/v2\/posts\/31215","targetHints":{"allow":["GET"]}}],"collection":[{"href":"https:\/\/flandecoco.net\/ca\/wp-json\/wp\/v2\/posts"}],"about":[{"href":"https:\/\/flandecoco.net\/ca\/wp-json\/wp\/v2\/types\/post"}],"author":[{"embeddable":true,"href":"https:\/\/flandecoco.net\/ca\/wp-json\/wp\/v2\/users\/1"}],"replies":[{"embeddable":true,"href":"https:\/\/flandecoco.net\/ca\/wp-json\/wp\/v2\/comments?post=31215"}],"version-history":[{"count":4,"href":"https:\/\/flandecoco.net\/ca\/wp-json\/wp\/v2\/posts\/31215\/revisions"}],"predecessor-version":[{"id":31222,"href":"https:\/\/flandecoco.net\/ca\/wp-json\/wp\/v2\/posts\/31215\/revisions\/31222"}],"wp:featuredmedia":[{"embeddable":true,"href":"https:\/\/flandecoco.net\/ca\/wp-json\/wp\/v2\/media\/31213"}],"wp:attachment":[{"href":"https:\/\/flandecoco.net\/ca\/wp-json\/wp\/v2\/media?parent=31215"}],"wp:term":[{"taxonomy":"category","embeddable":true,"href":"https:\/\/flandecoco.net\/ca\/wp-json\/wp\/v2\/categories?post=31215"},{"taxonomy":"post_tag","embeddable":true,"href":"https:\/\/flandecoco.net\/ca\/wp-json\/wp\/v2\/tags?post=31215"}],"curies":[{"name":"wp","href":"https:\/\/api.w.org\/{rel}","templated":true}]}}