{"id":30148,"date":"2021-03-23T08:25:42","date_gmt":"2021-03-23T08:25:42","guid":{"rendered":"https:\/\/flandecoco.net\/?p=30148"},"modified":"2021-03-23T08:25:42","modified_gmt":"2021-03-23T08:25:42","slug":"mutualmedica-un-social-sense-cims","status":"publish","type":"post","link":"https:\/\/flandecoco.net\/ca\/noticies\/mutualmedica-un-social-sense-cims","title":{"rendered":"MutualM\u00e9dica: un Social sense cims"},"content":{"rendered":"<div class=\"wpb-content-wrapper\"><section class=\"vc_row wpb_row vc_row-fluid  vc_custom_1507696989698\"><div class=\"wpb_column vc_column_container  col-xs-mobile-fullwidth\"><div class=\"vc_column-inner \"><div class=\"wpb_wrapper\"><div class=\"blockquote-style-1\"><blockquote class=\"border-color-deep-pink\" style=\"border-color: #3f63a9;\"><div class=\"last-paragraph-no-margin blockquote-content\"><p>Els 100 anys d&#8217;hist\u00f2ria, els 67.500 mutualistes i el 177% de r\u00e0tio de solv\u00e8ncia avalen en n\u00fameros l&#8217;excel\u00b7l\u00e8ncia i valors de Mutual M\u00e8dica. Una mutualitat per als professionals de la Medicina que s&#8217;incorpora al <a href=\"https:\/\/flandecoco.net\/clientes\/\" target=\"_blank\" rel=\"noopener\"><strong>FlanClub<\/strong><\/a> amb l&#8217;objectiu de seguir sumant, tamb\u00e9 en RR.SS.<\/p>\n<\/div><\/blockquote><\/div><\/div><\/div><\/div><\/section><section class=\"vc_row wpb_row vc_row-fluid row-blog-interior  vc_row-o-content-middle vc_row-flex\"><div class=\"wpb_column vc_column_container vc_col-sm-12  col-xs-mobile-fullwidth\"><div class=\"vc_column-inner \"><div class=\"wpb_wrapper\"><div class=\"p-blog-fluido last-paragraph-no-margin\"><p>Una mutualitat capdavantera a nivell nacional preparada per escalar en proximitat, posicionament de marca i ? connexi\u00f3 amb els segments m\u00e9s joves des de la seva recentment estrenat perfil corporatiu a <strong>Instagram, una de les xarxes de major creixement <\/strong> i un usuari-tipus de menor edat.<\/p>\n<p>MutualM\u00e9dica \u00e9s una entitat sense \u00e0nim de lucre que, a m\u00e9s de presentar un ampl\u00edssim pool d&#8217;assegurances per a la Comunitat M\u00e8dica, ofereix pr\u00e9stecs MIR, Gu\u00e0rdies MIR, ajudes per a la formaci\u00f3 i <a href=\"https:\/\/www.mutualmedica.com\/es\/fundacion\" target=\"_blank\" rel=\"noopener\"><strong>la investigaci\u00f3<\/strong> <\/a> , plans de previsi\u00f3 social, una pol\u00edtica d&#8217;inversions regida per criteris de sostenibilitat i un llarg etc\u00e8tera de productes per servir i cobrir al col\u00b7lectiu m\u00e8dic.<\/p>\n<p>Identitat corporativa a Feed, frescor gr\u00e0fic i textual i una selecci\u00f3 transversal de continguts s\u00f3n alguns dels b\u00e0sics de <a href=\"https:\/\/www.instagram.com\/mutualmedica\/\" target=\"_blank\" rel=\"noopener\"><strong>l&#8217;IG de @mutualmedica<\/strong><\/a> per aproximar-se a universitaris i ? joves professionals de la Medicina.<\/p>\n<p>Pots con\u00e8ixer una miqueta m\u00e9s del molt que fa MutualM\u00e9dica visitant <strong>la seva p\u00e0gina web<\/strong> https:\/\/www.mutualmedica.com\/es\/ o accedint al seu Bloc <a href=\"https:\/\/concompromiso.mutualmedica.com\/\" target=\"_blank\" rel=\"noopener\"><strong>Amb Comprom\u00eds<\/strong><\/a> . Si el teu inter\u00e8s est\u00e0 centrat en l&#8217;univers Publicitat, les Xarxes Socials de FlandeCoco segur que seran un dels teus destins preferits.<\/p>\n<p><a href=\"https:\/\/www.linkedin.com\/company\/flandecoco-lab?originalSubdomain=es\" target=\"_blank\" rel=\"noopener\">LinkedIn ?\u00a0 <\/a><\/p>\n<p><a href=\"https:\/\/www.instagram.com\/flandecocolab\/\" target=\"_blank\" rel=\"noopener\">Instagram ?\u00a0<\/a><\/p>\n<p><a href=\"https:\/\/www.facebook.com\/flandecocolab\/\" target=\"_blank\" rel=\"noopener\">Facebook ?<\/a><\/p>\n<p><a href=\"https:\/\/twitter.com\/flandecocolab?lang=es\" target=\"_blank\" rel=\"noopener\">Twitter\u00a0 ?<\/a><\/p>\n<p><a href=\"https:\/\/www.youtube.com\/channel\/UCdEtDmhjc3WhuC0bTN5grCw\" target=\"_blank\" rel=\"noopener\">Youtube ? <\/a><\/p>\n<\/div><\/div><\/div><\/div><\/section><section class=\"vc_row wpb_row vc_row-fluid\"><div class=\"wpb_column vc_column_container vc_col-sm-12  col-xs-mobile-fullwidth\"><div class=\"vc_column-inner \"><div class=\"wpb_wrapper\">\n<div class=\"wpcf7 no-js\" id=\"wpcf7-f6-o1\" lang=\"es-ES\" dir=\"ltr\" data-wpcf7-id=\"6\">\n<div class=\"screen-reader-response\"><p role=\"status\" aria-live=\"polite\" aria-atomic=\"true\"><\/p> <ul><\/ul><\/div>\n<form action=\"\/ca\/wp-json\/wp\/v2\/posts\/30148#wpcf7-f6-o1\" method=\"post\" class=\"wpcf7-form init\" aria-label=\"Formulario de contacto\" novalidate=\"novalidate\" data-status=\"init\">\n<fieldset class=\"hidden-fields-container\"><input type=\"hidden\" name=\"_wpcf7\" value=\"6\" \/><input type=\"hidden\" name=\"_wpcf7_version\" value=\"6.1.5\" \/><input type=\"hidden\" name=\"_wpcf7_locale\" value=\"es_ES\" \/><input type=\"hidden\" name=\"_wpcf7_unit_tag\" value=\"wpcf7-f6-o1\" \/><input type=\"hidden\" name=\"_wpcf7_container_post\" value=\"0\" \/><input type=\"hidden\" name=\"_wpcf7_posted_data_hash\" value=\"\" \/><input type=\"hidden\" name=\"_wpcf7_recaptcha_response\" value=\"\" \/>\n<\/fieldset>\n<p><label><span class=\"wpcf7-form-control-wrap\" data-name=\"your-name\"><input size=\"40\" maxlength=\"400\" class=\"wpcf7-form-control wpcf7-text wpcf7-validates-as-required\" aria-required=\"true\" aria-invalid=\"false\" placeholder=\"Nombre y Apellidos\" value=\"\" type=\"text\" name=\"your-name\" \/><\/span> <\/label><br \/>\n<label><span class=\"wpcf7-form-control-wrap\" data-name=\"your-email\"><input size=\"40\" maxlength=\"400\" class=\"wpcf7-form-control wpcf7-email wpcf7-validates-as-required wpcf7-text wpcf7-validates-as-email\" aria-required=\"true\" aria-invalid=\"false\" placeholder=\"Email\" value=\"\" type=\"email\" name=\"your-email\" \/><\/span> <\/label><br \/>\n<label> <span class=\"wpcf7-form-control-wrap\" data-name=\"your-tel\"><input size=\"40\" maxlength=\"400\" class=\"wpcf7-form-control wpcf7-tel wpcf7-validates-as-required wpcf7-text wpcf7-validates-as-tel\" aria-required=\"true\" aria-invalid=\"false\" placeholder=\"Tel\u00e9fono\" value=\"\" type=\"tel\" name=\"your-tel\" \/><\/span> <\/label><br \/>\n<label><span class=\"wpcf7-form-control-wrap\" data-name=\"your-empresa\"><input size=\"40\" maxlength=\"400\" class=\"wpcf7-form-control wpcf7-text wpcf7-validates-as-required\" aria-required=\"true\" aria-invalid=\"false\" placeholder=\"Empresa\" value=\"\" type=\"text\" name=\"your-empresa\" \/><\/span> <\/label><br \/>\n<label><span class=\"wpcf7-form-control-wrap\" data-name=\"your-sector\"><input size=\"40\" maxlength=\"400\" class=\"wpcf7-form-control wpcf7-text\" aria-invalid=\"false\" placeholder=\"Sector\" value=\"\" type=\"text\" name=\"your-sector\" \/><\/span> <\/label><br \/>\n<label><span class=\"wpcf7-form-control-wrap\" data-name=\"your-message\"><textarea cols=\"40\" rows=\"10\" maxlength=\"2000\" class=\"wpcf7-form-control wpcf7-textarea wpcf7-validates-as-required\" aria-required=\"true\" aria-invalid=\"false\" placeholder=\"Dinos qu\u00e9 necesitas\" name=\"your-message\"><\/textarea><\/span> <\/label><br \/>\n<label>C\u00f3mo nos has conocido:<span class=\"wpcf7-form-control-wrap\" data-name=\"menu-213\"><select class=\"wpcf7-form-control wpcf7-select wpcf7-validates-as-required\" aria-required=\"true\" aria-invalid=\"false\" name=\"menu-213\"><option value=\"\">&#8212;Por favor, elige una opci\u00f3n&#8212;<\/option><option value=\"B\u00fasqueda en Google.\">B\u00fasqueda en Google.<\/option><option value=\"Instagram\">Instagram<\/option><option value=\"Facebook\">Facebook<\/option><option value=\"Linkedin\">Linkedin<\/option><option value=\"Twitter\">Twitter<\/option><\/select><\/span><\/label>\n<\/p>\n<div class=\"form-consent\">\n\t<p style=\"font-size:14px;line-height: 1.2;margin-bottom:10px;\">TROY&MACCLURE, S.L. como responsable del tratamiento tratar\u00e1 tus datos con la finalidad de dar respuesta a tu consulta o petici\u00f3n. Puedes acceder, rectificar y suprimir tus datos, as\u00ed como ejercer otros derechos consultando la informaci\u00f3n adicional y detallada sobre protecci\u00f3n de datos en nuestra <a href=\"\/politica-de-privacidad\" target=\"_blank\">pol\u00edtica de privacidad<\/a>\n\t<\/p>\n\t<p><span class=\"wpcf7-form-control-wrap\" data-name=\"acepta-politica\"><span class=\"wpcf7-form-control wpcf7-acceptance\"><span class=\"wpcf7-list-item\"><label><input type=\"checkbox\" name=\"acepta-politica\" value=\"1\" aria-invalid=\"false\" \/><span class=\"wpcf7-list-item-label\">He le\u00eddo y acepto las condiciones contenidas en la <a href=\"\/politica-de-privacidad\" target=\"_blank\"> pol\u00edtica de privacidad<\/a> sobre el tratamiento de mis datos para gestionar mi consulta o petici\u00f3n.<\/span><\/label><\/span><\/span><\/span><br \/>\n<span class=\"wpcf7-form-control-wrap\" data-name=\"acepta-info-comercial\"><span class=\"wpcf7-form-control wpcf7-checkbox\"><span class=\"wpcf7-list-item first last\"><input type=\"checkbox\" name=\"acepta-info-comercial[]\" value=\"Nos gustar\u00eda que nos prestaras tu consentimiento para enviarte informaci\u00f3n comercial sobre los productos, servicios, novedades de TROY&amp;MACCLURE, S.L.\" \/><span class=\"wpcf7-list-item-label\">Nos gustar\u00eda que nos prestaras tu consentimiento para enviarte informaci\u00f3n comercial sobre los productos, servicios, novedades de TROY&amp;MACCLURE, S.L.<\/span><\/span><\/span><\/span>\n\t<\/p>\n<\/div>\n<p><input class=\"wpcf7-form-control wpcf7-submit has-spinner\" type=\"submit\" value=\"Enviar\" \/>\n<\/p>\n<input class=\"wpcf7-form-control wpcf7-hidden\" id=\"gaCookie\" value=\"\" type=\"hidden\" name=\"gaCookie\" \/>\n<input class=\"wpcf7-form-control wpcf7-hidden\" value=\"\" type=\"hidden\" name=\"ga_campaign\" \/>\n<input class=\"wpcf7-form-control wpcf7-hidden\" value=\"\" type=\"hidden\" name=\"ga_medium\" \/>\n<input class=\"wpcf7-form-control wpcf7-hidden\" value=\"\" type=\"hidden\" name=\"ga_source\" \/>\n<input class=\"wpcf7-form-control wpcf7-hidden\" value=\"\" type=\"hidden\" name=\"ga_content\" \/>\n<input class=\"wpcf7-form-control wpcf7-hidden\" value=\"\" type=\"hidden\" name=\"ga_keyword\" \/>\n<input class=\"wpcf7-form-control wpcf7-hidden\" value=\"\" type=\"hidden\" name=\"landing_page_fdc\" \/><div class=\"wpcf7-response-output\" aria-hidden=\"true\"><\/div>\n<\/form>\n<\/div>\n<\/div><\/div><\/div><\/section>\n<\/div>","protected":false},"excerpt":{"rendered":"Els 100 anys d'hist\u00f2ria, els 67.500 mutualistes i el 177% de r\u00e0tio de solv\u00e8ncia avalen en n\u00fameros l'excel\u00b7l\u00e8ncia i valors de Mutual M\u00e8dica. Una mutualitat per als professionals de la Medicina que s'incorpora al FlanClub amb l'objectiu de seguir sumant, tamb\u00e9 en RR.SS. Una mutualitat capdavantera a nivell nacional preparada per escalar en proximitat, posicionament de marca i ? connexi\u00f3 amb els segments m\u00e9s joves des de la seva recentment estrenat perfil corporatiu a Instagram, una de les xarxes de major creixement i un usuari-tipus de menor edat. MutualM\u00e9dica \u00e9s una entitat sense \u00e0nim de lucre que, a m\u00e9s de presentar un ampl\u00edssim pool d'assegurances per a la Comunitat M\u00e8dica, ofereix pr\u00e9stecs MIR, Gu\u00e0rdies MIR, ajudes per a la formaci\u00f3 i la investigaci\u00f3 , plans de previsi\u00f3 social, una pol\u00edtica d'inversions regida per criteris de sostenibilitat i un llarg etc\u00e8tera de productes per servir i cobrir al col\u00b7lectiu m\u00e8dic. Identitat corporativa a Feed, frescor gr\u00e0fic i textual i una selecci\u00f3 transversal de continguts s\u00f3n alguns dels b\u00e0sics de l'IG de @mutualmedica per aproximar-se a universitaris i ? joves professionals de la Medicina. Pots con\u00e8ixer una miqueta m\u00e9s del molt que fa MutualM\u00e9dica visitant la seva p\u00e0gina web https:\/\/www.mutualmedica.com\/es\/ o accedint...","protected":false},"author":1,"featured_media":30146,"comment_status":"closed","ping_status":"closed","sticky":false,"template":"","format":"standard","meta":{"footnotes":""},"categories":[137],"tags":[],"class_list":["post-30148","post","type-post","status-publish","format-standard","has-post-thumbnail","hentry","category-noticies"],"_links":{"self":[{"href":"https:\/\/flandecoco.net\/ca\/wp-json\/wp\/v2\/posts\/30148","targetHints":{"allow":["GET"]}}],"collection":[{"href":"https:\/\/flandecoco.net\/ca\/wp-json\/wp\/v2\/posts"}],"about":[{"href":"https:\/\/flandecoco.net\/ca\/wp-json\/wp\/v2\/types\/post"}],"author":[{"embeddable":true,"href":"https:\/\/flandecoco.net\/ca\/wp-json\/wp\/v2\/users\/1"}],"replies":[{"embeddable":true,"href":"https:\/\/flandecoco.net\/ca\/wp-json\/wp\/v2\/comments?post=30148"}],"version-history":[{"count":2,"href":"https:\/\/flandecoco.net\/ca\/wp-json\/wp\/v2\/posts\/30148\/revisions"}],"predecessor-version":[{"id":30150,"href":"https:\/\/flandecoco.net\/ca\/wp-json\/wp\/v2\/posts\/30148\/revisions\/30150"}],"wp:featuredmedia":[{"embeddable":true,"href":"https:\/\/flandecoco.net\/ca\/wp-json\/wp\/v2\/media\/30146"}],"wp:attachment":[{"href":"https:\/\/flandecoco.net\/ca\/wp-json\/wp\/v2\/media?parent=30148"}],"wp:term":[{"taxonomy":"category","embeddable":true,"href":"https:\/\/flandecoco.net\/ca\/wp-json\/wp\/v2\/categories?post=30148"},{"taxonomy":"post_tag","embeddable":true,"href":"https:\/\/flandecoco.net\/ca\/wp-json\/wp\/v2\/tags?post=30148"}],"curies":[{"name":"wp","href":"https:\/\/api.w.org\/{rel}","templated":true}]}}