{"id":30029,"date":"2021-03-09T16:18:59","date_gmt":"2021-03-09T16:18:59","guid":{"rendered":"https:\/\/flandecoco.net\/?p=30029"},"modified":"2021-03-09T16:18:59","modified_gmt":"2021-03-09T16:18:59","slug":"ditidret-un-cicac-en-clau-femenina","status":"publish","type":"post","link":"https:\/\/flandecoco.net\/ca\/noticies\/ditidret-un-cicac-en-clau-femenina","title":{"rendered":"#Ditidret, un CICAC en clau femenina"},"content":{"rendered":"<div class=\"wpb-content-wrapper\"><section class=\"vc_row wpb_row vc_row-fluid  vc_custom_1507696989698\"><div class=\"wpb_column vc_column_container  col-xs-mobile-fullwidth\"><div class=\"vc_column-inner \"><div class=\"wpb_wrapper\"><div class=\"blockquote-style-1\"><blockquote class=\"border-color-deep-pink\" style=\"border-color: #3f63a9;\"><div class=\"last-paragraph-no-margin blockquote-content\"><p>En commemoraci\u00f3 del Dia Internacional de les Dones, el <strong><a href=\"https:\/\/www.cicac.cat\/\" target=\"_blank\" rel=\"noopener\">CICAC (Consell dels Il\u00b7lustres Col\u00b7legis d\u2019Advocats de Catalunya)<\/a>\u00a0<\/strong> va engegar una campanya des del 22 de febrer fins el 8 de mar\u00e7 que posava en valor l\u2019aportaci\u00f3 de les dones a l\u2019advocacia i la just\u00edcia.<\/p>\n<\/div><\/blockquote><\/div><\/div><\/div><\/div><\/section><section class=\"vc_row wpb_row vc_row-fluid row-blog-interior  vc_row-o-content-middle vc_row-flex\"><div class=\"wpb_column vc_column_container vc_col-sm-12  col-xs-mobile-fullwidth\"><div class=\"vc_column-inner \"><div class=\"wpb_wrapper\"><div class=\"p-blog-fluido last-paragraph-no-margin\"><p>Una iniciativa desenvolupada en col\u00b7laboraci\u00f3 amb <a href=\"https:\/\/flandecoco.net\/servicios\/\" target=\"_blank\" rel=\"noopener\"><strong>els professionals de FlandeCoco<\/strong><\/a> , en la que la dita popular \u201cDit i fet\u201d mutava a \u201cDit i dret\u201d com aclucada d\u2019ull sectorial a les tasques realitzades des del Consell en mat\u00e8ria de visibilitat, igualtat, equitat i paritat.<\/p>\n<p>Dit i fet, Dit i Dret. Molta feina feta i encara molta feina per fer al m\u00f3n de l\u2019advocacia i comunicada inicialment, des de la darrera setmana de febrer, al <a href=\"https:\/\/twitter.com\/conselladvocat\" target=\"_blank\" rel=\"noopener\"><strong>perfil a Twitter del CICAC<\/strong><\/a> presentant un seguit d\u2019arts en els que una selecci\u00f3 d\u2019advocades oferien petites p\u00edndoles sobre l\u2019estat de la q\u00fcesti\u00f3.<\/p>\n<\/div>[vc_single_image image=&#8221;30032&#8243; img_size=&#8221;full&#8221; alignment=&#8221;center&#8221;]<div class=\"p-blog-fluido last-paragraph-no-margin\"><p>Un claim de Campanya d\u2019enorme \u00e8xit i uns dissenys de distinci\u00f3 visual, elegants, informatius i identitat corporativa, que van escalfar motors di\u00e0riament a la xarxa de @conselladvocat fins a la presentaci\u00f3, el 8 de mar\u00e7, del v\u00eddeo amb la participaci\u00f3 de Deganes, Degans i la Presidenta del Consell de l\u2019Advocacia Catalana i Degana del Col\u00b7legi de Barcelona, M\u00aa Eug\u00e8ncia Gay.<\/p>\n<\/div>[vc_video link=&#8221;https:\/\/www.youtube.com\/watch?v=ofVbmfLWlKU&#8221; align=&#8221;center&#8221;]<div class=\"p-blog-fluido last-paragraph-no-margin\"><p>Una nova col\u00b7laboraci\u00f3 de FlandeCoco amb el CICAC despr\u00e9s de la <a href=\"https:\/\/flandecoco.net\/noticias\/cicac-mediacion-innovar-sumar-y-resolver\/\" target=\"_blank\" rel=\"noopener\"><strong>Campanya #INmediaci\u00f3<\/strong><\/a>, el projecte per la promoci\u00f3 de la mediaci\u00f3 en l\u2019\u00e0mbit de l\u2019advocacia catalana amb la finalitat de multiplicar l\u2019altaveu d\u2019aquesta f\u00f3rmula entre els professionals catalans.<\/p>\n<p>Podeu con\u00e8ixer una miqueta m\u00e9s d\u2019aquest i altres projectes <a href=\"https:\/\/flandecoco.net\/ca\/\" target=\"_blank\" rel=\"noopener\"><strong>visitant el nostre web <\/strong><\/a>o seguin els canals socials de Flandecoco a:<\/p>\n<p><a href=\"https:\/\/es.linkedin.com\/company\/flandecoco-lab\" target=\"_blank\" rel=\"noopener\">LinkedIn ?<\/a><\/p>\n<p><a href=\"https:\/\/www.instagram.com\/flandecocolab\/\" target=\"_blank\" rel=\"noopener\">Instagram ?<\/a><\/p>\n<p><a href=\"https:\/\/es-es.facebook.com\/flandecocolab\/\" target=\"_blank\" rel=\"noopener\">Facebook ? <\/a><\/p>\n<p><a href=\"https:\/\/twitter.com\/flandecocolab\" target=\"_blank\" rel=\"noopener\">Twitter ?<\/a><\/p>\n<\/div><\/div><\/div><\/div><\/section><section class=\"vc_row wpb_row vc_row-fluid\"><div class=\"wpb_column vc_column_container vc_col-sm-12  col-xs-mobile-fullwidth\"><div class=\"vc_column-inner \"><div class=\"wpb_wrapper\">\n<div class=\"wpcf7 no-js\" id=\"wpcf7-f6-o1\" lang=\"es-ES\" dir=\"ltr\" data-wpcf7-id=\"6\">\n<div class=\"screen-reader-response\"><p role=\"status\" aria-live=\"polite\" aria-atomic=\"true\"><\/p> <ul><\/ul><\/div>\n<form action=\"\/ca\/wp-json\/wp\/v2\/posts\/30029#wpcf7-f6-o1\" method=\"post\" class=\"wpcf7-form init\" aria-label=\"Formulario de contacto\" novalidate=\"novalidate\" data-status=\"init\">\n<fieldset class=\"hidden-fields-container\"><input type=\"hidden\" name=\"_wpcf7\" value=\"6\" \/><input type=\"hidden\" name=\"_wpcf7_version\" value=\"6.1.5\" \/><input type=\"hidden\" name=\"_wpcf7_locale\" value=\"es_ES\" \/><input type=\"hidden\" name=\"_wpcf7_unit_tag\" value=\"wpcf7-f6-o1\" \/><input type=\"hidden\" name=\"_wpcf7_container_post\" value=\"0\" \/><input type=\"hidden\" name=\"_wpcf7_posted_data_hash\" value=\"\" \/><input type=\"hidden\" name=\"_wpcf7_recaptcha_response\" value=\"\" \/>\n<\/fieldset>\n<p><label><span class=\"wpcf7-form-control-wrap\" data-name=\"your-name\"><input size=\"40\" maxlength=\"400\" class=\"wpcf7-form-control wpcf7-text wpcf7-validates-as-required\" aria-required=\"true\" aria-invalid=\"false\" placeholder=\"Nombre y Apellidos\" value=\"\" type=\"text\" name=\"your-name\" \/><\/span> <\/label><br \/>\n<label><span class=\"wpcf7-form-control-wrap\" data-name=\"your-email\"><input size=\"40\" maxlength=\"400\" class=\"wpcf7-form-control wpcf7-email wpcf7-validates-as-required wpcf7-text wpcf7-validates-as-email\" aria-required=\"true\" aria-invalid=\"false\" placeholder=\"Email\" value=\"\" type=\"email\" name=\"your-email\" \/><\/span> <\/label><br \/>\n<label> <span class=\"wpcf7-form-control-wrap\" data-name=\"your-tel\"><input size=\"40\" maxlength=\"400\" class=\"wpcf7-form-control wpcf7-tel wpcf7-validates-as-required wpcf7-text wpcf7-validates-as-tel\" aria-required=\"true\" aria-invalid=\"false\" placeholder=\"Tel\u00e9fono\" value=\"\" type=\"tel\" name=\"your-tel\" \/><\/span> <\/label><br \/>\n<label><span class=\"wpcf7-form-control-wrap\" data-name=\"your-empresa\"><input size=\"40\" maxlength=\"400\" class=\"wpcf7-form-control wpcf7-text wpcf7-validates-as-required\" aria-required=\"true\" aria-invalid=\"false\" placeholder=\"Empresa\" value=\"\" type=\"text\" name=\"your-empresa\" \/><\/span> <\/label><br \/>\n<label><span class=\"wpcf7-form-control-wrap\" data-name=\"your-sector\"><input size=\"40\" maxlength=\"400\" class=\"wpcf7-form-control wpcf7-text\" aria-invalid=\"false\" placeholder=\"Sector\" value=\"\" type=\"text\" name=\"your-sector\" \/><\/span> <\/label><br \/>\n<label><span class=\"wpcf7-form-control-wrap\" data-name=\"your-message\"><textarea cols=\"40\" rows=\"10\" maxlength=\"2000\" class=\"wpcf7-form-control wpcf7-textarea wpcf7-validates-as-required\" aria-required=\"true\" aria-invalid=\"false\" placeholder=\"Dinos qu\u00e9 necesitas\" name=\"your-message\"><\/textarea><\/span> <\/label><br \/>\n<label>C\u00f3mo nos has conocido:<span class=\"wpcf7-form-control-wrap\" data-name=\"menu-213\"><select class=\"wpcf7-form-control wpcf7-select wpcf7-validates-as-required\" aria-required=\"true\" aria-invalid=\"false\" name=\"menu-213\"><option value=\"\">&#8212;Por favor, elige una opci\u00f3n&#8212;<\/option><option value=\"B\u00fasqueda en Google.\">B\u00fasqueda en Google.<\/option><option value=\"Instagram\">Instagram<\/option><option value=\"Facebook\">Facebook<\/option><option value=\"Linkedin\">Linkedin<\/option><option value=\"Twitter\">Twitter<\/option><\/select><\/span><\/label>\n<\/p>\n<div class=\"form-consent\">\n\t<p style=\"font-size:14px;line-height: 1.2;margin-bottom:10px;\">TROY&MACCLURE, S.L. como responsable del tratamiento tratar\u00e1 tus datos con la finalidad de dar respuesta a tu consulta o petici\u00f3n. Puedes acceder, rectificar y suprimir tus datos, as\u00ed como ejercer otros derechos consultando la informaci\u00f3n adicional y detallada sobre protecci\u00f3n de datos en nuestra <a href=\"\/politica-de-privacidad\" target=\"_blank\">pol\u00edtica de privacidad<\/a>\n\t<\/p>\n\t<p><span class=\"wpcf7-form-control-wrap\" data-name=\"acepta-politica\"><span class=\"wpcf7-form-control wpcf7-acceptance\"><span class=\"wpcf7-list-item\"><label><input type=\"checkbox\" name=\"acepta-politica\" value=\"1\" aria-invalid=\"false\" \/><span class=\"wpcf7-list-item-label\">He le\u00eddo y acepto las condiciones contenidas en la <a href=\"\/politica-de-privacidad\" target=\"_blank\"> pol\u00edtica de privacidad<\/a> sobre el tratamiento de mis datos para gestionar mi consulta o petici\u00f3n.<\/span><\/label><\/span><\/span><\/span><br \/>\n<span class=\"wpcf7-form-control-wrap\" data-name=\"acepta-info-comercial\"><span class=\"wpcf7-form-control wpcf7-checkbox\"><span class=\"wpcf7-list-item first last\"><input type=\"checkbox\" name=\"acepta-info-comercial[]\" value=\"Nos gustar\u00eda que nos prestaras tu consentimiento para enviarte informaci\u00f3n comercial sobre los productos, servicios, novedades de TROY&amp;MACCLURE, S.L.\" \/><span class=\"wpcf7-list-item-label\">Nos gustar\u00eda que nos prestaras tu consentimiento para enviarte informaci\u00f3n comercial sobre los productos, servicios, novedades de TROY&amp;MACCLURE, S.L.<\/span><\/span><\/span><\/span>\n\t<\/p>\n<\/div>\n<p><input class=\"wpcf7-form-control wpcf7-submit has-spinner\" type=\"submit\" value=\"Enviar\" \/>\n<\/p>\n<input class=\"wpcf7-form-control wpcf7-hidden\" id=\"gaCookie\" value=\"\" type=\"hidden\" name=\"gaCookie\" \/>\n<input class=\"wpcf7-form-control wpcf7-hidden\" value=\"\" type=\"hidden\" name=\"ga_campaign\" \/>\n<input class=\"wpcf7-form-control wpcf7-hidden\" value=\"\" type=\"hidden\" name=\"ga_medium\" \/>\n<input class=\"wpcf7-form-control wpcf7-hidden\" value=\"\" type=\"hidden\" name=\"ga_source\" \/>\n<input class=\"wpcf7-form-control wpcf7-hidden\" value=\"\" type=\"hidden\" name=\"ga_content\" \/>\n<input class=\"wpcf7-form-control wpcf7-hidden\" value=\"\" type=\"hidden\" name=\"ga_keyword\" \/>\n<input class=\"wpcf7-form-control wpcf7-hidden\" value=\"\" type=\"hidden\" name=\"landing_page_fdc\" \/><div class=\"wpcf7-response-output\" aria-hidden=\"true\"><\/div>\n<\/form>\n<\/div>\n<\/div><\/div><\/div><\/section>\n<\/div>","protected":false},"excerpt":{"rendered":"En commemoraci\u00f3 del Dia Internacional de les Dones, el CICAC (Consell dels Il\u00b7lustres Col\u00b7legis d\u2019Advocats de Catalunya)\u00a0 va engegar una campanya des del 22 de febrer fins el 8 de mar\u00e7 que posava en valor l\u2019aportaci\u00f3 de les dones a l\u2019advocacia i la just\u00edcia. Una iniciativa desenvolupada en col\u00b7laboraci\u00f3 amb els professionals de FlandeCoco , en la que la dita popular \u201cDit i fet\u201d mutava a \u201cDit i dret\u201d com aclucada d\u2019ull sectorial a les tasques realitzades des del Consell en mat\u00e8ria de visibilitat, igualtat, equitat i paritat. Dit i fet, Dit i Dret. Molta feina feta i encara molta feina per fer al m\u00f3n de l\u2019advocacia i comunicada inicialment, des de la darrera setmana de febrer, al perfil a Twitter del CICAC presentant un seguit d\u2019arts en els que una selecci\u00f3 d\u2019advocades oferien petites p\u00edndoles sobre l\u2019estat de la q\u00fcesti\u00f3. [vc_single_image image=\"30032\" img_size=\"full\" alignment=\"center\"]Un claim de Campanya d\u2019enorme \u00e8xit i uns dissenys de distinci\u00f3 visual, elegants, informatius i identitat corporativa, que van escalfar motors di\u00e0riament a la xarxa de @conselladvocat fins a la presentaci\u00f3, el 8 de mar\u00e7, del v\u00eddeo amb la participaci\u00f3 de Deganes, Degans i la Presidenta del Consell de l\u2019Advocacia Catalana i Degana del Col\u00b7legi de...","protected":false},"author":1,"featured_media":30030,"comment_status":"closed","ping_status":"closed","sticky":false,"template":"","format":"standard","meta":{"footnotes":""},"categories":[137],"tags":[291],"class_list":["post-30029","post","type-post","status-publish","format-standard","has-post-thumbnail","hentry","category-noticies","tag-blog-ca"],"_links":{"self":[{"href":"https:\/\/flandecoco.net\/ca\/wp-json\/wp\/v2\/posts\/30029","targetHints":{"allow":["GET"]}}],"collection":[{"href":"https:\/\/flandecoco.net\/ca\/wp-json\/wp\/v2\/posts"}],"about":[{"href":"https:\/\/flandecoco.net\/ca\/wp-json\/wp\/v2\/types\/post"}],"author":[{"embeddable":true,"href":"https:\/\/flandecoco.net\/ca\/wp-json\/wp\/v2\/users\/1"}],"replies":[{"embeddable":true,"href":"https:\/\/flandecoco.net\/ca\/wp-json\/wp\/v2\/comments?post=30029"}],"version-history":[{"count":1,"href":"https:\/\/flandecoco.net\/ca\/wp-json\/wp\/v2\/posts\/30029\/revisions"}],"predecessor-version":[{"id":30036,"href":"https:\/\/flandecoco.net\/ca\/wp-json\/wp\/v2\/posts\/30029\/revisions\/30036"}],"wp:featuredmedia":[{"embeddable":true,"href":"https:\/\/flandecoco.net\/ca\/wp-json\/wp\/v2\/media\/30030"}],"wp:attachment":[{"href":"https:\/\/flandecoco.net\/ca\/wp-json\/wp\/v2\/media?parent=30029"}],"wp:term":[{"taxonomy":"category","embeddable":true,"href":"https:\/\/flandecoco.net\/ca\/wp-json\/wp\/v2\/categories?post=30029"},{"taxonomy":"post_tag","embeddable":true,"href":"https:\/\/flandecoco.net\/ca\/wp-json\/wp\/v2\/tags?post=30029"}],"curies":[{"name":"wp","href":"https:\/\/api.w.org\/{rel}","templated":true}]}}