{"id":29394,"date":"2020-12-16T09:25:06","date_gmt":"2020-12-16T09:25:06","guid":{"rendered":"https:\/\/flandecoco.net\/?p=29394"},"modified":"2020-12-16T09:25:06","modified_gmt":"2020-12-16T09:25:06","slug":"i-la-van-anomenar-tik-tok-perque-exitas-ja-estava-pillat","status":"publish","type":"post","link":"https:\/\/flandecoco.net\/ca\/blog-ca\/i-la-van-anomenar-tik-tok-perque-exitas-ja-estava-pillat","title":{"rendered":"I la van anomenar Tik Tok perqu\u00e8 exit\u00e0s ja estava pillat"},"content":{"rendered":"<div class=\"wpb-content-wrapper\"><section class=\"vc_row wpb_row vc_row-fluid  vc_custom_1507696989698\"><div class=\"wpb_column vc_column_container  col-xs-mobile-fullwidth\"><div class=\"vc_column-inner \"><div class=\"wpb_wrapper\"><div class=\"blockquote-style-1\"><blockquote class=\"border-color-deep-pink\" style=\"border-color: #3f63a9;\"><div class=\"last-paragraph-no-margin blockquote-content\"><p>Sigui perqu\u00e8 la pand\u00e8mia ha girat com un mitj\u00f3 la manera de relacionar-nos, sigui per la m\u00e0gia d&#8217;un algoritme que endevina ? les nostres prefer\u00e8ncies en zero coma o sigui perqu\u00e8 els temps no paren de canviar a la velocitat de la llum; l&#8217;\u00d2scar a la App 2020 ha recaigut sense discussi\u00f3 en l&#8217;asi\u00e0tica Tik Tok.<\/p>\n<\/div><\/blockquote><\/div><\/div><\/div><\/div><\/section><section class=\"vc_row wpb_row vc_row-fluid row-blog-interior  vc_row-o-content-middle vc_row-flex\"><div class=\"wpb_column vc_column_container vc_col-sm-12  col-xs-mobile-fullwidth\"><div class=\"vc_column-inner \"><div class=\"wpb_wrapper\"><div class=\"p-blog-fluido last-paragraph-no-margin\"><p>No ha estat necessari reunir cap ciberjurat ni obrir les urnes online de la votaci\u00f3 popular. Els <a href=\"https:\/\/computerhoy.com\/noticias\/tecnologia\/tiktok-app-descargada-mundo-2020-771197\" target=\"_blank\" rel=\"noopener\"><strong>130.000 milions de desc\u00e0rregues a nivell mundial<\/strong><\/a>\u00a0 (gaireb\u00e9 8&#8217;5 milions a Espanya) s\u00f3n \u00fanicament les vertiginoses xifres d&#8217;un maj\u00fascul exit\u00e0s que ha aconseguit unir m\u00f3n social i streaming de manera molt senzilla. Algunes de les raons no num\u00e8riques d&#8217;aquest aclaparador triomf global, les veiem a continuaci\u00f3.<\/p>\n<\/div><span class=\"text-extra-large margin-25px-bottom display-inline-block alt-font heading-style3  heading-1\" >Qu\u00e8 t\u00e9 Tik Tok per tornar-nos tan bojos?<\/span><div class=\"p-blog-fluido last-paragraph-no-margin\"><p><strong>Format.<\/strong> Cap altra aplicaci\u00f3 ni Xarxa Social havia apostat mai tan fermament pels v\u00eddeos verticals curts, adaptant-se a l&#8217;anhel del segment m\u00e9s jove de poder gravar v\u00eddeos breus amb el m\u00f2bil i ? compartir-los en un pim-pam.<\/p>\n<p><strong>Pedrera.<\/strong> Tik Tok ha aconseguit enganxar a tota una generaci\u00f3 de futurs videomakers. Una aut\u00e8ntica pedrera d&#8217;aprenentatge per a tots aquells que volen crear v\u00eddeos, <a href=\"https:\/\/flandecoco.net\/blog\/el-video-es-la-estrella-de-las-redes\/\" target=\"_blank\" rel=\"noopener\"><strong>el format de m\u00e9s impacte a XX.SS. <\/strong><\/a>, de manera professional el dia de dem\u00e0.<\/p>\n<p><strong>Public Access.<\/strong> A difer\u00e8ncia d&#8217;altres Social Media, no cal iniciar sessi\u00f3 per gaudir dels v\u00eddeos que publiquen la Comunitat d&#8217;usuaris Tik Tok. Una f\u00f3rmula que permet con\u00e8ixer la plataforma sense la pressi\u00f3 d&#8217;un ? registre previ.<\/p>\n<p><strong>Disseny.<\/strong> 100% intu\u00eftiu, permet veure un nou v\u00eddeo lliscant cap amunt i un antic fent-ho cap avall. Comentar, compartir en d\u2019altres plataformes o descarregar-lo tamb\u00e9 des de la mateixa pantalla. 100% senzill, 100% addictiu.<\/p>\n<p><strong>Viralitat.<\/strong> El m\u00e0gic algoritme t\u00e9 la capacitat de convertir els usuaris habituals en sensacions virals i <a href=\"https:\/\/flandecoco.net\/blog\/marketing-de-influencers-apto-para-todo-tipo-de-empresas-y-negocios\/\" target=\"_blank\" rel=\"noopener\"><strong>influencers<\/strong><\/a> d\u2019enorme tirada. La llista d&#8217;<a href=\"https:\/\/megaricos.com\/2020\/02\/20\/conozca-a-las-15-estrellas-de-tiktok-mas-seguidas-en-el-mundo-2020\/\" target=\"_blank\" rel=\"noopener\"><strong>estrelles Tik Tok de 2020<\/strong><\/a> \u00e9s de les que crea vertigen pel seu nombre de seguidors.<\/p>\n<p><strong>Continguts.<\/strong> La f\u00f3rmula Tik Tok permet crear continguts d&#8217;una manera molt diferent a la resta de XX.SS. Fomenta la creativitat, brinda alegria, diversi\u00f3 i entreteniment, des infinitat d&#8217;efectes animats, m\u00fasica i filtres. Un fil\u00f3!<\/p>\n<\/div><span class=\"text-extra-large margin-25px-bottom display-inline-block alt-font text-capitalize heading-style3  heading-2\" >La cara B d'un \u00e8xit<\/span><div class=\"p-blog-fluido last-paragraph-no-margin\"><p>L&#8217;espectacular acceleraci\u00f3 de la plataforma el 2020, de la qu\u00e8 s&#8217;havien donat molt m\u00e9s que indicis en 2019, ha aconseguit que les empreses incloguin a Tik Tok en estrat\u00e8gies de M\u00e0rqueting Digital. Un \u00e8xit que, tot i aix\u00ed, presenta alguns punts foscos que en les darreres setmanes tamb\u00e9 han tingut protagonisme en els mitjans.<\/p>\n<p>L&#8217;acc\u00e9s a les dades personals de l&#8217;usuari, la seva ubicaci\u00f3 i l&#8217;algoritme que ell mateix introdueix perqu\u00e8 l&#8217;aplicaci\u00f3 mostri \u00fanicament les prefer\u00e8ncies, \u00e9s un dels punts que m\u00e9s controv\u00e8rsia generen. El<a href=\"https:\/\/confilegal.com\/20190128-en-que-consiste-el-child-grooming-acoso-sexual-de-menores-por-internet-y-que-medidas-de-prevencion-deben-adoptarse\/\" target=\"_blank\" rel=\"noopener\"> <strong>child grooming <\/strong><\/a>, la manca de pol\u00edtiques clares i la censura de continguts, algunes de les ombres que planegen amb m\u00e9s for\u00e7a sobre la xarxa xinesa.<\/p>\n<\/div><span class=\"text-extra-large margin-25px-bottom display-inline-block alt-font text-capitalize heading-style3  heading-3\" >Social Media Partner<\/span><div class=\"p-blog-fluido last-paragraph-no-margin\"><p>A l&#8217;<a href=\"https:\/\/flandecoco.net\/servicios\/\" target=\"_blank\" rel=\"noopener\"><strong>ag\u00e8ncia de publicitat FlandeCoco\u00a0<\/strong><\/a> portem m\u00e9s de 15 anys col\u00b7laborant en l&#8217;administraci\u00f3 de Xarxes Socials de marques, institucions i punts de venda de multitud de sectors, tant orientades a altres empreses com a consumidor final .<\/p>\n<p>Som un partner d&#8217;experi\u00e8ncia, rigor i creativitat per implementar estrat\u00e8gies de m\u00e0rqueting online des dels diferents Social Media. Pot con\u00e8ixer una mica m\u00e9s de l&#8217;expertise FlandeCoco visitant la <a href=\"https:\/\/flandecoco.net\/\" target=\"_blank\" rel=\"noopener\"><strong>nostra p\u00e0gina web<\/strong> <\/a>. Si desitja informaci\u00f3 addicional per a la seva empresa o negoci, o con\u00e8ixer altres detalls sobre com podem ajudar-lo, ompli el seg\u00fcent formulari i r\u00e0pidament li donarem resposta.<\/p>\n<\/div><\/div><\/div><\/div><\/section><section class=\"vc_row wpb_row vc_row-fluid\"><div class=\"wpb_column vc_column_container vc_col-sm-12  col-xs-mobile-fullwidth\"><div class=\"vc_column-inner \"><div class=\"wpb_wrapper\">\n<div class=\"wpcf7 no-js\" id=\"wpcf7-f6-o1\" lang=\"es-ES\" dir=\"ltr\" data-wpcf7-id=\"6\">\n<div class=\"screen-reader-response\"><p role=\"status\" aria-live=\"polite\" aria-atomic=\"true\"><\/p> <ul><\/ul><\/div>\n<form action=\"\/ca\/wp-json\/wp\/v2\/posts\/29394#wpcf7-f6-o1\" method=\"post\" class=\"wpcf7-form init\" aria-label=\"Formulario de contacto\" novalidate=\"novalidate\" data-status=\"init\">\n<fieldset class=\"hidden-fields-container\"><input type=\"hidden\" name=\"_wpcf7\" value=\"6\" \/><input type=\"hidden\" name=\"_wpcf7_version\" value=\"6.1.5\" \/><input type=\"hidden\" name=\"_wpcf7_locale\" value=\"es_ES\" \/><input type=\"hidden\" name=\"_wpcf7_unit_tag\" value=\"wpcf7-f6-o1\" \/><input type=\"hidden\" name=\"_wpcf7_container_post\" value=\"0\" \/><input type=\"hidden\" name=\"_wpcf7_posted_data_hash\" value=\"\" \/><input type=\"hidden\" name=\"_wpcf7_recaptcha_response\" value=\"\" \/>\n<\/fieldset>\n<p><label><span class=\"wpcf7-form-control-wrap\" data-name=\"your-name\"><input size=\"40\" maxlength=\"400\" class=\"wpcf7-form-control wpcf7-text wpcf7-validates-as-required\" aria-required=\"true\" aria-invalid=\"false\" placeholder=\"Nombre y Apellidos\" value=\"\" type=\"text\" name=\"your-name\" \/><\/span> <\/label><br \/>\n<label><span class=\"wpcf7-form-control-wrap\" data-name=\"your-email\"><input size=\"40\" maxlength=\"400\" class=\"wpcf7-form-control wpcf7-email wpcf7-validates-as-required wpcf7-text wpcf7-validates-as-email\" aria-required=\"true\" aria-invalid=\"false\" placeholder=\"Email\" value=\"\" type=\"email\" name=\"your-email\" \/><\/span> <\/label><br \/>\n<label> <span class=\"wpcf7-form-control-wrap\" data-name=\"your-tel\"><input size=\"40\" maxlength=\"400\" class=\"wpcf7-form-control wpcf7-tel wpcf7-validates-as-required wpcf7-text wpcf7-validates-as-tel\" aria-required=\"true\" aria-invalid=\"false\" placeholder=\"Tel\u00e9fono\" value=\"\" type=\"tel\" name=\"your-tel\" \/><\/span> <\/label><br \/>\n<label><span class=\"wpcf7-form-control-wrap\" data-name=\"your-empresa\"><input size=\"40\" maxlength=\"400\" class=\"wpcf7-form-control wpcf7-text wpcf7-validates-as-required\" aria-required=\"true\" aria-invalid=\"false\" placeholder=\"Empresa\" value=\"\" type=\"text\" name=\"your-empresa\" \/><\/span> <\/label><br \/>\n<label><span class=\"wpcf7-form-control-wrap\" data-name=\"your-sector\"><input size=\"40\" maxlength=\"400\" class=\"wpcf7-form-control wpcf7-text\" aria-invalid=\"false\" placeholder=\"Sector\" value=\"\" type=\"text\" name=\"your-sector\" \/><\/span> <\/label><br \/>\n<label><span class=\"wpcf7-form-control-wrap\" data-name=\"your-message\"><textarea cols=\"40\" rows=\"10\" maxlength=\"2000\" class=\"wpcf7-form-control wpcf7-textarea wpcf7-validates-as-required\" aria-required=\"true\" aria-invalid=\"false\" placeholder=\"Dinos qu\u00e9 necesitas\" name=\"your-message\"><\/textarea><\/span> <\/label><br \/>\n<label>C\u00f3mo nos has conocido:<span class=\"wpcf7-form-control-wrap\" data-name=\"menu-213\"><select class=\"wpcf7-form-control wpcf7-select wpcf7-validates-as-required\" aria-required=\"true\" aria-invalid=\"false\" name=\"menu-213\"><option value=\"\">&#8212;Por favor, elige una opci\u00f3n&#8212;<\/option><option value=\"B\u00fasqueda en Google.\">B\u00fasqueda en Google.<\/option><option value=\"Instagram\">Instagram<\/option><option value=\"Facebook\">Facebook<\/option><option value=\"Linkedin\">Linkedin<\/option><option value=\"Twitter\">Twitter<\/option><\/select><\/span><\/label>\n<\/p>\n<div class=\"form-consent\">\n\t<p style=\"font-size:14px;line-height: 1.2;margin-bottom:10px;\">TROY&MACCLURE, S.L. como responsable del tratamiento tratar\u00e1 tus datos con la finalidad de dar respuesta a tu consulta o petici\u00f3n. Puedes acceder, rectificar y suprimir tus datos, as\u00ed como ejercer otros derechos consultando la informaci\u00f3n adicional y detallada sobre protecci\u00f3n de datos en nuestra <a href=\"\/politica-de-privacidad\" target=\"_blank\">pol\u00edtica de privacidad<\/a>\n\t<\/p>\n\t<p><span class=\"wpcf7-form-control-wrap\" data-name=\"acepta-politica\"><span class=\"wpcf7-form-control wpcf7-acceptance\"><span class=\"wpcf7-list-item\"><label><input type=\"checkbox\" name=\"acepta-politica\" value=\"1\" aria-invalid=\"false\" \/><span class=\"wpcf7-list-item-label\">He le\u00eddo y acepto las condiciones contenidas en la <a href=\"\/politica-de-privacidad\" target=\"_blank\"> pol\u00edtica de privacidad<\/a> sobre el tratamiento de mis datos para gestionar mi consulta o petici\u00f3n.<\/span><\/label><\/span><\/span><\/span><br \/>\n<span class=\"wpcf7-form-control-wrap\" data-name=\"acepta-info-comercial\"><span class=\"wpcf7-form-control wpcf7-checkbox\"><span class=\"wpcf7-list-item first last\"><input type=\"checkbox\" name=\"acepta-info-comercial[]\" value=\"Nos gustar\u00eda que nos prestaras tu consentimiento para enviarte informaci\u00f3n comercial sobre los productos, servicios, novedades de TROY&amp;MACCLURE, S.L.\" \/><span class=\"wpcf7-list-item-label\">Nos gustar\u00eda que nos prestaras tu consentimiento para enviarte informaci\u00f3n comercial sobre los productos, servicios, novedades de TROY&amp;MACCLURE, S.L.<\/span><\/span><\/span><\/span>\n\t<\/p>\n<\/div>\n<p><input class=\"wpcf7-form-control wpcf7-submit has-spinner\" type=\"submit\" value=\"Enviar\" \/>\n<\/p>\n<input class=\"wpcf7-form-control wpcf7-hidden\" id=\"gaCookie\" value=\"\" type=\"hidden\" name=\"gaCookie\" \/>\n<input class=\"wpcf7-form-control wpcf7-hidden\" value=\"\" type=\"hidden\" name=\"ga_campaign\" \/>\n<input class=\"wpcf7-form-control wpcf7-hidden\" value=\"\" type=\"hidden\" name=\"ga_medium\" \/>\n<input class=\"wpcf7-form-control wpcf7-hidden\" value=\"\" type=\"hidden\" name=\"ga_source\" \/>\n<input class=\"wpcf7-form-control wpcf7-hidden\" value=\"\" type=\"hidden\" name=\"ga_content\" \/>\n<input class=\"wpcf7-form-control wpcf7-hidden\" value=\"\" type=\"hidden\" name=\"ga_keyword\" \/>\n<input class=\"wpcf7-form-control wpcf7-hidden\" value=\"\" type=\"hidden\" name=\"landing_page_fdc\" \/><div class=\"wpcf7-response-output\" aria-hidden=\"true\"><\/div>\n<\/form>\n<\/div>\n<\/div><\/div><\/div><\/section>\n<\/div>","protected":false},"excerpt":{"rendered":"Sigui perqu\u00e8 la pand\u00e8mia ha girat com un mitj\u00f3 la manera de relacionar-nos, sigui per la m\u00e0gia d'un algoritme que endevina ? les nostres prefer\u00e8ncies en zero coma o sigui perqu\u00e8 els temps no paren de canviar a la velocitat de la llum; l'\u00d2scar a la App 2020 ha recaigut sense discussi\u00f3 en l'asi\u00e0tica Tik Tok. No ha estat necessari reunir cap ciberjurat ni obrir les urnes online de la votaci\u00f3 popular. Els 130.000 milions de desc\u00e0rregues a nivell mundial\u00a0 (gaireb\u00e9 8'5 milions a Espanya) s\u00f3n \u00fanicament les vertiginoses xifres d'un maj\u00fascul exit\u00e0s que ha aconseguit unir m\u00f3n social i streaming de manera molt senzilla. Algunes de les raons no num\u00e8riques d'aquest aclaparador triomf global, les veiem a continuaci\u00f3. Qu\u00e8 t\u00e9 Tik Tok per tornar-nos tan bojos?Format. Cap altra aplicaci\u00f3 ni Xarxa Social havia apostat mai tan fermament pels v\u00eddeos verticals curts, adaptant-se a l'anhel del segment m\u00e9s jove de poder gravar v\u00eddeos breus amb el m\u00f2bil i ? compartir-los en un pim-pam. Pedrera. Tik Tok ha aconseguit enganxar a tota una generaci\u00f3 de futurs videomakers. Una aut\u00e8ntica pedrera d'aprenentatge per a tots aquells que volen crear v\u00eddeos, el format de m\u00e9s impacte a XX.SS. , de manera professional el...","protected":false},"author":1,"featured_media":29396,"comment_status":"closed","ping_status":"closed","sticky":false,"template":"","format":"standard","meta":{"footnotes":""},"categories":[136],"tags":[291],"class_list":["post-29394","post","type-post","status-publish","format-standard","has-post-thumbnail","hentry","category-blog-ca","tag-blog-ca"],"_links":{"self":[{"href":"https:\/\/flandecoco.net\/ca\/wp-json\/wp\/v2\/posts\/29394","targetHints":{"allow":["GET"]}}],"collection":[{"href":"https:\/\/flandecoco.net\/ca\/wp-json\/wp\/v2\/posts"}],"about":[{"href":"https:\/\/flandecoco.net\/ca\/wp-json\/wp\/v2\/types\/post"}],"author":[{"embeddable":true,"href":"https:\/\/flandecoco.net\/ca\/wp-json\/wp\/v2\/users\/1"}],"replies":[{"embeddable":true,"href":"https:\/\/flandecoco.net\/ca\/wp-json\/wp\/v2\/comments?post=29394"}],"version-history":[{"count":1,"href":"https:\/\/flandecoco.net\/ca\/wp-json\/wp\/v2\/posts\/29394\/revisions"}],"predecessor-version":[{"id":29398,"href":"https:\/\/flandecoco.net\/ca\/wp-json\/wp\/v2\/posts\/29394\/revisions\/29398"}],"wp:featuredmedia":[{"embeddable":true,"href":"https:\/\/flandecoco.net\/ca\/wp-json\/wp\/v2\/media\/29396"}],"wp:attachment":[{"href":"https:\/\/flandecoco.net\/ca\/wp-json\/wp\/v2\/media?parent=29394"}],"wp:term":[{"taxonomy":"category","embeddable":true,"href":"https:\/\/flandecoco.net\/ca\/wp-json\/wp\/v2\/categories?post=29394"},{"taxonomy":"post_tag","embeddable":true,"href":"https:\/\/flandecoco.net\/ca\/wp-json\/wp\/v2\/tags?post=29394"}],"curies":[{"name":"wp","href":"https:\/\/api.w.org\/{rel}","templated":true}]}}