{"id":25467,"date":"2019-09-04T07:37:13","date_gmt":"2019-09-04T07:37:13","guid":{"rendered":"https:\/\/flandecoco.net\/?p=25467"},"modified":"2019-09-04T13:39:35","modified_gmt":"2019-09-04T13:39:35","slug":"barcelona-meeting-point-una-finestra-als-negocis","status":"publish","type":"post","link":"https:\/\/flandecoco.net\/ca\/blog-ca\/barcelona-meeting-point-una-finestra-als-negocis","title":{"rendered":"Barcelona Meeting Point: una finestra als negocis"},"content":{"rendered":"<div class=\"wpb-content-wrapper\"><section class=\"vc_row wpb_row vc_row-fluid  vc_custom_1507696989698\"><div class=\"wpb_column vc_column_container  col-xs-mobile-fullwidth\"><div class=\"vc_column-inner \"><div class=\"wpb_wrapper\"><div class=\"blockquote-style-1\"><blockquote class=\"border-color-deep-pink\" style=\"border-color: #3f63a9;\"><div class=\"last-paragraph-no-margin blockquote-content\"><p>La Barcelona Meeting Point (BMP 2019) celebrar\u00e0, entre el 16 i el 19 d&#8217;octubre, una vint-i-tresena edici\u00f3 amb l&#8217;objectiu d&#8217;abanderar un nou univers immobiliari que aposti per la internacionalitzaci\u00f3, les tend\u00e8ncies i la innovaci\u00f3.<\/p>\n<\/div><\/blockquote><\/div><\/div><\/div><\/div><\/section><section class=\"vc_row wpb_row vc_row-fluid row-blog-interior\"><div class=\"wpb_column vc_column_container vc_col-sm-12  col-xs-mobile-fullwidth\"><div class=\"vc_column-inner \"><div class=\"wpb_wrapper\"><div class=\"p-blog-fluido last-paragraph-no-margin\"><p>Un esdeveniment de refer\u00e8ncia, punt de trobada per al visitant professional, players sectorials d&#8217;\u00e0mbit global i gran p\u00fablic, d&#8217;assist\u00e8ncia imprescindible per a negocis vinculats amb la compra, venda i lloguer de tot tipus de b\u00e9ns immobles.<\/p>\n<\/div>[vc_single_image image=&#8221;25463&#8243; img_size=&#8221;full&#8221; alignment=&#8221;center&#8221;]<\/div><\/div><\/div><\/section><section class=\"vc_row wpb_row vc_row-fluid row-blog-interior  vc_row-o-content-middle vc_row-flex\"><div class=\"wpb_column vc_column_container vc_col-sm-12  col-xs-mobile-fullwidth\"><div class=\"vc_column-inner \"><div class=\"wpb_wrapper\"><h2 class=\"text-extra-large margin-25px-bottom display-inline-block alt-font text-capitalize heading-style3  heading-1\" >Immo-experience<\/h2><div class=\"p-blog-fluido last-paragraph-no-margin\"><p>La nostra Ag\u00e8ncia de Publicitat ha assistit a la pr\u00e0ctica totalitat de cert\u00e0mens del BMP acompanyant a diferents clients i institucions. La gesti\u00f3 360\u00ba, aglutinant un pool de set grans grups de <a href=\"https:\/\/flandecoco.net\/ca\/serveis\/\" target=\"_blank\" rel=\"noopener\">serveis<\/a>, i la h\u00edper-especialitzaci\u00f3 immobili\u00e0ria d&#8217;alguns dels professionals FlandeCoco de les \u00e0rees de M\u00e0rqueting, Comunicaci\u00f3 i Social Media, ens acrediten com experts coneixedors dels usos i novetats del sector.<\/p>\n<p>Una immo-experience que \u00e9s un eficient valor afegit per a les empreses que estan avaluant el seu pla BMP 2019. L&#8217;ampl\u00edssim coneixement i bagatge sectorial, molt valuosos per gestionar els timings, necessitats i eines espec\u00edfiques d&#8217;aquesta Fira, converteixen FlandeCoco en el teu partner ideal . T&#8217;ajudem?<\/p>\n<\/div>[vc_single_image image=&#8221;25474&#8243; img_size=&#8221;full&#8221; alignment=&#8221;center&#8221;]<h3 class=\"text-extra-large margin-25px-bottom display-inline-block alt-font text-capitalize heading-style3  heading-2\" >Ser, estar i destacar<\/h3><div class=\"p-blog-fluido last-paragraph-no-margin\"><p>Ideem, projectem i executem el teu estand al BMP. T\u2019evitem nervis, quilos de ? til\u00b7la i maldecaps lliurant, claus en m\u00e0, un espai ef\u00edmer que parlar\u00e0 per la teva marca i et diferenciar\u00e0 dels competidors. Ser, estar i destacar.<\/p>\n<\/div><h2 class=\"text-extra-large margin-25px-bottom display-inline-block alt-font text-capitalize heading-style3  heading-3\" >El paper que ven<\/h2><div class=\"p-blog-fluido last-paragraph-no-margin\"><p>Un altaveu d&#8217;excel\u00b7l\u00e8ncia per a contactes de qualitat. Tr\u00edptics de producte \/ servei i cat\u00e0legs corporatius o promocionals que, des del disseny i la comunicaci\u00f3 premium by FlandeCoco, col\u00b7laboren a transformar el contacte en relaci\u00f3 comercial. Del paper al negoci.<\/p>\n<\/div><h2 class=\"text-extra-large margin-25px-bottom display-inline-block alt-font text-capitalize heading-style3  heading-4\" >El teu espai i m\u00e9s enll\u00e0<\/h2><div class=\"p-blog-fluido last-paragraph-no-margin\"><p>Accions de M\u00e0rqueting i de Street M\u00e0rqueting que eleven a un paper protagonista la teva pres\u00e8ncia a la Barcelona Meeting Point. Creativitat i idees que multiplicaran el focus de la teva empresa molt m\u00e9s enll\u00e0 de les parets del seu espai firal.<\/p>\n<\/div><h2 class=\"text-extra-large margin-25px-bottom display-inline-block alt-font text-capitalize heading-style3  heading-5\" >Notorietat en l\u00ednia<\/h2><div class=\"p-blog-fluido last-paragraph-no-margin\"><p>Acciones de Marketing y de Street Marketing que elevan a un papel protagonista tu presencia en la Barcelona Meeting Point. Creatividad e ideas que multiplicar\u00e1n el foco de tu empresa mucho m\u00e1s all\u00e1 de las paredes de su espacio ferial.<\/p>\n<\/div><h2 class=\"text-extra-large margin-25px-bottom display-inline-block alt-font text-capitalize heading-style3  heading-6\" >Notoriedad online<\/h2><div class=\"p-blog-fluido last-paragraph-no-margin\"><p>Potenciem la pres\u00e8ncia al BMP des del online gestionant les teves Xarxes Socials. Quatre equips FlandeCoco (M\u00e0rqueting, Disseny, Comunicaci\u00f3 i Social Media) atorgant a la teva marca notorietat i for\u00e7a sectorial abans, durant i despr\u00e9s de l&#8217;esdeveniment.<\/p>\n<\/div>[vc_single_image image=&#8221;25476&#8243; img_size=&#8221;full&#8221; alignment=&#8221;center&#8221;]<h2 class=\"text-extra-large margin-25px-bottom display-inline-block alt-font text-capitalize heading-style3  heading-7\" >Un clic per a la teva empresa<\/h2><div class=\"p-blog-fluido last-paragraph-no-margin\"><p>Hostesses i equip de suport per al certamen, realitzaci\u00f3 d&#8217;audiovisuals, presentacions corporatives, agenda de mitjans i moltes altres accions complement\u00e0ries per a la teva BMP 2019, que pots consultar clicant en serveis https:\/\/flandecoco.net\/servicios\/.<\/p>\n<p>Pots veure, tamb\u00e9, una selecci\u00f3 d&#8217;alguns dels nostres treballs al Portfolio https:\/\/flandecoco.net\/portfolio-fdc\/ o consultar qualsevol dubte contactant amb FlandeCoco https:\/\/flandecoco.net\/contacto\/ al 93 285 53 11 o mitjan\u00e7ant el correu electr\u00f2nic flandecoco@flandecoco.net.<\/p>\n<p>Una XXIII Barcelona Meeting Point de grans oportunitats en ? Flan-companyia.<\/p>\n<\/div><div class=\"separator-line-horrizontal-full bg-extra-light-gray center-col pofo-separator  vc_custom_1507723650128\" style=\"background-color:#ededed; min-height: 1px; width: 100%;\"><\/div><\/div><\/div><\/div><\/section>\n<\/div>","protected":false},"excerpt":{"rendered":"La Barcelona Meeting Point (BMP 2019) celebrar\u00e0, entre el 16 i el 19 d'octubre, una vint-i-tresena edici\u00f3 amb l'objectiu d'abanderar un nou univers immobiliari que aposti per la internacionalitzaci\u00f3, les tend\u00e8ncies i la innovaci\u00f3. Un esdeveniment de refer\u00e8ncia, punt de trobada per al visitant professional, players sectorials d'\u00e0mbit global i gran p\u00fablic, d'assist\u00e8ncia imprescindible per a negocis vinculats amb la compra, venda i lloguer de tot tipus de b\u00e9ns immobles. [vc_single_image image=\"25463\" img_size=\"full\" alignment=\"center\"]Immo-experienceLa nostra Ag\u00e8ncia de Publicitat ha assistit a la pr\u00e0ctica totalitat de cert\u00e0mens del BMP acompanyant a diferents clients i institucions. La gesti\u00f3 360\u00ba, aglutinant un pool de set grans grups de serveis, i la h\u00edper-especialitzaci\u00f3 immobili\u00e0ria d'alguns dels professionals FlandeCoco de les \u00e0rees de M\u00e0rqueting, Comunicaci\u00f3 i Social Media, ens acrediten com experts coneixedors dels usos i novetats del sector. Una immo-experience que \u00e9s un eficient valor afegit per a les empreses que estan avaluant el seu pla BMP 2019. L'ampl\u00edssim coneixement i bagatge sectorial, molt valuosos per gestionar els timings, necessitats i eines espec\u00edfiques d'aquesta Fira, converteixen FlandeCoco en el teu partner ideal . T'ajudem? [vc_single_image image=\"25474\" img_size=\"full\" alignment=\"center\"]Ser, estar i destacarIdeem, projectem i executem el teu estand al BMP. T\u2019evitem nervis, quilos de ?...","protected":false},"author":1,"featured_media":0,"comment_status":"closed","ping_status":"closed","sticky":false,"template":"","format":"standard","meta":{"footnotes":""},"categories":[136],"tags":[],"class_list":["post-25467","post","type-post","status-publish","format-standard","hentry","category-blog-ca"],"_links":{"self":[{"href":"https:\/\/flandecoco.net\/ca\/wp-json\/wp\/v2\/posts\/25467","targetHints":{"allow":["GET"]}}],"collection":[{"href":"https:\/\/flandecoco.net\/ca\/wp-json\/wp\/v2\/posts"}],"about":[{"href":"https:\/\/flandecoco.net\/ca\/wp-json\/wp\/v2\/types\/post"}],"author":[{"embeddable":true,"href":"https:\/\/flandecoco.net\/ca\/wp-json\/wp\/v2\/users\/1"}],"replies":[{"embeddable":true,"href":"https:\/\/flandecoco.net\/ca\/wp-json\/wp\/v2\/comments?post=25467"}],"version-history":[{"count":3,"href":"https:\/\/flandecoco.net\/ca\/wp-json\/wp\/v2\/posts\/25467\/revisions"}],"predecessor-version":[{"id":25479,"href":"https:\/\/flandecoco.net\/ca\/wp-json\/wp\/v2\/posts\/25467\/revisions\/25479"}],"wp:attachment":[{"href":"https:\/\/flandecoco.net\/ca\/wp-json\/wp\/v2\/media?parent=25467"}],"wp:term":[{"taxonomy":"category","embeddable":true,"href":"https:\/\/flandecoco.net\/ca\/wp-json\/wp\/v2\/categories?post=25467"},{"taxonomy":"post_tag","embeddable":true,"href":"https:\/\/flandecoco.net\/ca\/wp-json\/wp\/v2\/tags?post=25467"}],"curies":[{"name":"wp","href":"https:\/\/api.w.org\/{rel}","templated":true}]}}