{"id":24859,"date":"2019-04-24T14:21:36","date_gmt":"2019-04-24T14:21:36","guid":{"rendered":"https:\/\/flandecoco.net\/?p=24859"},"modified":"2019-04-24T14:28:05","modified_gmt":"2019-04-24T14:28:05","slug":"un-sil-dexit-i-contactes-via-flandecoco","status":"publish","type":"post","link":"https:\/\/flandecoco.net\/ca\/blog-ca\/un-sil-dexit-i-contactes-via-flandecoco","title":{"rendered":"Un SIL d\u2019\u00e8xit i contactes via FlandeCoco"},"content":{"rendered":"<div class=\"wpb-content-wrapper\"><section class=\"vc_row wpb_row vc_row-fluid  vc_custom_1507696989698\"><div class=\"wpb_column vc_column_container  col-xs-mobile-fullwidth\"><div class=\"vc_column-inner \"><div class=\"wpb_wrapper\"><div class=\"blockquote-style-1\"><blockquote class=\"border-color-deep-pink\" style=\"border-color: #3f63a9;\"><div class=\"last-paragraph-no-margin blockquote-content\"><p>Impulsar el negoci i els contactes per a les empreses presents. El SIL, la Fira de Log\u00edstica, Transport, intralog\u00edstica i Supply Chain, que es celebrar\u00e0 del 26 al 28 de juny al Palau 8 del recinte Montju\u00efc-Pla\u00e7a Espanya de Fira de Barcelona, \u200b\u200brefor\u00e7ar\u00e0 en aquesta edici\u00f3 el seu innegociable comprom\u00eds amb el networking.<\/p>\n<\/div><\/blockquote><\/div>[vc_single_image image=&#8221;24856&#8243; img_size=&#8221;full&#8221; alignment=&#8221;center&#8221;]<\/div><\/div><\/div><\/section><section class=\"vc_row wpb_row vc_row-fluid row-blog-interior\"><div class=\"wpb_column vc_column_container vc_col-sm-12  col-xs-mobile-fullwidth\"><div class=\"vc_column-inner \"><div class=\"wpb_wrapper\"><h2 class=\"text-extra-large margin-25px-bottom display-inline-block alt-font text-capitalize heading-style3  heading-1\" >Un networking de m\u00e9s que paraules<\/h2><div class=\"p-blog-fluido last-paragraph-no-margin\"><p>Un comprom\u00eds d&#8217;accions m\u00e9s que de paraules, cristal\u00b7litzat amb la integraci\u00f3 a l&#8217;agenda firal del Cercle Log\u00edstic, el Networking Lunch Internacional, el Match &amp; Meet i una nova App de l&#8217;esdeveniment que posar\u00e0 en contacte a les empreses participants amb assistents i speakers dels diferents congressos que es celebraran en paral\u00b7lel.<\/p>\n<p>La generaci\u00f3 d&#8217;un espai relacional per als l\u00edders del sector, el lunch-contacte amb m\u00e9s de 600 decisors sectorials, l&#8217;assist\u00e8ncia a l&#8217;esdeveniment amb una agenda de reunions (Match &amp; Meet) pr\u00e8viament establerta i l&#8217;actualitzaci\u00f3 de l&#8217;aplicaci\u00f3, disponible un mes abans de la celebraci\u00f3, que permetr\u00e0 interactuar amb els assistents que considerin interessants.<\/p>\n<\/div><\/div><\/div><\/div><\/section><section class=\"vc_row wpb_row vc_row-fluid row-blog-interior  vc_row-o-content-middle vc_row-flex\"><div class=\"wpb_column vc_column_container vc_col-sm-12  col-xs-mobile-fullwidth\"><div class=\"vc_column-inner \"><div class=\"wpb_wrapper\"><h3 class=\"text-extra-large margin-25px-bottom display-inline-block alt-font text-capitalize heading-style3  heading-2\" >Log\u00edsticament imprescindible<\/h3><div class=\"p-blog-fluido last-paragraph-no-margin\"><p>Un SIL 2019 d&#8217;interessants novetats, ideades amb l&#8217;objectiu de fomentar la generaci\u00f3 de contactes i les oportunitats de negoci dels seus participants. Un esdeveniment de pres\u00e8ncia ineludible, si la teva empresa est\u00e0 relacionada amb l&#8217;univers log\u00edstic, i en el qual l&#8217;ag\u00e8ncia FlandeCoco podem col\u00b7laborar activament per a una participaci\u00f3 d&#8217;\u00e8xit.<\/p>\n<p>Un equip de professionals de la creativitat, el disseny gr\u00e0fic, la programaci\u00f3, SEO, SEM, continguts i Social Media, alienats amb l&#8217;staff de M\u00e0rqueting i d&#8217;Espais ef\u00edmers que ofereix una \u00e0mplia carta de beneficis per a les empreses que vulguin acudir al SIL.<\/p>\n<p>&nbsp;<\/p>\n<p>Coneix, fent clic en aquest enlla\u00e7,<\/p>\n<p><a href=\"https:\/\/flandecoco.net\/ca\/blog-ca\/coses-que-has-de-tenir-en-compte-si-ets-una-empresa-del-sector-de-la-logistica\/\">https:\/\/flandecoco.net\/ca\/blog-ca\/coses-que-has-de-tenir-en-compte-si-ets-una-empresa-del-sector-de-la-logistica\/<\/a><\/p>\n<p>alguns dels avantatges que pot sumar FlandeCoco a les de la teva empresa.<\/p>\n<p>Contacta amb nosaltres, amb un sol clic aqu\u00ed<\/p>\n<p><a href=\"https:\/\/flandecoco.net\/ca\/contacte\/\">https:\/\/flandecoco.net\/ca\/contacte\/<\/a><\/p>\n<p>per tenir una pres\u00e8ncia al SIL 2019 de ple \u00e8xit.<\/p>\n<\/div><\/div><\/div><\/div><\/section>\n<\/div>","protected":false},"excerpt":{"rendered":"Impulsar el negoci i els contactes per a les empreses presents. El SIL, la Fira de Log\u00edstica, Transport, intralog\u00edstica i Supply Chain, que es celebrar\u00e0 del 26 al 28 de juny al Palau 8 del recinte Montju\u00efc-Pla\u00e7a Espanya de Fira de Barcelona, \u200b\u200brefor\u00e7ar\u00e0 en aquesta edici\u00f3 el seu innegociable comprom\u00eds amb el networking. [vc_single_image image=\"24856\" img_size=\"full\" alignment=\"center\"]Un networking de m\u00e9s que paraulesUn comprom\u00eds d'accions m\u00e9s que de paraules, cristal\u00b7litzat amb la integraci\u00f3 a l'agenda firal del Cercle Log\u00edstic, el Networking Lunch Internacional, el Match &amp; Meet i una nova App de l'esdeveniment que posar\u00e0 en contacte a les empreses participants amb assistents i speakers dels diferents congressos que es celebraran en paral\u00b7lel. La generaci\u00f3 d'un espai relacional per als l\u00edders del sector, el lunch-contacte amb m\u00e9s de 600 decisors sectorials, l'assist\u00e8ncia a l'esdeveniment amb una agenda de reunions (Match &amp; Meet) pr\u00e8viament establerta i l'actualitzaci\u00f3 de l'aplicaci\u00f3, disponible un mes abans de la celebraci\u00f3, que permetr\u00e0 interactuar amb els assistents que considerin interessants. Log\u00edsticament imprescindibleUn SIL 2019 d'interessants novetats, ideades amb l'objectiu de fomentar la generaci\u00f3 de contactes i les oportunitats de negoci dels seus participants. Un esdeveniment de pres\u00e8ncia ineludible, si la teva empresa est\u00e0 relacionada amb l'univers log\u00edstic,...","protected":false},"author":1,"featured_media":0,"comment_status":"closed","ping_status":"closed","sticky":false,"template":"","format":"standard","meta":{"footnotes":""},"categories":[136],"tags":[],"class_list":["post-24859","post","type-post","status-publish","format-standard","hentry","category-blog-ca"],"_links":{"self":[{"href":"https:\/\/flandecoco.net\/ca\/wp-json\/wp\/v2\/posts\/24859","targetHints":{"allow":["GET"]}}],"collection":[{"href":"https:\/\/flandecoco.net\/ca\/wp-json\/wp\/v2\/posts"}],"about":[{"href":"https:\/\/flandecoco.net\/ca\/wp-json\/wp\/v2\/types\/post"}],"author":[{"embeddable":true,"href":"https:\/\/flandecoco.net\/ca\/wp-json\/wp\/v2\/users\/1"}],"replies":[{"embeddable":true,"href":"https:\/\/flandecoco.net\/ca\/wp-json\/wp\/v2\/comments?post=24859"}],"version-history":[{"count":1,"href":"https:\/\/flandecoco.net\/ca\/wp-json\/wp\/v2\/posts\/24859\/revisions"}],"predecessor-version":[{"id":24860,"href":"https:\/\/flandecoco.net\/ca\/wp-json\/wp\/v2\/posts\/24859\/revisions\/24860"}],"wp:attachment":[{"href":"https:\/\/flandecoco.net\/ca\/wp-json\/wp\/v2\/media?parent=24859"}],"wp:term":[{"taxonomy":"category","embeddable":true,"href":"https:\/\/flandecoco.net\/ca\/wp-json\/wp\/v2\/categories?post=24859"},{"taxonomy":"post_tag","embeddable":true,"href":"https:\/\/flandecoco.net\/ca\/wp-json\/wp\/v2\/tags?post=24859"}],"curies":[{"name":"wp","href":"https:\/\/api.w.org\/{rel}","templated":true}]}}