{"id":24752,"date":"2019-03-28T16:42:46","date_gmt":"2019-03-28T16:42:46","guid":{"rendered":"https:\/\/flandecoco.net\/?p=24752"},"modified":"2019-03-28T16:51:01","modified_gmt":"2019-03-28T16:51:01","slug":"coses-que-has-de-tenir-en-compte-si-ets-una-empresa-del-sector-de-la-logistica","status":"publish","type":"post","link":"https:\/\/flandecoco.net\/ca\/blog-ca\/coses-que-has-de-tenir-en-compte-si-ets-una-empresa-del-sector-de-la-logistica","title":{"rendered":"Coses que has de tenir en compte si ets una empresa del sector de la log\u00edstica"},"content":{"rendered":"<div class=\"wpb-content-wrapper\"><section class=\"vc_row wpb_row vc_row-fluid  vc_custom_1507696989698\"><div class=\"wpb_column vc_column_container  col-xs-mobile-fullwidth\"><div class=\"vc_column-inner \"><div class=\"wpb_wrapper\"><div class=\"blockquote-style-1\"><blockquote class=\"border-color-deep-pink\" style=\"border-color: #3f63a9;\"><div class=\"last-paragraph-no-margin blockquote-content\"><p>Barcelona donar\u00e0 la benvinguda a l&#8217;estiu com a capital europea de la log\u00edstica. Els dies 26, 27 i 28 de juny es celebrar\u00e0 la 21a edici\u00f3 de SIL BARCELONA, la fira l\u00edder de la Log\u00edstica, el Transport, la Intralog\u00edstica i el Supply Chain del Sud d&#8217;Europa, que ha de reunir als l\u00edders del sector al Recinte Firal Montju\u00efc- pla\u00e7a Espanya.<\/p>\n<\/div><\/blockquote><\/div><\/div><\/div><\/div><\/section><section class=\"vc_row wpb_row vc_row-fluid row-blog-interior\"><div class=\"wpb_column vc_column_container vc_col-sm-12  col-xs-mobile-fullwidth\"><div class=\"vc_column-inner \"><div class=\"wpb_wrapper\"><div class=\"p-blog-fluido last-paragraph-no-margin\"><p>Una previsi\u00f3 de m\u00e9s de 650 empreses presents, 250 actes i 220 speakers en un esdeveniment que sumar\u00e0 sinergies amb eDelivery Barcelona Expo &amp; Congress, el XXXVI Congr\u00e9s ALACAT, el Congr\u00e9s Internacional d&#8217;Operadors Econ\u00f2mics Autoritzats (OEA) i el Congr\u00e9s Mundial de Zones Franques .<\/p>\n<p>Generaci\u00f3 de contactes, identificaci\u00f3 d&#8217;oportunitats de mercat, networking, impuls a la internacionalitzaci\u00f3 &#8230; una oportunitat \u00fanica per a tots els actors protagonistes del sector, un imprescindible per a la teva empresa en qu\u00e8 els nostres valors i fortaleses et poden ser de molt\u00edssima ajuda.<\/p>\n<p>A l&#8217;ag\u00e8ncia de publicitat FlandeCoco unim en cercle la suma de fortaleses personals (creatius, dissenyadors gr\u00e0fics, programadors, especialistes en SEO i SEM, redactors i CM s) amb la definici\u00f3 d&#8217;objectius de l&#8217;staff de M\u00e0rqueting. Un maridatge de talents que ofereix un pool de beneficis per a les empreses del sector log\u00edstic.<\/p>\n<\/div>[vc_single_image image=&#8221;24738&#8243; img_size=&#8221;full&#8221; alignment=&#8221;center&#8221;]<\/div><\/div><\/div><\/section><section class=\"vc_row wpb_row vc_row-fluid row-blog-interior  vc_row-o-content-middle vc_row-flex\"><div class=\"wpb_column vc_column_container vc_col-sm-12  col-xs-mobile-fullwidth\"><div class=\"vc_column-inner \"><div class=\"wpb_wrapper\"><h2 class=\"text-extra-large margin-25px-bottom display-inline-block alt-font text-capitalize heading-style3  heading-1\" >Estands que s\u00f3n difer\u00e8ncia<\/h2><div class=\"p-blog-fluido last-paragraph-no-margin\"><p>Espais ef\u00edmers que ofereixen un record permanent als visitants. Claus en m\u00e0, des de la idea inicial fins a la construcci\u00f3 final, a FlandeCoco coordinem, organitzem i executem la pres\u00e8ncia f\u00edsica de la teva empresa a Fira. Sense sobresalts ni preocupacions.<\/p>\n<p><a style=\"color: #068fcf;\" href=\"\/ca\/portafoli\/\" target=\"_blank\" rel=\"noopener\">En-feria <\/a><\/p>\n<\/div><h2 class=\"text-extra-large margin-25px-bottom display-inline-block alt-font text-capitalize heading-style3  heading-2\" >La comunicaci\u00f3 a 360\u00ba<\/h2><div class=\"p-blog-fluido last-paragraph-no-margin\"><p>Un sol interlocutor per a tot all\u00f2 que pots necessitar en una cita d&#8217;aquestes caracter\u00edstiques. Un servei 360\u00ba d&#8217;enorme efici\u00e8ncia i avantatges per a marques i corporacions que necessiten \u00fanicament centrar les seves energies al SIL.<\/p>\n<\/div><h2 class=\"text-extra-large margin-25px-bottom display-inline-block alt-font text-capitalize heading-style3  heading-3\" >El teu expertis sectorial<\/h2><div class=\"p-blog-fluido last-paragraph-no-margin\"><p>Coneixement expertis de l&#8217;Univers Log\u00edstic, empreses en tota l&#8217;escala de compet\u00e8ncies, pres\u00e8ncia en edicions precedents, etc. Una traject\u00f2ria i experi\u00e8ncia FlandeCoco al Sal\u00f3 Internacional de la Log\u00edstica que ens converteixen en un company premium de viatge.<\/p>\n<p><a style=\"color: #068fcf;\" href=\"https:\/\/flandecoco.net\/ca\/blog-ca\/els-quatre-pilars-basics-duna-agencia-de-publicitat-especialitzada-en-el-sector-logistic\/\" target=\"_blank\" rel=\"noopener\">Especialistes en el sector log\u00edstic<\/a><\/p>\n<\/div><h2 class=\"text-extra-large margin-25px-bottom display-inline-block alt-font text-capitalize heading-style3  heading-4\" >Casos d'\u00e8xit transversals<\/h2><div class=\"p-blog-fluido last-paragraph-no-margin\"><p>Impuls a nivell nacional de grups multinacionals, campanyes per a institucions oficials del Transport i la Mobilitat, M\u00e0rqueting i Comunicaci\u00f3 de cl\u00fasters &#8230; casos d&#8217;\u00e8xit que ens permeten traslladar estrat\u00e8gies d&#8217;altres sectors a la singularitat de la Log\u00edstica.<\/p>\n<\/div><h2 class=\"text-extra-large margin-25px-bottom display-inline-block alt-font text-capitalize heading-style3  heading-5\" >Abans, durant i despr\u00e9s<\/h2><div class=\"p-blog-fluido last-paragraph-no-margin\"><p>M\u00e9s enll\u00e0 del punt d&#8217;inflexi\u00f3 de la pres\u00e8ncia firal, els diferents departaments de l&#8217;ag\u00e8ncia tracen un cercle d&#8217;excel\u00b7l\u00e8ncia a les accions de l&#8217;abans i el despr\u00e9s. Disseny, RR.SS, SEO i SEM i impressi\u00f3 s\u00f3n pilars b\u00e0sics per convertir un relaci\u00f3 comercial a duradora.<\/p>\n<p>Valors diferencials de FlandeCoco que poden ajudar a la teva empresa a marcar la difer\u00e8ncia al SIL. Contacta amb nosaltres i \u00a1coneix-nos!<\/p>\n<\/div><div class=\"p-blog-fluido last-paragraph-no-margin\"><p><a style=\"color: #068fcf;\" href=\"ca\/contacte\/\" target=\"_blank\" rel=\"noopener\">Contacta&#8217;ns <\/a><\/p>\n<\/div><div class=\"separator-line-horrizontal-full bg-extra-light-gray center-col pofo-separator  vc_custom_1507723650128\" style=\"background-color:#ededed; min-height: 1px; width: 100%;\"><\/div><\/div><\/div><\/div><\/section>\n<\/div>","protected":false},"excerpt":{"rendered":"Barcelona donar\u00e0 la benvinguda a l'estiu com a capital europea de la log\u00edstica. Els dies 26, 27 i 28 de juny es celebrar\u00e0 la 21a edici\u00f3 de SIL BARCELONA, la fira l\u00edder de la Log\u00edstica, el Transport, la Intralog\u00edstica i el Supply Chain del Sud d'Europa, que ha de reunir als l\u00edders del sector al Recinte Firal Montju\u00efc- pla\u00e7a Espanya. Una previsi\u00f3 de m\u00e9s de 650 empreses presents, 250 actes i 220 speakers en un esdeveniment que sumar\u00e0 sinergies amb eDelivery Barcelona Expo &amp; Congress, el XXXVI Congr\u00e9s ALACAT, el Congr\u00e9s Internacional d'Operadors Econ\u00f2mics Autoritzats (OEA) i el Congr\u00e9s Mundial de Zones Franques . Generaci\u00f3 de contactes, identificaci\u00f3 d'oportunitats de mercat, networking, impuls a la internacionalitzaci\u00f3 ... una oportunitat \u00fanica per a tots els actors protagonistes del sector, un imprescindible per a la teva empresa en qu\u00e8 els nostres valors i fortaleses et poden ser de molt\u00edssima ajuda. A l'ag\u00e8ncia de publicitat FlandeCoco unim en cercle la suma de fortaleses personals (creatius, dissenyadors gr\u00e0fics, programadors, especialistes en SEO i SEM, redactors i CM s) amb la definici\u00f3 d'objectius de l'staff de M\u00e0rqueting. Un maridatge de talents que ofereix un pool de beneficis per a les empreses del sector log\u00edstic. [vc_single_image...","protected":false},"author":1,"featured_media":0,"comment_status":"closed","ping_status":"closed","sticky":false,"template":"","format":"standard","meta":{"footnotes":""},"categories":[136],"tags":[],"class_list":["post-24752","post","type-post","status-publish","format-standard","hentry","category-blog-ca"],"_links":{"self":[{"href":"https:\/\/flandecoco.net\/ca\/wp-json\/wp\/v2\/posts\/24752","targetHints":{"allow":["GET"]}}],"collection":[{"href":"https:\/\/flandecoco.net\/ca\/wp-json\/wp\/v2\/posts"}],"about":[{"href":"https:\/\/flandecoco.net\/ca\/wp-json\/wp\/v2\/types\/post"}],"author":[{"embeddable":true,"href":"https:\/\/flandecoco.net\/ca\/wp-json\/wp\/v2\/users\/1"}],"replies":[{"embeddable":true,"href":"https:\/\/flandecoco.net\/ca\/wp-json\/wp\/v2\/comments?post=24752"}],"version-history":[{"count":4,"href":"https:\/\/flandecoco.net\/ca\/wp-json\/wp\/v2\/posts\/24752\/revisions"}],"predecessor-version":[{"id":24756,"href":"https:\/\/flandecoco.net\/ca\/wp-json\/wp\/v2\/posts\/24752\/revisions\/24756"}],"wp:attachment":[{"href":"https:\/\/flandecoco.net\/ca\/wp-json\/wp\/v2\/media?parent=24752"}],"wp:term":[{"taxonomy":"category","embeddable":true,"href":"https:\/\/flandecoco.net\/ca\/wp-json\/wp\/v2\/categories?post=24752"},{"taxonomy":"post_tag","embeddable":true,"href":"https:\/\/flandecoco.net\/ca\/wp-json\/wp\/v2\/tags?post=24752"}],"curies":[{"name":"wp","href":"https:\/\/api.w.org\/{rel}","templated":true}]}}