{"id":23759,"date":"2018-11-17T09:57:32","date_gmt":"2018-11-17T09:57:32","guid":{"rendered":"http:\/\/flandecoco.net\/?p=23759"},"modified":"2019-02-06T10:02:16","modified_gmt":"2019-02-06T10:02:16","slug":"xarxes-soacials-la-mida-si-importa","status":"publish","type":"post","link":"https:\/\/flandecoco.net\/ca\/blog-ca\/xarxes-soacials-la-mida-si-importa","title":{"rendered":"Xarxes Soacials: la mida s\u00ed importa"},"content":{"rendered":"<div class=\"wpb-content-wrapper\"><section class=\"vc_row wpb_row vc_row-fluid  vc_custom_1507696989698\"><div class=\"wpb_column vc_column_container  col-xs-mobile-fullwidth\"><div class=\"vc_column-inner \"><div class=\"wpb_wrapper\"><div class=\"blockquote-style-1\"><blockquote class=\"border-color-deep-pink\" style=\"border-color: #3f63a9;\"><div class=\"last-paragraph-no-margin blockquote-content\"><p><span class=\"notranslate\">En l&#8217;elecci\u00f3 d&#8217;un habitatge, en les racions dels restaurants d&#8217;alta cuina, en les relacions sexuals&#8230; la mida est\u00e0 al centre del debat en uns quants \u00e0mbits de la vida.<\/span>\u00a0<span class=\"notranslate\">A les xarxes socials no admet discussi\u00f3: la mida s\u00ed que importa.<\/span><\/p>\n<\/div><\/blockquote><\/div><\/div><\/div><\/div><\/section><section class=\"vc_row wpb_row vc_row-fluid row-blog-interior\"><div class=\"wpb_column vc_column_container vc_col-sm-12  col-xs-mobile-fullwidth\"><div class=\"vc_column-inner \"><div class=\"wpb_wrapper\"><div class=\"p-blog-fluido last-paragraph-no-margin\"><p><span class=\"notranslate\">Imatges de portada guillotinades per la Santa Inquisici\u00f3 de les dimensions de Facebook o Twitter, fotos de perfil pixelades de tal manera que ni uns fars antiboira permeten distingir el nom la marca i miniatures d&#8217;enlla\u00e7 web amb frases i\u00a0claims\u00a0incomplets s\u00f3n alguns dels cl\u00e0ssics que ens trobem en el dia a dia de les p\u00e0gines de xarxes socials.<\/span><\/p>\n<\/div>[vc_single_image image=&#8221;20887&#8243; img_size=&#8221;full&#8221; alignment=&#8221;center&#8221;]<\/div><\/div><\/div><\/section><section class=\"vc_row wpb_row vc_row-fluid row-blog-interior  vc_row-o-content-middle vc_row-flex\"><div class=\"wpb_column vc_column_container vc_col-sm-12  col-xs-mobile-fullwidth\"><div class=\"vc_column-inner \"><div class=\"wpb_wrapper\"><span class=\"text-extra-large margin-25px-bottom display-inline-block alt-font text-capitalize heading-style3  heading-1\" >Xarxes Socials a mida<\/span><div class=\"p-blog-fluido last-paragraph-no-margin\"><p><span class=\"notranslate\">Evitar-en als teus canals d&#8217;empresa \u00e9s molt f\u00e0cil, amb un m\u00ednim d&#8217;inter\u00e8s i informaci\u00f3.<\/span>\u00a0<span class=\"notranslate\">Inter\u00e8s en descarregar qualsevol dels programes gratu\u00efts d&#8217;edici\u00f3 fotogr\u00e0fica que pots trobar a Internet (PhotoScape \u00e9s d&#8217;\u00fas molt intu\u00eftiu i senzill, si no tens ganes de complicar-te) i informaci\u00f3 d&#8217;algunes de les dimensions b\u00e0siques 2018 en xarxes socials.<\/span>\u00a0<span class=\"notranslate\">A continuaci\u00f3, et relacionem com es mostren les imatges m\u00e9s usuals:<\/span><\/p>\n<\/div><span class=\"text-extra-large margin-25px-bottom display-inline-block alt-font text-capitalize heading-style3  heading-2\" >Facebook<\/span><div class=\"p-blog-fluido last-paragraph-no-margin\"><p><span class=\"notranslate\">Foto de portada: 851&#215;315 p\u00edxels<\/span><\/p>\n<p><span class=\"notranslate\">Foto de perfil: 160&#215;160 p\u00edxels<\/span><\/p>\n<p><span class=\"notranslate\">Foto d&#8217;enlla\u00e7 a la Web: 1200&#215;627 p\u00edxels<\/span><\/p>\n<p><span class=\"notranslate\">Foto destacada: 1200&#215;717 i 1200&#215;1200 p\u00edxels<\/span><\/p>\n<\/div><span class=\"text-extra-large margin-25px-bottom display-inline-block alt-font text-capitalize heading-style3  heading-3\" >Twitter<\/span><div class=\"p-blog-fluido last-paragraph-no-margin\"><p><span class=\"notranslate\">Foto de portada: 1500&#215;500 p\u00edxels<\/span><\/p>\n<p><span class=\"notranslate\">Foto de perfil: 400&#215;400 p\u00edxels<\/span><\/p>\n<p><span class=\"notranslate\">Tweet amb foto: 1024&#215;512 p\u00edxels<\/span><\/p>\n<p><span class=\"notranslate\">Piulada al enlla\u00e7: 520&#215;254 p\u00edxels<\/span><\/p>\n<\/div><span class=\"text-extra-large margin-25px-bottom display-inline-block alt-font text-capitalize heading-style3  heading-4\" >Google +<\/span><div class=\"p-blog-fluido last-paragraph-no-margin\"><p><span class=\"notranslate\">Foto de portada: 968&#215;545 p\u00edxels (recomanat)<\/span><\/p>\n<p><span class=\"notranslate\">Foto de perfil: 250&#215;250 p\u00edxels<\/span><\/p>\n<p><span class=\"notranslate\">Post d&#8217;imatge: 502&#215;282 p\u00edxels<\/span><\/p>\n<p><span class=\"notranslate\">Post a enlla\u00e7: 502&#215;250 p\u00edxels<\/span><\/p>\n<\/div><span class=\"text-extra-large margin-25px-bottom display-inline-block alt-font text-capitalize heading-style3  heading-5\" >LInkedIn<\/span><div class=\"p-blog-fluido last-paragraph-no-margin\"><p><span class=\"notranslate\">Foto de portada: 1536&#215;768 p\u00edxels<\/span><\/p>\n<p><span class=\"notranslate\">Foto logo: 300&#215;300 p\u00edxels<\/span><\/p>\n<p><span class=\"notranslate\">Post amb i sense enlla\u00e7: 940&#215;490 p\u00edxels<\/span><\/p>\n<\/div><span class=\"text-extra-large margin-25px-bottom display-inline-block alt-font text-capitalize heading-style3  heading-6\" >Instagram<\/span><div class=\"p-blog-fluido last-paragraph-no-margin\"><p><span class=\"notranslate\">Foto Instagram: 1080&#215;1080 p\u00edxels<\/span><\/p>\n<p><span class=\"notranslate\">Foto de perfil: 110&#215;110 p\u00edxels<\/span><\/p>\n<\/div><div class=\"p-blog-fluido last-paragraph-no-margin\"><p><span class=\"notranslate\">Les mides que t&#8217;hem relacionat s\u00f3n els recomanats per les pr\u00f2pies xarxes socials i seguir-los et permetr\u00e0 oferir un impacte visual d&#8217;excel\u00b7l\u00e8ncia de l&#8217;empresa, marca o comer\u00e7 que administres.<\/span>\u00a0<span class=\"notranslate\">Sense talls, distorsions ni debats: la mida s\u00ed que importa en xarxes socials.<\/span><\/p>\n<\/div><div class=\"separator-line-horrizontal-full bg-extra-light-gray center-col pofo-separator  vc_custom_1507723650128\" style=\"background-color:#ededed; min-height: 1px; width: 100%;\"><\/div><\/div><\/div><\/div><\/section>\n<\/div>","protected":false},"excerpt":{"rendered":"En l'elecci\u00f3 d'un habitatge, en les racions dels restaurants d'alta cuina, en les relacions sexuals... la mida est\u00e0 al centre del debat en uns quants \u00e0mbits de la vida.\u00a0A les xarxes socials no admet discussi\u00f3: la mida s\u00ed que importa. Imatges de portada guillotinades per la Santa Inquisici\u00f3 de les dimensions de Facebook o Twitter, fotos de perfil pixelades de tal manera que ni uns fars antiboira permeten distingir el nom la marca i miniatures d'enlla\u00e7 web amb frases i\u00a0claims\u00a0incomplets s\u00f3n alguns dels cl\u00e0ssics que ens trobem en el dia a dia de les p\u00e0gines de xarxes socials. [vc_single_image image=\"20887\" img_size=\"full\" alignment=\"center\"]Xarxes Socials a midaEvitar-en als teus canals d'empresa \u00e9s molt f\u00e0cil, amb un m\u00ednim d'inter\u00e8s i informaci\u00f3.\u00a0Inter\u00e8s en descarregar qualsevol dels programes gratu\u00efts d'edici\u00f3 fotogr\u00e0fica que pots trobar a Internet (PhotoScape \u00e9s d'\u00fas molt intu\u00eftiu i senzill, si no tens ganes de complicar-te) i informaci\u00f3 d'algunes de les dimensions b\u00e0siques 2018 en xarxes socials.\u00a0A continuaci\u00f3, et relacionem com es mostren les imatges m\u00e9s usuals: FacebookFoto de portada: 851x315 p\u00edxels Foto de perfil: 160x160 p\u00edxels Foto d'enlla\u00e7 a la Web: 1200x627 p\u00edxels Foto destacada: 1200x717 i 1200x1200 p\u00edxels TwitterFoto de portada: 1500x500 p\u00edxels Foto de perfil: 400x400 p\u00edxels Tweet amb...","protected":false},"author":1,"featured_media":0,"comment_status":"open","ping_status":"open","sticky":false,"template":"","format":"standard","meta":{"footnotes":""},"categories":[136],"tags":[],"class_list":["post-23759","post","type-post","status-publish","format-standard","hentry","category-blog-ca"],"_links":{"self":[{"href":"https:\/\/flandecoco.net\/ca\/wp-json\/wp\/v2\/posts\/23759","targetHints":{"allow":["GET"]}}],"collection":[{"href":"https:\/\/flandecoco.net\/ca\/wp-json\/wp\/v2\/posts"}],"about":[{"href":"https:\/\/flandecoco.net\/ca\/wp-json\/wp\/v2\/types\/post"}],"author":[{"embeddable":true,"href":"https:\/\/flandecoco.net\/ca\/wp-json\/wp\/v2\/users\/1"}],"replies":[{"embeddable":true,"href":"https:\/\/flandecoco.net\/ca\/wp-json\/wp\/v2\/comments?post=23759"}],"version-history":[{"count":2,"href":"https:\/\/flandecoco.net\/ca\/wp-json\/wp\/v2\/posts\/23759\/revisions"}],"predecessor-version":[{"id":23761,"href":"https:\/\/flandecoco.net\/ca\/wp-json\/wp\/v2\/posts\/23759\/revisions\/23761"}],"wp:attachment":[{"href":"https:\/\/flandecoco.net\/ca\/wp-json\/wp\/v2\/media?parent=23759"}],"wp:term":[{"taxonomy":"category","embeddable":true,"href":"https:\/\/flandecoco.net\/ca\/wp-json\/wp\/v2\/categories?post=23759"},{"taxonomy":"post_tag","embeddable":true,"href":"https:\/\/flandecoco.net\/ca\/wp-json\/wp\/v2\/tags?post=23759"}],"curies":[{"name":"wp","href":"https:\/\/api.w.org\/{rel}","templated":true}]}}