{"id":23735,"date":"2018-08-14T08:56:54","date_gmt":"2018-08-14T08:56:54","guid":{"rendered":"http:\/\/flandecoco.net\/?p=23735"},"modified":"2019-02-06T09:00:02","modified_gmt":"2019-02-06T09:00:02","slug":"un-tren-doportunitats","status":"publish","type":"post","link":"https:\/\/flandecoco.net\/ca\/noticies\/un-tren-doportunitats","title":{"rendered":"Un tren d&#8217;oportunitats"},"content":{"rendered":"<div class=\"wpb-content-wrapper\"><section class=\"vc_row wpb_row vc_row-fluid\"><div class=\"wpb_column vc_column_container  col-xs-mobile-fullwidth\"><div class=\"vc_column-inner \"><div class=\"wpb_wrapper\"><div class=\"blockquote-style-1\"><blockquote class=\"border-color-deep-pink\" style=\"border-color: #3f63a9;\"><div class=\"last-paragraph-no-margin blockquote-content\"><p>Un macro estand com paraig\u00fces com\u00fa per a tots els associats del cl\u00faster presents a la Fira, la posada en escena de les Jornades RailDays sobre competitivitat de la ind\u00fastria tren espanyola a nivell internacional i la presentaci\u00f3 d&#8217;un nou lloc web.<\/p>\n<\/div><\/blockquote><\/div><div class=\"last-paragraph-no-margin\"><p>El paper protagonista del cl\u00faster Railgrup al BcnRail 2013 va suposar la coincid\u00e8ncia en temps i espai d&#8217;una s\u00e8rie de reptes de construccions ef\u00edmeres, organitzaci\u00f3, comunicaci\u00f3 i disseny web encomanats a l&#8217;ag\u00e8ncia de publicitat FlandeCoco.<\/p>\n<p>Setmanes i setmanes de sumar treball per a uns reptes, coincidents en el temps i espai d&#8217;una Fira, que vam aconseguir realitzar amb \u00e8xit.<\/p>\n<p>Un BcnRail&#8217;13 de sumar i sumar amb Railgrup.<\/p>\n<\/div><\/div><\/div><\/div><\/section>\n<\/div>","protected":false},"excerpt":{"rendered":"Un macro estand com paraig\u00fces com\u00fa per a tots els associats del cl\u00faster presents a la Fira, la posada en escena de les Jornades RailDays sobre competitivitat de la ind\u00fastria tren espanyola a nivell internacional i la presentaci\u00f3 d'un nou lloc web. El paper protagonista del cl\u00faster Railgrup al BcnRail 2013 va suposar la coincid\u00e8ncia en temps i espai d'una s\u00e8rie de reptes de construccions ef\u00edmeres, organitzaci\u00f3, comunicaci\u00f3 i disseny web encomanats a l'ag\u00e8ncia de publicitat FlandeCoco. Setmanes i setmanes de sumar treball per a uns reptes, coincidents en el temps i espai d'una Fira, que vam aconseguir realitzar amb \u00e8xit. Un BcnRail'13 de sumar i sumar amb Railgrup.","protected":false},"author":1,"featured_media":23167,"comment_status":"closed","ping_status":"closed","sticky":false,"template":"","format":"standard","meta":{"footnotes":""},"categories":[137],"tags":[],"class_list":["post-23735","post","type-post","status-publish","format-standard","has-post-thumbnail","hentry","category-noticies"],"_links":{"self":[{"href":"https:\/\/flandecoco.net\/ca\/wp-json\/wp\/v2\/posts\/23735","targetHints":{"allow":["GET"]}}],"collection":[{"href":"https:\/\/flandecoco.net\/ca\/wp-json\/wp\/v2\/posts"}],"about":[{"href":"https:\/\/flandecoco.net\/ca\/wp-json\/wp\/v2\/types\/post"}],"author":[{"embeddable":true,"href":"https:\/\/flandecoco.net\/ca\/wp-json\/wp\/v2\/users\/1"}],"replies":[{"embeddable":true,"href":"https:\/\/flandecoco.net\/ca\/wp-json\/wp\/v2\/comments?post=23735"}],"version-history":[{"count":2,"href":"https:\/\/flandecoco.net\/ca\/wp-json\/wp\/v2\/posts\/23735\/revisions"}],"predecessor-version":[{"id":23737,"href":"https:\/\/flandecoco.net\/ca\/wp-json\/wp\/v2\/posts\/23735\/revisions\/23737"}],"wp:featuredmedia":[{"embeddable":true,"href":"https:\/\/flandecoco.net\/ca\/wp-json\/wp\/v2\/media\/23167"}],"wp:attachment":[{"href":"https:\/\/flandecoco.net\/ca\/wp-json\/wp\/v2\/media?parent=23735"}],"wp:term":[{"taxonomy":"category","embeddable":true,"href":"https:\/\/flandecoco.net\/ca\/wp-json\/wp\/v2\/categories?post=23735"},{"taxonomy":"post_tag","embeddable":true,"href":"https:\/\/flandecoco.net\/ca\/wp-json\/wp\/v2\/tags?post=23735"}],"curies":[{"name":"wp","href":"https:\/\/api.w.org\/{rel}","templated":true}]}}