{"id":23660,"date":"2018-08-24T17:36:39","date_gmt":"2018-08-24T17:36:39","guid":{"rendered":"http:\/\/flandecoco.net\/?p=23660"},"modified":"2019-02-04T17:39:11","modified_gmt":"2019-02-04T17:39:11","slug":"l7-la-formula-mes-rapida","status":"publish","type":"post","link":"https:\/\/flandecoco.net\/ca\/noticies\/l7-la-formula-mes-rapida","title":{"rendered":"L7, la f\u00f3rmula m\u00e9s r\u00e0pida"},"content":{"rendered":"<div class=\"wpb-content-wrapper\"><section class=\"vc_row wpb_row vc_row-fluid\"><div class=\"wpb_column vc_column_container  col-xs-mobile-fullwidth\"><div class=\"vc_column-inner \"><div class=\"wpb_wrapper\"><div class=\"blockquote-style-1\"><blockquote class=\"border-color-deep-pink\" style=\"border-color: #3f63a9;\"><div class=\"last-paragraph-no-margin blockquote-content\"><p>El conseller de Territori i Sostenibilitat, Santi Vila, i el president de <strong>Ferrocarrils de la Generalitat (FGC)<\/strong>, Enric Tic\u00f3, van presidir el passat 20 de desembre el bateig dels nous trens de la s\u00e8rie 114 i presentar la campanya &#8216;<em>L\u00ednia\u00a0L7, la f\u00f3rmula m\u00e9s r\u00e0pida<\/em>&#8216;, que incideix en la comoditat i rapidesa d&#8217;aquest cl\u00e0ssic del transport interurb\u00e0 de Barcelona.<\/p>\n<\/div><\/blockquote><\/div><div class=\"last-paragraph-no-margin\"><p>Una campanya ideada i dissenyada per <strong>FlandeCoco<\/strong> que, des del joc visual amb la reconeguda equaci\u00f3 de la velocitat, comunica de manera fresca, directa i entenidora l&#8217;agilitat d&#8217;una L7 que en nom\u00e9s 9 minuts\u00a0connecta l&#8217;avinguda del Tibidabo amb la Pla\u00e7a de Catalunya.<\/p>\n<p>La l\u00ednia L7, amb parades a les estacions d&#8217;Avinguda del Tibidabo, El Putxet, P\u00e0dua, Pla\u00e7a Molina, Gr\u00e0cia, Proven\u00e7a i Pla\u00e7a Catalunya, celebra amb nous trens i nova campanya els 61 anys de servei des de que va ser oberta al p\u00fablic un 1 de gener de 1954.<\/p>\n<p>Un mitj\u00e0 de transport que facilita l&#8217;arribada a llars, llocs de treball, centres escolars, espais d&#8217;oci i zones de comer\u00e7 tradicional des de la comoditat d&#8217;un vist i no vist de no m\u00e9s de 9 minuts. Des de la f\u00f3rmula m\u00e9s r\u00e0pida de la L7.<\/p>\n<\/div><\/div><\/div><\/div><\/section>\n<\/div>","protected":false},"excerpt":{"rendered":"El conseller de Territori i Sostenibilitat, Santi Vila, i el president de Ferrocarrils de la Generalitat (FGC), Enric Tic\u00f3, van presidir el passat 20 de desembre el bateig dels nous trens de la s\u00e8rie 114 i presentar la campanya 'L\u00ednia\u00a0L7, la f\u00f3rmula m\u00e9s r\u00e0pida', que incideix en la comoditat i rapidesa d'aquest cl\u00e0ssic del transport interurb\u00e0 de Barcelona. Una campanya ideada i dissenyada per FlandeCoco que, des del joc visual amb la reconeguda equaci\u00f3 de la velocitat, comunica de manera fresca, directa i entenidora l'agilitat d'una L7 que en nom\u00e9s 9 minuts\u00a0connecta l'avinguda del Tibidabo amb la Pla\u00e7a de Catalunya. La l\u00ednia L7, amb parades a les estacions d'Avinguda del Tibidabo, El Putxet, P\u00e0dua, Pla\u00e7a Molina, Gr\u00e0cia, Proven\u00e7a i Pla\u00e7a Catalunya, celebra amb nous trens i nova campanya els 61 anys de servei des de que va ser oberta al p\u00fablic un 1 de gener de 1954. Un mitj\u00e0 de transport que facilita l'arribada a llars, llocs de treball, centres escolars, espais d'oci i zones de comer\u00e7 tradicional des de la comoditat d'un vist i no vist de no m\u00e9s de 9 minuts. Des de la f\u00f3rmula m\u00e9s r\u00e0pida de la L7.","protected":false},"author":1,"featured_media":23152,"comment_status":"closed","ping_status":"closed","sticky":false,"template":"","format":"standard","meta":{"footnotes":""},"categories":[137],"tags":[],"class_list":["post-23660","post","type-post","status-publish","format-standard","has-post-thumbnail","hentry","category-noticies"],"_links":{"self":[{"href":"https:\/\/flandecoco.net\/ca\/wp-json\/wp\/v2\/posts\/23660","targetHints":{"allow":["GET"]}}],"collection":[{"href":"https:\/\/flandecoco.net\/ca\/wp-json\/wp\/v2\/posts"}],"about":[{"href":"https:\/\/flandecoco.net\/ca\/wp-json\/wp\/v2\/types\/post"}],"author":[{"embeddable":true,"href":"https:\/\/flandecoco.net\/ca\/wp-json\/wp\/v2\/users\/1"}],"replies":[{"embeddable":true,"href":"https:\/\/flandecoco.net\/ca\/wp-json\/wp\/v2\/comments?post=23660"}],"version-history":[{"count":2,"href":"https:\/\/flandecoco.net\/ca\/wp-json\/wp\/v2\/posts\/23660\/revisions"}],"predecessor-version":[{"id":23662,"href":"https:\/\/flandecoco.net\/ca\/wp-json\/wp\/v2\/posts\/23660\/revisions\/23662"}],"wp:featuredmedia":[{"embeddable":true,"href":"https:\/\/flandecoco.net\/ca\/wp-json\/wp\/v2\/media\/23152"}],"wp:attachment":[{"href":"https:\/\/flandecoco.net\/ca\/wp-json\/wp\/v2\/media?parent=23660"}],"wp:term":[{"taxonomy":"category","embeddable":true,"href":"https:\/\/flandecoco.net\/ca\/wp-json\/wp\/v2\/categories?post=23660"},{"taxonomy":"post_tag","embeddable":true,"href":"https:\/\/flandecoco.net\/ca\/wp-json\/wp\/v2\/tags?post=23660"}],"curies":[{"name":"wp","href":"https:\/\/api.w.org\/{rel}","templated":true}]}}