{"id":23657,"date":"2018-08-25T17:34:01","date_gmt":"2018-08-25T17:34:01","guid":{"rendered":"http:\/\/flandecoco.net\/?p=23657"},"modified":"2019-02-04T17:35:09","modified_gmt":"2019-02-04T17:35:09","slug":"buff","status":"publish","type":"post","link":"https:\/\/flandecoco.net\/ca\/noticies\/buff","title":{"rendered":"Buff!"},"content":{"rendered":"<div class=\"wpb-content-wrapper\"><section class=\"vc_row wpb_row vc_row-fluid\"><div class=\"wpb_column vc_column_container  col-xs-mobile-fullwidth\"><div class=\"vc_column-inner \"><div class=\"wpb_wrapper\"><div class=\"blockquote-style-1\"><blockquote class=\"border-color-deep-pink\" style=\"border-color: #3f63a9;\"><div class=\"last-paragraph-no-margin blockquote-content\"><p><span id=\"result_box\" lang=\"ca\"><span class=\"hps\">Al mes<\/span> <span class=\"hps\">de desembre<\/span>\u00a0li donem\u00a0<span class=\"hps\">la<\/span> <span class=\"hps\">benvinguda<\/span> <span class=\"hps\">consultant<\/span> <span class=\"hps\">com<\/span> <span class=\"hps\">cauen<\/span> <span class=\"hps\">les<\/span> <span class=\"hps\">festes al<\/span> <span class=\"hps\">calendari<\/span>, <span class=\"hps alt-edited\">capbussant<\/span>-nos <span class=\"hps\">al fons del<\/span> <span class=\"hps\">mar dels<\/span> <span class=\"hps\">armaris<\/span> <span class=\"hps\">per recuperar<\/span> <span class=\"hps\">el tresor de<\/span> <span class=\"hps\">les<\/span> <span class=\"hps\">bufandes<\/span> <span class=\"hps\">i<\/span> <span class=\"hps\">deixant escapar<\/span> <span class=\"hps\">un esbufec<\/span> <span class=\"hps\">m\u00e9s aviat<\/span> <span class=\"hps\">llarg\u00a0<\/span><span class=\"hps atn\">(<\/span>buuuuuuuf!)\u00a0q<span class=\"hps\">uan<\/span> <span class=\"hps\">pensem en<\/span> <span class=\"hps\">els men\u00fas<\/span>\u00a0que faran del Nadal una versi\u00f3 cassolana de\u00a0&#8216;<em>Cr\u00f3nicas Carn\u00edvoras<\/em>&#8216;.<\/span><\/p>\n<\/div><\/blockquote><\/div><div class=\"last-paragraph-no-margin\"><p><span id=\"result_box\" lang=\"ca\">A <span class=\"hps\">FlandeCoco<\/span> <span class=\"hps\">el<\/span> <span class=\"hps\">simpatiqu\u00edssim<\/span> <span class=\"hps\">desembre \u00e9s<\/span> <span class=\"hps\">mes<\/span> <span class=\"hps\">d&#8217;hores<\/span> <span class=\"hps\">i<\/span> <span class=\"hps\">hores <\/span><span class=\"hps\">avan\u00e7ant\u00a0<\/span><span class=\"hps\">projectes<\/span>. <span class=\"hps\">De <strong>dissenyar<\/strong><\/span><strong> <span class=\"hps\">cat\u00e0legs<\/span><\/strong> <span class=\"hps\">la<\/span> <span class=\"hps\">mar de<\/span> <em><span class=\"hps\">txulos<\/span> <\/em><span class=\"hps\">per<\/span> <span class=\"hps atn\">l&#8217;Institut Catal\u00e0 d&#8217;<\/span>Especialitats <span class=\"hps\">M\u00e8diques<\/span>, <span class=\"hps\">de preparar<\/span> <span class=\"hps\">sorprenents<\/span> <strong><span class=\"hps\">regals<\/span> <\/strong><span class=\"hps\"><strong>promocionals <\/strong>per<\/span> <span class=\"hps\">NGK<\/span>, de deixar <span class=\"hps\">a la<\/span> <span class=\"hps\">l\u00ednia<\/span> <span class=\"hps\">de sortida<\/span> <strong><span class=\"hps\">campanyes<\/span><\/strong> <span class=\"hps\">per<\/span> <span class=\"hps\">Ferrocarrils<\/span> <span class=\"hps\">de la Generalitat<\/span> <span class=\"hps\">i d&#8217;estar<\/span> <span class=\"hps\">en ple<\/span> <span class=\"hps\">vertigen<\/span> <span class=\"hps\">de<\/span> <span class=\"hps\">les<\/span> <span class=\"hps\">d&#8217;Aire<\/span> <span class=\"hps\">Ba\u00f1os<\/span>\u00a0<span class=\"hps\">\u00c1rabes<\/span><span class=\"hps\">,<\/span> <span class=\"hps\">Rabasa o Icone Watches.<\/span><\/span><\/p>\n<p><span class=\"hps\">De seguir amb el<\/span> <span class=\"hps\">dia<\/span> <span class=\"hps\">a dia<\/span> <span class=\"hps\">de Monika<\/span> <span class=\"hps\">Rusch<\/span> <span class=\"hps\">i<\/span>\u00a0d&#8217;<span class=\"hps\">altres<\/span> <span class=\"hps\">dels comptes<\/span> <span class=\"hps\">als que<\/span> <span class=\"hps\">gestionem<\/span> <span class=\"hps\">el <strong>posicionament<\/strong><\/span> <span class=\"hps\"><strong>web<\/strong> o les <\/span><strong><span class=\"hps\">xarxes<\/span> <span class=\"hps\">socials<\/span><\/strong>. <span class=\"hps\">De<\/span> <span class=\"hps\">no<\/span>\u00a0<span class=\"hps\">parar-nos a<\/span> <span class=\"hps\">consultar com<\/span> <span class=\"hps\">cauen<\/span> <span class=\"hps\">les<\/span> <span class=\"hps\">festes al<\/span> <span class=\"hps\">calendari<\/span> <span class=\"hps\">ni a buscar<\/span> <span class=\"hps\">bufandes<\/span> <span class=\"hps\">que<\/span>, <span class=\"hps\">total<\/span>,\u00a0amb la calefacci\u00f3 a 1000 graus\u00a0<span class=\"hps\">ben<\/span> <span class=\"hps\">poca<\/span> <span class=\"hps\">falta que ens<\/span> <span class=\"hps\">fan.<\/span><\/p>\n<p><span class=\"hps\">En els<\/span> <span class=\"hps\">men\u00fas<\/span> <span class=\"hps\">estil<\/span>\u00a0&#8216;Cr\u00f3nicas Carn\u00edvoras&#8217;\u00a0que\u00a0ens tindran <em>comequetecome<\/em>\u00a0aquestes properes festes <span class=\"hps\">s\u00ed<\/span> <span class=\"hps\">que<\/span>\u00a0hi <span class=\"hps\">acabem pensant<\/span><span class=\"hps\">.<\/span> <span class=\"hps\">Despr\u00e9s<\/span> <span class=\"hps\">deixem escapar<\/span> <span class=\"hps\">un esbufec<\/span> <span class=\"hps\">m\u00e9s aviat<\/span> <span class=\"hps\">llarg<\/span>\u00a0<span class=\"hps\">que no t\u00e9 res<\/span> <span class=\"hps\">a veure amb<\/span> <span class=\"hps\">la sort de<\/span> <span class=\"hps\">tenir<\/span> <span class=\"hps\">tanta feina<\/span> <span class=\"hps\">i<\/span> <span class=\"hps\">molt amb la<\/span> <span class=\"hps\">de quilos<\/span> <span class=\"hps\">i<\/span> <span class=\"hps\">quilos<\/span> <span class=\"hps\">de menjar que<\/span>, <span class=\"hps\">en no res<\/span>, <span class=\"hps\">ens<\/span> <span class=\"hps\">cauran<\/span> <span class=\"hps\">al damunt. Buuuuuuuuuf!<\/span><\/p>\n<\/div><\/div><\/div><\/div><\/section>\n<\/div>","protected":false},"excerpt":{"rendered":"Al mes de desembre\u00a0li donem\u00a0la benvinguda consultant com cauen les festes al calendari, capbussant-nos al fons del mar dels armaris per recuperar el tresor de les bufandes i deixant escapar un esbufec m\u00e9s aviat llarg\u00a0(buuuuuuuf!)\u00a0quan pensem en els men\u00fas\u00a0que faran del Nadal una versi\u00f3 cassolana de\u00a0'Cr\u00f3nicas Carn\u00edvoras'. A FlandeCoco el simpatiqu\u00edssim desembre \u00e9s mes d'hores i hores avan\u00e7ant\u00a0projectes. De dissenyar cat\u00e0legs la mar de txulos per l'Institut Catal\u00e0 d'Especialitats M\u00e8diques, de preparar sorprenents regals promocionals per NGK, de deixar a la l\u00ednia de sortida campanyes per Ferrocarrils de la Generalitat i d'estar en ple vertigen de les d'Aire Ba\u00f1os\u00a0\u00c1rabes, Rabasa o Icone Watches. De seguir amb el dia a dia de Monika Rusch i\u00a0d'altres dels comptes als que gestionem el posicionament web o les xarxes socials. De no\u00a0parar-nos a consultar com cauen les festes al calendari ni a buscar bufandes que, total,\u00a0amb la calefacci\u00f3 a 1000 graus\u00a0ben poca falta que ens fan. En els men\u00fas estil\u00a0'Cr\u00f3nicas Carn\u00edvoras'\u00a0que\u00a0ens tindran comequetecome\u00a0aquestes properes festes s\u00ed que\u00a0hi acabem pensant. Despr\u00e9s deixem escapar un esbufec m\u00e9s aviat llarg\u00a0que no t\u00e9 res a veure amb la sort de tenir tanta feina i molt amb la de quilos i quilos de menjar que, en no res, ens...","protected":false},"author":1,"featured_media":23151,"comment_status":"open","ping_status":"open","sticky":false,"template":"","format":"standard","meta":{"footnotes":""},"categories":[137],"tags":[],"class_list":["post-23657","post","type-post","status-publish","format-standard","has-post-thumbnail","hentry","category-noticies"],"_links":{"self":[{"href":"https:\/\/flandecoco.net\/ca\/wp-json\/wp\/v2\/posts\/23657","targetHints":{"allow":["GET"]}}],"collection":[{"href":"https:\/\/flandecoco.net\/ca\/wp-json\/wp\/v2\/posts"}],"about":[{"href":"https:\/\/flandecoco.net\/ca\/wp-json\/wp\/v2\/types\/post"}],"author":[{"embeddable":true,"href":"https:\/\/flandecoco.net\/ca\/wp-json\/wp\/v2\/users\/1"}],"replies":[{"embeddable":true,"href":"https:\/\/flandecoco.net\/ca\/wp-json\/wp\/v2\/comments?post=23657"}],"version-history":[{"count":2,"href":"https:\/\/flandecoco.net\/ca\/wp-json\/wp\/v2\/posts\/23657\/revisions"}],"predecessor-version":[{"id":23659,"href":"https:\/\/flandecoco.net\/ca\/wp-json\/wp\/v2\/posts\/23657\/revisions\/23659"}],"wp:featuredmedia":[{"embeddable":true,"href":"https:\/\/flandecoco.net\/ca\/wp-json\/wp\/v2\/media\/23151"}],"wp:attachment":[{"href":"https:\/\/flandecoco.net\/ca\/wp-json\/wp\/v2\/media?parent=23657"}],"wp:term":[{"taxonomy":"category","embeddable":true,"href":"https:\/\/flandecoco.net\/ca\/wp-json\/wp\/v2\/categories?post=23657"},{"taxonomy":"post_tag","embeddable":true,"href":"https:\/\/flandecoco.net\/ca\/wp-json\/wp\/v2\/tags?post=23657"}],"curies":[{"name":"wp","href":"https:\/\/api.w.org\/{rel}","templated":true}]}}