{"id":23632,"date":"2018-09-03T15:51:17","date_gmt":"2018-09-03T15:51:17","guid":{"rendered":"http:\/\/flandecoco.net\/?p=23632"},"modified":"2019-02-04T15:56:42","modified_gmt":"2019-02-04T15:56:42","slug":"railgrup-times-la-calor-de-la-memoria","status":"publish","type":"post","link":"https:\/\/flandecoco.net\/ca\/noticies\/railgrup-times-la-calor-de-la-memoria","title":{"rendered":"Railgrup Times, la calor de la Mem\u00f2ria"},"content":{"rendered":"<div class=\"wpb-content-wrapper\"><section class=\"vc_row wpb_row vc_row-fluid\"><div class=\"wpb_column vc_column_container  col-xs-mobile-fullwidth\"><div class=\"vc_column-inner \"><div class=\"wpb_wrapper\"><div class=\"blockquote-style-1\"><blockquote class=\"border-color-deep-pink\" style=\"border-color: #3f63a9;\"><div class=\"last-paragraph-no-margin blockquote-content\"><p>El passat 22 de juny, a l&#8217;Espai Albert Vilalta de <strong>Ferrocarrils de la Generalitat de Catalunya (FGC)<\/strong>, el <strong>cl\u00faster Railgrup<\/strong> celebrar l&#8217;Assemblea General 2015 amb una alta participaci\u00f3 de representants de les seves empreses associades.<\/p>\n<\/div><\/blockquote><\/div><div class=\"last-paragraph-no-margin\"><p>A m\u00e9s de l&#8217;exposici\u00f3 i aprovaci\u00f3 dels comptes del 2014, del pressupost 2015 i de la signatura d&#8217;un acord de col\u00b7laboraci\u00f3 amb <strong>CIAC (Cl\u00faster de la Ind\u00fastria d&#8217;Automoci\u00f3 de Catalunya)<\/strong>, es va presentar per segon exercici consecutiu la Mem\u00f2ria Anual del cl\u00faster imitant el format d&#8217;un diari de 20 p\u00e0gines: el <strong>Railgrup Times<\/strong>.<\/p>\n<p>Un format ideat, creat i desenvolupat pels equips de <strong>disseny<\/strong>,<strong> comunicaci\u00f3 <\/strong>i<strong> m\u00e0rqueting<\/strong> de <strong>FlandeCoco<\/strong> amb la voluntat de donar un vern\u00eds de calor i vitalitat a les tradicionalment fredes i formals Mem\u00f2ries Anuals de les grans empreses.<\/p>\n<p>Un <strong>Railgrup Times<\/strong> que, per segon any consecutiu, va tornar a triomfar entre les empreses relacionades amb el sector tren associades al cl\u00faster<strong> Railgrup<\/strong>. Va tornar a posar color i calor a la Mem\u00f2ria d&#8217;un any. Calorosos \ud83d\ude09 que som a <strong>FlandeCoco<\/strong>.<\/p>\n<\/div><\/div><\/div><\/div><\/section>\n<\/div>","protected":false},"excerpt":{"rendered":"El passat 22 de juny, a l'Espai Albert Vilalta de Ferrocarrils de la Generalitat de Catalunya (FGC), el cl\u00faster Railgrup celebrar l'Assemblea General 2015 amb una alta participaci\u00f3 de representants de les seves empreses associades. A m\u00e9s de l'exposici\u00f3 i aprovaci\u00f3 dels comptes del 2014, del pressupost 2015 i de la signatura d'un acord de col\u00b7laboraci\u00f3 amb CIAC (Cl\u00faster de la Ind\u00fastria d'Automoci\u00f3 de Catalunya), es va presentar per segon exercici consecutiu la Mem\u00f2ria Anual del cl\u00faster imitant el format d'un diari de 20 p\u00e0gines: el Railgrup Times. Un format ideat, creat i desenvolupat pels equips de disseny, comunicaci\u00f3 i m\u00e0rqueting de FlandeCoco amb la voluntat de donar un vern\u00eds de calor i vitalitat a les tradicionalment fredes i formals Mem\u00f2ries Anuals de les grans empreses. Un Railgrup Times que, per segon any consecutiu, va tornar a triomfar entre les empreses relacionades amb el sector tren associades al cl\u00faster Railgrup. Va tornar a posar color i calor a la Mem\u00f2ria d'un any. Calorosos ;) que som a FlandeCoco.","protected":false},"author":1,"featured_media":23143,"comment_status":"open","ping_status":"open","sticky":false,"template":"","format":"standard","meta":{"footnotes":""},"categories":[137],"tags":[],"class_list":["post-23632","post","type-post","status-publish","format-standard","has-post-thumbnail","hentry","category-noticies"],"_links":{"self":[{"href":"https:\/\/flandecoco.net\/ca\/wp-json\/wp\/v2\/posts\/23632","targetHints":{"allow":["GET"]}}],"collection":[{"href":"https:\/\/flandecoco.net\/ca\/wp-json\/wp\/v2\/posts"}],"about":[{"href":"https:\/\/flandecoco.net\/ca\/wp-json\/wp\/v2\/types\/post"}],"author":[{"embeddable":true,"href":"https:\/\/flandecoco.net\/ca\/wp-json\/wp\/v2\/users\/1"}],"replies":[{"embeddable":true,"href":"https:\/\/flandecoco.net\/ca\/wp-json\/wp\/v2\/comments?post=23632"}],"version-history":[{"count":2,"href":"https:\/\/flandecoco.net\/ca\/wp-json\/wp\/v2\/posts\/23632\/revisions"}],"predecessor-version":[{"id":23634,"href":"https:\/\/flandecoco.net\/ca\/wp-json\/wp\/v2\/posts\/23632\/revisions\/23634"}],"wp:featuredmedia":[{"embeddable":true,"href":"https:\/\/flandecoco.net\/ca\/wp-json\/wp\/v2\/media\/23143"}],"wp:attachment":[{"href":"https:\/\/flandecoco.net\/ca\/wp-json\/wp\/v2\/media?parent=23632"}],"wp:term":[{"taxonomy":"category","embeddable":true,"href":"https:\/\/flandecoco.net\/ca\/wp-json\/wp\/v2\/categories?post=23632"},{"taxonomy":"post_tag","embeddable":true,"href":"https:\/\/flandecoco.net\/ca\/wp-json\/wp\/v2\/tags?post=23632"}],"curies":[{"name":"wp","href":"https:\/\/api.w.org\/{rel}","templated":true}]}}