{"id":23621,"date":"2018-09-07T15:26:11","date_gmt":"2018-09-07T15:26:11","guid":{"rendered":"http:\/\/flandecoco.net\/?p=23621"},"modified":"2019-02-04T15:46:06","modified_gmt":"2019-02-04T15:46:06","slug":"promaut-i-linternet-of-things","status":"publish","type":"post","link":"https:\/\/flandecoco.net\/ca\/noticies\/promaut-i-linternet-of-things","title":{"rendered":"Promaut i l&#8217;Internet of Things"},"content":{"rendered":"<div class=\"wpb-content-wrapper\"><section class=\"vc_row wpb_row vc_row-fluid\"><div class=\"wpb_column vc_column_container  col-xs-mobile-fullwidth\"><div class=\"vc_column-inner \"><div class=\"wpb_wrapper\"><div class=\"blockquote-style-1\"><blockquote class=\"border-color-deep-pink\" style=\"border-color: #3f63a9;\"><div class=\"last-paragraph-no-margin blockquote-content\"><p>El recinte Gran Via Fira ser\u00e0 l&#8217;escenari del 18 al de setembre de l&#8217;<strong>IOT Solution World Congress<\/strong>, el primer congr\u00e9s mundial que connectar\u00e0 l&#8217;IoT (L&#8217;Internet de les Coses) amb la ind\u00fastria.<\/p>\n<\/div><\/blockquote><\/div><div class=\"last-paragraph-no-margin\"><p>Experts internacionals i multinacionals portar\u00e0n les darreres innovacions i solucions que ofereix l&#8217;Internet of Things per permetre la interconnexi\u00f3 digital entre internet i objectes comuns o m\u00e0quines industrials.<\/p>\n<p>El <strong>Grupo Promaut<\/strong>, un conglomerat d&#8217;empreses clients de <strong>FlandeCoco<\/strong> que ofereixen solucions globals d&#8217;enginyeria d&#8217;automatitzaci\u00f3, fabricaci\u00f3 de l\u00ednies productives i d&#8217;assist\u00e8ncia t\u00e8cnica als sectors de l&#8217;Automoci\u00f3, Aeron\u00e0utic, Ferroviari i Petroqu\u00edmic, estar\u00e0 present a l&#8217;estand Catalonia, un espai promogut per la <strong>Generalitat de Catalunya<\/strong>.<\/p>\n<p>La <strong>cartelleria<\/strong> i <strong>art gr\u00e0fic <\/strong>que\u00a0<strong>Grupo Promaut<\/strong>\u00a0despla\u00e7ar\u00e0 a l&#8217;I<strong>OT<\/strong> ha estat realitzat per l&#8217;equip de <strong>disseny<\/strong> de <strong>FlandeCoco<\/strong>.<\/p>\n<\/div><\/div><\/div><\/div><\/section>\n<\/div>","protected":false},"excerpt":{"rendered":"El recinte Gran Via Fira ser\u00e0 l'escenari del 18 al de setembre de l'IOT Solution World Congress, el primer congr\u00e9s mundial que connectar\u00e0 l'IoT (L'Internet de les Coses) amb la ind\u00fastria. Experts internacionals i multinacionals portar\u00e0n les darreres innovacions i solucions que ofereix l'Internet of Things per permetre la interconnexi\u00f3 digital entre internet i objectes comuns o m\u00e0quines industrials. El Grupo Promaut, un conglomerat d'empreses clients de FlandeCoco que ofereixen solucions globals d'enginyeria d'automatitzaci\u00f3, fabricaci\u00f3 de l\u00ednies productives i d'assist\u00e8ncia t\u00e8cnica als sectors de l'Automoci\u00f3, Aeron\u00e0utic, Ferroviari i Petroqu\u00edmic, estar\u00e0 present a l'estand Catalonia, un espai promogut per la Generalitat de Catalunya. La cartelleria i art gr\u00e0fic que\u00a0Grupo Promaut\u00a0despla\u00e7ar\u00e0 a l'IOT ha estat realitzat per l'equip de disseny de FlandeCoco.","protected":false},"author":1,"featured_media":23139,"comment_status":"open","ping_status":"open","sticky":false,"template":"","format":"standard","meta":{"footnotes":""},"categories":[137],"tags":[],"class_list":["post-23621","post","type-post","status-publish","format-standard","has-post-thumbnail","hentry","category-noticies"],"_links":{"self":[{"href":"https:\/\/flandecoco.net\/ca\/wp-json\/wp\/v2\/posts\/23621","targetHints":{"allow":["GET"]}}],"collection":[{"href":"https:\/\/flandecoco.net\/ca\/wp-json\/wp\/v2\/posts"}],"about":[{"href":"https:\/\/flandecoco.net\/ca\/wp-json\/wp\/v2\/types\/post"}],"author":[{"embeddable":true,"href":"https:\/\/flandecoco.net\/ca\/wp-json\/wp\/v2\/users\/1"}],"replies":[{"embeddable":true,"href":"https:\/\/flandecoco.net\/ca\/wp-json\/wp\/v2\/comments?post=23621"}],"version-history":[{"count":2,"href":"https:\/\/flandecoco.net\/ca\/wp-json\/wp\/v2\/posts\/23621\/revisions"}],"predecessor-version":[{"id":23623,"href":"https:\/\/flandecoco.net\/ca\/wp-json\/wp\/v2\/posts\/23621\/revisions\/23623"}],"wp:featuredmedia":[{"embeddable":true,"href":"https:\/\/flandecoco.net\/ca\/wp-json\/wp\/v2\/media\/23139"}],"wp:attachment":[{"href":"https:\/\/flandecoco.net\/ca\/wp-json\/wp\/v2\/media?parent=23621"}],"wp:term":[{"taxonomy":"category","embeddable":true,"href":"https:\/\/flandecoco.net\/ca\/wp-json\/wp\/v2\/categories?post=23621"},{"taxonomy":"post_tag","embeddable":true,"href":"https:\/\/flandecoco.net\/ca\/wp-json\/wp\/v2\/tags?post=23621"}],"curies":[{"name":"wp","href":"https:\/\/api.w.org\/{rel}","templated":true}]}}