{"id":23610,"date":"2018-09-12T08:58:39","date_gmt":"2018-09-12T08:58:39","guid":{"rendered":"http:\/\/flandecoco.net\/?p=23610"},"modified":"2019-02-04T09:01:42","modified_gmt":"2019-02-04T09:01:42","slug":"batega-una-empresa-amb-cor","status":"publish","type":"post","link":"https:\/\/flandecoco.net\/ca\/noticies\/batega-una-empresa-amb-cor","title":{"rendered":"Batega, una empresa amb cor"},"content":{"rendered":"<div class=\"wpb-content-wrapper\"><section class=\"vc_row wpb_row vc_row-fluid\"><div class=\"wpb_column vc_column_container  col-xs-mobile-fullwidth\"><div class=\"vc_column-inner \"><div class=\"wpb_wrapper\"><div class=\"blockquote-style-1\"><blockquote class=\"border-color-deep-pink\" style=\"border-color: #3f63a9;\"><div class=\"last-paragraph-no-margin blockquote-content\"><p>Batega \u00e9s una empresa formada \u00edntegrament per professionals d&#8217;emerg\u00e8ncies m\u00e8diques que instal\u00b7la desfibril\u00b7ladors semiautom\u00e0tics a espais laborals o de forta aflu\u00e8ncia de persones i imparteix la formaci\u00f3 b\u00e0sica per al seu \u00fas. Un empresa que posa eines i coneixements per combatre els imprevistos del cor.<\/p>\n<\/div><\/blockquote><\/div><div class=\"last-paragraph-no-margin\"><p>Un dels clients amb m\u00e9s llarga traject\u00f2ria a FlandeCoco amb feines de d<strong>isseny<\/strong>,\u00a0<strong>creaci\u00f3, manteniment i posicionament\u00a0<\/strong>del lloc <strong>web<\/strong>, <strong>co-branding<\/strong>, <strong>imatge corporativa<\/strong>, <strong>cat\u00e0legs<\/strong> i tasques d&#8217;<strong>assessorament comercial<\/strong> i de <strong>m\u00e0rqueting<\/strong>.<\/p>\n<p>Una empresa pionera i l\u00edder en el seu sector que vetlla per la salut des de la doc\u00e8ncia i l&#8217;acci\u00f3 immediata davant l&#8217;inesperat cardioprotegint espais laborals i espais p\u00fablics. Una empresa amb molt de cor.<\/p>\n<\/div><\/div><\/div><\/div><\/section>\n<\/div>","protected":false},"excerpt":{"rendered":"Batega \u00e9s una empresa formada \u00edntegrament per professionals d'emerg\u00e8ncies m\u00e8diques que instal\u00b7la desfibril\u00b7ladors semiautom\u00e0tics a espais laborals o de forta aflu\u00e8ncia de persones i imparteix la formaci\u00f3 b\u00e0sica per al seu \u00fas. Un empresa que posa eines i coneixements per combatre els imprevistos del cor. Un dels clients amb m\u00e9s llarga traject\u00f2ria a FlandeCoco amb feines de disseny,\u00a0creaci\u00f3, manteniment i posicionament\u00a0del lloc web, co-branding, imatge corporativa, cat\u00e0legs i tasques d'assessorament comercial i de m\u00e0rqueting. Una empresa pionera i l\u00edder en el seu sector que vetlla per la salut des de la doc\u00e8ncia i l'acci\u00f3 immediata davant l'inesperat cardioprotegint espais laborals i espais p\u00fablics. Una empresa amb molt de cor.","protected":false},"author":1,"featured_media":23135,"comment_status":"open","ping_status":"open","sticky":false,"template":"","format":"standard","meta":{"footnotes":""},"categories":[137],"tags":[],"class_list":["post-23610","post","type-post","status-publish","format-standard","has-post-thumbnail","hentry","category-noticies"],"_links":{"self":[{"href":"https:\/\/flandecoco.net\/ca\/wp-json\/wp\/v2\/posts\/23610","targetHints":{"allow":["GET"]}}],"collection":[{"href":"https:\/\/flandecoco.net\/ca\/wp-json\/wp\/v2\/posts"}],"about":[{"href":"https:\/\/flandecoco.net\/ca\/wp-json\/wp\/v2\/types\/post"}],"author":[{"embeddable":true,"href":"https:\/\/flandecoco.net\/ca\/wp-json\/wp\/v2\/users\/1"}],"replies":[{"embeddable":true,"href":"https:\/\/flandecoco.net\/ca\/wp-json\/wp\/v2\/comments?post=23610"}],"version-history":[{"count":1,"href":"https:\/\/flandecoco.net\/ca\/wp-json\/wp\/v2\/posts\/23610\/revisions"}],"predecessor-version":[{"id":23611,"href":"https:\/\/flandecoco.net\/ca\/wp-json\/wp\/v2\/posts\/23610\/revisions\/23611"}],"wp:featuredmedia":[{"embeddable":true,"href":"https:\/\/flandecoco.net\/ca\/wp-json\/wp\/v2\/media\/23135"}],"wp:attachment":[{"href":"https:\/\/flandecoco.net\/ca\/wp-json\/wp\/v2\/media?parent=23610"}],"wp:term":[{"taxonomy":"category","embeddable":true,"href":"https:\/\/flandecoco.net\/ca\/wp-json\/wp\/v2\/categories?post=23610"},{"taxonomy":"post_tag","embeddable":true,"href":"https:\/\/flandecoco.net\/ca\/wp-json\/wp\/v2\/tags?post=23610"}],"curies":[{"name":"wp","href":"https:\/\/api.w.org\/{rel}","templated":true}]}}