{"id":23598,"date":"2018-09-16T09:34:19","date_gmt":"2018-09-16T09:34:19","guid":{"rendered":"http:\/\/flandecoco.net\/?p=23598"},"modified":"2019-02-04T08:37:26","modified_gmt":"2019-02-04T08:37:26","slug":"noticia-pitchandflaixbac","status":"publish","type":"post","link":"https:\/\/flandecoco.net\/ca\/noticies\/noticia-pitchandflaixbac","title":{"rendered":"NOT\u00cdCIA: #pitchandflaixbac"},"content":{"rendered":"<div class=\"wpb-content-wrapper\"><section class=\"vc_row wpb_row vc_row-fluid  vc_custom_1507696989698\"><div class=\"wpb_column vc_column_container  col-xs-mobile-fullwidth\"><div class=\"vc_column-inner \"><div class=\"wpb_wrapper\"><div class=\"blockquote-style-1\"><blockquote class=\"border-color-deep-pink\" style=\"border-color: #3f63a9;\"><div class=\"last-paragraph-no-margin blockquote-content\"><p><span class=\"notranslate\">El passat dissabte 5 de novembre, al Pitch and Putt Vallromanes, vam celebrar el torneig &#8220;El pitch i la mare que el va parir&#8221;.<\/span>\u00a0<span class=\"notranslate\">Un esdeveniment organitzat per la Federaci\u00f3 Catalana de Pitch and Putt i Flandecoco, en col\u00b7laboraci\u00f3 amb R\u00e0dio Flaixbac.<\/span><\/p>\n<\/div><\/blockquote><\/div><\/div><\/div><\/div><\/section><section class=\"vc_row wpb_row vc_row-fluid row-blog-interior\"><div class=\"wpb_column vc_column_container vc_col-sm-12  col-xs-mobile-fullwidth\"><div class=\"vc_column-inner \"><div class=\"wpb_wrapper\"><div class=\"p-blog-fluido last-paragraph-no-margin\"><p><span class=\"notranslate\">En aquest torneig, els locutors estrelles de &#8220;El mat\u00ed i la mare que el va parir&#8221;, programa guanyador del Premi Nacional de Comunicaci\u00f3 2016, en Carles P\u00e9rez i \u00a0en Didac Tom\u00e0s van compartir un mat\u00ed de joc amb oients de l&#8217;emissora, jugadors professionals, aficionats i membres de la Federaci\u00f3 Catalana de Pitch and Putt.<\/span><\/p>\n<p><span class=\"notranslate\">Una jornada d&#8217;esport a l&#8217;aire lliure i de relax que va tenir com a objectiu donar a con\u00e8ixer aquest esport ecol\u00f2gic, nascut a Catalunya.<\/span><\/p>\n<div>\n<p><span class=\"notranslate\">En finalitzar el torneig, el president de la federaci\u00f3, el senyor V\u00edctor Moscatel, i en Carles P\u00e9rez i en Didac Tom\u00e0s van efectuar el lliurament de premis.<\/span><\/p>\n<\/div>\n<\/div>[vc_single_image image=&#8221;22170&#8243; img_size=&#8221;full&#8221; alignment=&#8221;center&#8221;]<\/div><\/div><\/div><\/section>\n<\/div>","protected":false},"excerpt":{"rendered":"El passat dissabte 5 de novembre, al Pitch and Putt Vallromanes, vam celebrar el torneig \"El pitch i la mare que el va parir\".\u00a0Un esdeveniment organitzat per la Federaci\u00f3 Catalana de Pitch and Putt i Flandecoco, en col\u00b7laboraci\u00f3 amb R\u00e0dio Flaixbac. En aquest torneig, els locutors estrelles de \"El mat\u00ed i la mare que el va parir\", programa guanyador del Premi Nacional de Comunicaci\u00f3 2016, en Carles P\u00e9rez i \u00a0en Didac Tom\u00e0s van compartir un mat\u00ed de joc amb oients de l'emissora, jugadors professionals, aficionats i membres de la Federaci\u00f3 Catalana de Pitch and Putt. Una jornada d'esport a l'aire lliure i de relax que va tenir com a objectiu donar a con\u00e8ixer aquest esport ecol\u00f2gic, nascut a Catalunya. En finalitzar el torneig, el president de la federaci\u00f3, el senyor V\u00edctor Moscatel, i en Carles P\u00e9rez i en Didac Tom\u00e0s van efectuar el lliurament de premis. [vc_single_image image=\"22170\" img_size=\"full\" alignment=\"center\"]","protected":false},"author":1,"featured_media":23077,"comment_status":"open","ping_status":"open","sticky":false,"template":"","format":"standard","meta":{"footnotes":""},"categories":[137],"tags":[],"class_list":["post-23598","post","type-post","status-publish","format-standard","has-post-thumbnail","hentry","category-noticies"],"_links":{"self":[{"href":"https:\/\/flandecoco.net\/ca\/wp-json\/wp\/v2\/posts\/23598","targetHints":{"allow":["GET"]}}],"collection":[{"href":"https:\/\/flandecoco.net\/ca\/wp-json\/wp\/v2\/posts"}],"about":[{"href":"https:\/\/flandecoco.net\/ca\/wp-json\/wp\/v2\/types\/post"}],"author":[{"embeddable":true,"href":"https:\/\/flandecoco.net\/ca\/wp-json\/wp\/v2\/users\/1"}],"replies":[{"embeddable":true,"href":"https:\/\/flandecoco.net\/ca\/wp-json\/wp\/v2\/comments?post=23598"}],"version-history":[{"count":2,"href":"https:\/\/flandecoco.net\/ca\/wp-json\/wp\/v2\/posts\/23598\/revisions"}],"predecessor-version":[{"id":23600,"href":"https:\/\/flandecoco.net\/ca\/wp-json\/wp\/v2\/posts\/23598\/revisions\/23600"}],"wp:featuredmedia":[{"embeddable":true,"href":"https:\/\/flandecoco.net\/ca\/wp-json\/wp\/v2\/media\/23077"}],"wp:attachment":[{"href":"https:\/\/flandecoco.net\/ca\/wp-json\/wp\/v2\/media?parent=23598"}],"wp:term":[{"taxonomy":"category","embeddable":true,"href":"https:\/\/flandecoco.net\/ca\/wp-json\/wp\/v2\/categories?post=23598"},{"taxonomy":"post_tag","embeddable":true,"href":"https:\/\/flandecoco.net\/ca\/wp-json\/wp\/v2\/tags?post=23598"}],"curies":[{"name":"wp","href":"https:\/\/api.w.org\/{rel}","templated":true}]}}