{"id":23299,"date":"2019-01-28T16:11:03","date_gmt":"2019-01-28T16:11:03","guid":{"rendered":"http:\/\/flandecoco.net\/?p=23299"},"modified":"2019-01-28T16:11:03","modified_gmt":"2019-01-28T16:11:03","slug":"creativitat-i-esdeveniments-barcelona","status":"publish","type":"post","link":"https:\/\/flandecoco.net\/ca\/lnd-ca\/creativitat-i-esdeveniments-barcelona","title":{"rendered":"Creativitat i esdeveniments Barcelona"},"content":{"rendered":"<div class=\"wpb-content-wrapper\"><section class=\"vc_row wpb_row vc_row-fluid\"><div class=\"wpb_column vc_column_container  col-xs-mobile-fullwidth\"><div class=\"vc_column-inner \"><div class=\"wpb_wrapper\"><div class=\"last-paragraph-no-margin\"><p id=\"tw-target-text\" class=\"tw-data-text tw-ta tw-text-small\" dir=\"ltr\" data-placeholder=\"Traducci\u00f3n\"><span lang=\"ca\" tabindex=\"0\">Hola, Est\u00e0s buscant una ag\u00e8ncia de creativitat i esdeveniments a Barcelona? Som Flam de Coco i som de Barcelona. Tenim m\u00e9s de 15 anys d&#8217;experi\u00e8ncia en creativitat i organitzaci\u00f3 d&#8217;esdeveniments. Entre els nostres clients estan des de multinacionals de gran consum fins PIMES de sectors com immobiliaris, motor, serveis, medicina i salut, etc. Per q\u00fcestions de privacitat no podem mostrar a la nostra web tot el que ens agradaria, per\u00f2 si est\u00e0s pensant a organitzar un esdeveniment i necessites ajuda Per qu\u00e8 no ens crides i parlem? Estarem encantats d&#8217;explicar-te el que fem i com ho fem. una salutaci\u00f3 \ud83d\ude09<\/span><\/p>\n<\/div><\/div><\/div><\/div><\/section>\n<\/div>","protected":false},"excerpt":{"rendered":"Hola, Est\u00e0s buscant una ag\u00e8ncia de creativitat i esdeveniments a Barcelona? Som Flam de Coco i som de Barcelona. Tenim m\u00e9s de 15 anys d'experi\u00e8ncia en creativitat i organitzaci\u00f3 d'esdeveniments. Entre els nostres clients estan des de multinacionals de gran consum fins PIMES de sectors com immobiliaris, motor, serveis, medicina i salut, etc. Per q\u00fcestions de privacitat no podem mostrar a la nostra web tot el que ens agradaria, per\u00f2 si est\u00e0s pensant a organitzar un esdeveniment i necessites ajuda Per qu\u00e8 no ens crides i parlem? Estarem encantats d'explicar-te el que fem i com ho fem. una salutaci\u00f3 ;-)","protected":false},"author":1,"featured_media":0,"comment_status":"closed","ping_status":"closed","sticky":false,"template":"","format":"standard","meta":{"footnotes":""},"categories":[482],"tags":[],"class_list":["post-23299","post","type-post","status-publish","format-standard","hentry","category-lnd-ca"],"_links":{"self":[{"href":"https:\/\/flandecoco.net\/ca\/wp-json\/wp\/v2\/posts\/23299","targetHints":{"allow":["GET"]}}],"collection":[{"href":"https:\/\/flandecoco.net\/ca\/wp-json\/wp\/v2\/posts"}],"about":[{"href":"https:\/\/flandecoco.net\/ca\/wp-json\/wp\/v2\/types\/post"}],"author":[{"embeddable":true,"href":"https:\/\/flandecoco.net\/ca\/wp-json\/wp\/v2\/users\/1"}],"replies":[{"embeddable":true,"href":"https:\/\/flandecoco.net\/ca\/wp-json\/wp\/v2\/comments?post=23299"}],"version-history":[{"count":2,"href":"https:\/\/flandecoco.net\/ca\/wp-json\/wp\/v2\/posts\/23299\/revisions"}],"predecessor-version":[{"id":23301,"href":"https:\/\/flandecoco.net\/ca\/wp-json\/wp\/v2\/posts\/23299\/revisions\/23301"}],"wp:attachment":[{"href":"https:\/\/flandecoco.net\/ca\/wp-json\/wp\/v2\/media?parent=23299"}],"wp:term":[{"taxonomy":"category","embeddable":true,"href":"https:\/\/flandecoco.net\/ca\/wp-json\/wp\/v2\/categories?post=23299"},{"taxonomy":"post_tag","embeddable":true,"href":"https:\/\/flandecoco.net\/ca\/wp-json\/wp\/v2\/tags?post=23299"}],"curies":[{"name":"wp","href":"https:\/\/api.w.org\/{rel}","templated":true}]}}