{"id":22728,"date":"2018-12-02T11:31:51","date_gmt":"2018-12-02T11:31:51","guid":{"rendered":"http:\/\/flandecoco.net\/?p=22728"},"modified":"2019-01-31T09:45:15","modified_gmt":"2019-01-31T09:45:15","slug":"mobility-railgrup-flandecoco","status":"publish","type":"post","link":"https:\/\/flandecoco.net\/ca\/noticies\/mobility-railgrup-flandecoco","title":{"rendered":"Mobility, Railgrup &#038; Flandecoco"},"content":{"rendered":"<div class=\"wpb-content-wrapper\"><section class=\"vc_row wpb_row vc_row-fluid  vc_custom_1507696989698\"><div class=\"wpb_column vc_column_container  col-xs-mobile-fullwidth\"><div class=\"vc_column-inner \"><div class=\"wpb_wrapper\"><div class=\"blockquote-style-1\"><blockquote class=\"border-color-deep-pink\" style=\"border-color: #3f63a9;\"><div class=\"last-paragraph-no-margin blockquote-content\"><p>Un impuls en\u00e8rgic a la cooperaci\u00f3, la innovaci\u00f3 i la tecnologia en mode cl\u00faster. Mobility or Nothing, l&#8217;aposta 2018 de Railgrup finalitza amb un excel\u00b7lent balan\u00e7 d&#8217;actuacions orientades a la dinamitzaci\u00f3 sectorial i l&#8217;augment de la competitivitat de les seves empreses associades.<\/p>\n<\/div><\/blockquote><\/div><\/div><\/div><\/div><\/section><section class=\"vc_row wpb_row vc_row-fluid row-blog-interior\"><div class=\"wpb_column vc_column_container vc_col-sm-12  col-xs-mobile-fullwidth\"><div class=\"vc_column-inner \"><div class=\"wpb_wrapper\"><div class=\"p-blog-fluido last-paragraph-no-margin\"><p>B2B s, foment de programes de finan\u00e7ament, un ampli calendari de formaci\u00f3 especialitzada, els Di\u00e0legs de Mobilitat i la participaci\u00f3 en nombroses missions internacionals, entre moltes altres iniciatives, han complementat al protagonisme Railgrup en cert\u00e0mens firals de refer\u00e8ncia del sector ferrocarril i de la mobilitat.<\/p>\n<\/div><h2 class=\"text-extra-large margin-25px-bottom display-inline-block alt-font text-capitalize heading-style3  heading-1\" >Una col\u00b7laboraci\u00f3 d'\u00e8xit<\/h2><div class=\"p-blog-fluido last-paragraph-no-margin\"><p>L&#8217;Assemblea Anual, refor\u00e7ada amb una activitat de Team Building, i la pres\u00e8ncia a Innotrans, han assenyalat alguns dels punts d&#8217;inflexi\u00f3 cabdals de l&#8217;any, sempre en estreta col\u00b7laboraci\u00f3 amb els departaments de M\u00e0rqueting, Disseny, Comunicaci\u00f3, Esdeveniments i Espais ef\u00edmers de FlandeCoco.<\/p>\n<p>Projectes sobre els quals hem anat informant detalladament en els nostres canals socials i altres que, gestionats des del nostre Departament de Premsa, han merescut altaveu en infinitat de mitjans.<\/p>\n<p>Alguns d&#8217;ells al final d&#8217;aquest post, com tancament a un 2018 de Mobilitat, Railgrup &amp; FlandeCoco i com a aperitiu a un 2019, segur, amb nous reptes junts.<\/p>\n<\/div><\/div><\/div><\/div><\/section>\n<\/div>","protected":false},"excerpt":{"rendered":"Un impuls en\u00e8rgic a la cooperaci\u00f3, la innovaci\u00f3 i la tecnologia en mode cl\u00faster. Mobility or Nothing, l'aposta 2018 de Railgrup finalitza amb un excel\u00b7lent balan\u00e7 d'actuacions orientades a la dinamitzaci\u00f3 sectorial i l'augment de la competitivitat de les seves empreses associades. B2B s, foment de programes de finan\u00e7ament, un ampli calendari de formaci\u00f3 especialitzada, els Di\u00e0legs de Mobilitat i la participaci\u00f3 en nombroses missions internacionals, entre moltes altres iniciatives, han complementat al protagonisme Railgrup en cert\u00e0mens firals de refer\u00e8ncia del sector ferrocarril i de la mobilitat. Una col\u00b7laboraci\u00f3 d'\u00e8xitL'Assemblea Anual, refor\u00e7ada amb una activitat de Team Building, i la pres\u00e8ncia a Innotrans, han assenyalat alguns dels punts d'inflexi\u00f3 cabdals de l'any, sempre en estreta col\u00b7laboraci\u00f3 amb els departaments de M\u00e0rqueting, Disseny, Comunicaci\u00f3, Esdeveniments i Espais ef\u00edmers de FlandeCoco. Projectes sobre els quals hem anat informant detalladament en els nostres canals socials i altres que, gestionats des del nostre Departament de Premsa, han merescut altaveu en infinitat de mitjans. Alguns d'ells al final d'aquest post, com tancament a un 2018 de Mobilitat, Railgrup &amp; FlandeCoco i com a aperitiu a un 2019, segur, amb nous reptes junts.","protected":false},"author":1,"featured_media":23169,"comment_status":"open","ping_status":"open","sticky":false,"template":"","format":"standard","meta":{"footnotes":""},"categories":[137],"tags":[],"class_list":["post-22728","post","type-post","status-publish","format-standard","has-post-thumbnail","hentry","category-noticies"],"_links":{"self":[{"href":"https:\/\/flandecoco.net\/ca\/wp-json\/wp\/v2\/posts\/22728","targetHints":{"allow":["GET"]}}],"collection":[{"href":"https:\/\/flandecoco.net\/ca\/wp-json\/wp\/v2\/posts"}],"about":[{"href":"https:\/\/flandecoco.net\/ca\/wp-json\/wp\/v2\/types\/post"}],"author":[{"embeddable":true,"href":"https:\/\/flandecoco.net\/ca\/wp-json\/wp\/v2\/users\/1"}],"replies":[{"embeddable":true,"href":"https:\/\/flandecoco.net\/ca\/wp-json\/wp\/v2\/comments?post=22728"}],"version-history":[{"count":2,"href":"https:\/\/flandecoco.net\/ca\/wp-json\/wp\/v2\/posts\/22728\/revisions"}],"predecessor-version":[{"id":22730,"href":"https:\/\/flandecoco.net\/ca\/wp-json\/wp\/v2\/posts\/22728\/revisions\/22730"}],"wp:featuredmedia":[{"embeddable":true,"href":"https:\/\/flandecoco.net\/ca\/wp-json\/wp\/v2\/media\/23169"}],"wp:attachment":[{"href":"https:\/\/flandecoco.net\/ca\/wp-json\/wp\/v2\/media?parent=22728"}],"wp:term":[{"taxonomy":"category","embeddable":true,"href":"https:\/\/flandecoco.net\/ca\/wp-json\/wp\/v2\/categories?post=22728"},{"taxonomy":"post_tag","embeddable":true,"href":"https:\/\/flandecoco.net\/ca\/wp-json\/wp\/v2\/tags?post=22728"}],"curies":[{"name":"wp","href":"https:\/\/api.w.org\/{rel}","templated":true}]}}