{"id":22724,"date":"2019-01-24T11:28:06","date_gmt":"2019-01-24T11:28:06","guid":{"rendered":"http:\/\/flandecoco.net\/?p=22724"},"modified":"2019-01-24T11:28:54","modified_gmt":"2019-01-24T11:28:54","slug":"marqueting-de-continguts-o-rebre-el-que-un-dona","status":"publish","type":"post","link":"https:\/\/flandecoco.net\/ca\/blog-ca\/marqueting-de-continguts-o-rebre-el-que-un-dona","title":{"rendered":"M\u00e0rqueting de continguts o rebre el que un d\u00f3na"},"content":{"rendered":"<div class=\"wpb-content-wrapper\"><section class=\"vc_row wpb_row vc_row-fluid  vc_custom_1507696989698\"><div class=\"wpb_column vc_column_container  col-xs-mobile-fullwidth\"><div class=\"vc_column-inner \"><div class=\"wpb_wrapper\"><div class=\"blockquote-style-1\"><blockquote class=\"border-color-deep-pink\" style=\"border-color: #3f63a9;\"><div class=\"last-paragraph-no-margin blockquote-content\"><p>Has escoltat alguna vegada la frase &#8220;un rep el que d\u00f3na&#8221;? Doncs el m\u00e0rqueting de continguts hi t\u00e9 una mica a veure&#8230; Si mirem cap enrere, abans, la publicitat s&#8217;havia centrat en cridar l&#8217;atenci\u00f3: eh, mireu-me! S\u00f3c aqu\u00ed i s\u00f3c el millor!<\/p>\n<\/div><\/blockquote><\/div><\/div><\/div><\/div><\/section><section class=\"vc_row wpb_row vc_row-fluid row-blog-interior\"><div class=\"wpb_column vc_column_container vc_col-sm-12  col-xs-mobile-fullwidth\"><div class=\"vc_column-inner \"><div class=\"wpb_wrapper\"><div class=\"p-blog-fluido last-paragraph-no-margin\"><p>L&#8217;aparici\u00f3 de les noves tecnologies va transformar la forma de comunicar. Les marques i el seu p\u00fablic es van apropar, i van comen\u00e7ar a relacionar-se en terrenys nous com correus electr\u00f2nics, webs, xarxes socials &#8230; Les empreses van passar a barrejar-se amb les plataformes socials.<\/p>\n<\/div>[vc_single_image image=&#8221;22493&#8243; img_size=&#8221;full&#8221;]<\/div><\/div><\/div><\/section><section class=\"vc_row wpb_row vc_row-fluid row-blog-interior  vc_row-o-content-middle vc_row-flex\"><div class=\"wpb_column vc_column_container vc_col-sm-12  col-xs-mobile-fullwidth\"><div class=\"vc_column-inner \"><div class=\"wpb_wrapper\"><h2 class=\"text-extra-large margin-25px-bottom display-inline-block alt-font text-capitalize heading-style3  heading-1\" >Hola senyor spam!<\/h2><div class=\"p-blog-fluido last-paragraph-no-margin\"><p>Amb aquest canvi, va apar\u00e8ixer un personatge detestable i molest anomenat spam. Sempre que entr\u00e0vem en el nounat Internet, ens assaltava i se&#8217;ns apareixia de formes diferents: correus electr\u00f2nics, banners, SMS massius &#8230;<\/p>\n<p>I aix\u00ed \u00e9s com va n\u00e9ixer la carpeta d&#8217;spam&#8230; qu\u00e8 far\u00edem sense ella? Haver de empassar-nos constantment correus electr\u00f2nics innecessaris que nom\u00e9s busquen vendre, vendre i vendre&#8230;<\/p>\n<\/div><h3 class=\"text-extra-large margin-25px-bottom display-inline-block alt-font text-capitalize heading-style3  heading-2\" >Les marques es van comen\u00e7ar a preguntar:<\/h3><div class=\"p-blog-fluido last-paragraph-no-margin\"><p>Qu\u00e8 he de fer per no caure en la carpeta d&#8217;spam? Com puc fer que la gent faci clic en el meu banner? Per qu\u00e8 no entra ning\u00fa en el meu post en xarxes socials?<\/p>\n<p>No van trigar a respondre a aquesta pregunta: perqu\u00e8 a ning\u00fa li agrada que li venguin coses.<\/p>\n<p>Qu\u00e8 havien de fer les marques per rebre visites? Oferir continguts \u00fatils!<\/p>\n<\/div><h2 class=\"text-extra-large margin-25px-bottom display-inline-block alt-font text-capitalize heading-style3  heading-3\" >4 exemples:<\/h2><div class=\"p-blog-fluido last-paragraph-no-margin\"><h3><\/h3>\n<p>Una famosa marca d&#8217;embotits va comen\u00e7ar a oferir al seu web i canals de comunicaci\u00f3 social receptes d&#8217;entrepans.<\/p>\n<p>Una marca de bol\u00edgrafs molt molt coneguda va gravar a il\u00b7lustradors amb el seu producte i va fer petits v\u00eddeos espectaculars.<\/p>\n<p>Una marca de bourbon va fer una minis\u00e8rie documental sobre el proc\u00e9s de fabricaci\u00f3 del seu licor.<\/p>\n<p>Una important firma del sector de la cer\u00e0mica va desenvolupar una eina dins del seu web perqu\u00e8 els usuaris i visitants poguessin dissenyar el seu paviment o revestiment ideal.<\/p>\n<\/div><h2 class=\"text-extra-large margin-25px-bottom display-inline-block alt-font text-capitalize heading-style3  heading-4\" >La q\u00fcesti\u00f3 \u00e9s explicar coses xules!<\/h2><div class=\"p-blog-fluido last-paragraph-no-margin\"><p>Al cap i a la fi, l&#8217;\u00fanic que van comen\u00e7ar a fer les marques \u00e9s a comunicar el seu producte d&#8217;una forma diferent, en clau utilitat. Oferien informaci\u00f3 i\/o entreteniment que aportaven valor a la vida del consumidor.<\/p>\n<p>Un bon pla de m\u00e0rqueting de continguts acostuma a ser participatiu, involucra al client, el fa part\u00edcip del seu producte. No et venc un formatge ratllat, t&#8217;ofereixo l&#8217;oportunitat de fer una espectacular lasanya en fam\u00edlia. No et pretenc entatxonar unes sabatilles esportives, t&#8217;ajudo a perdre pes i a aprendre a sortir a c\u00f3rrer quan tornes de la feina. S&#8217;ent\u00e9n la idea, oi?<\/p>\n<\/div><div class=\"separator-line-horrizontal-full bg-extra-light-gray center-col pofo-separator  vc_custom_1507723650128\" style=\"background-color:#ededed; min-height: 1px; width: 100%;\"><\/div><\/div><\/div><\/div><\/section>\n<\/div>","protected":false},"excerpt":{"rendered":"Has escoltat alguna vegada la frase \"un rep el que d\u00f3na\"? Doncs el m\u00e0rqueting de continguts hi t\u00e9 una mica a veure... Si mirem cap enrere, abans, la publicitat s'havia centrat en cridar l'atenci\u00f3: eh, mireu-me! S\u00f3c aqu\u00ed i s\u00f3c el millor! L'aparici\u00f3 de les noves tecnologies va transformar la forma de comunicar. Les marques i el seu p\u00fablic es van apropar, i van comen\u00e7ar a relacionar-se en terrenys nous com correus electr\u00f2nics, webs, xarxes socials ... Les empreses van passar a barrejar-se amb les plataformes socials. [vc_single_image image=\"22493\" img_size=\"full\"]Hola senyor spam!Amb aquest canvi, va apar\u00e8ixer un personatge detestable i molest anomenat spam. Sempre que entr\u00e0vem en el nounat Internet, ens assaltava i se'ns apareixia de formes diferents: correus electr\u00f2nics, banners, SMS massius ... I aix\u00ed \u00e9s com va n\u00e9ixer la carpeta d'spam... qu\u00e8 far\u00edem sense ella? Haver de empassar-nos constantment correus electr\u00f2nics innecessaris que nom\u00e9s busquen vendre, vendre i vendre... Les marques es van comen\u00e7ar a preguntar:Qu\u00e8 he de fer per no caure en la carpeta d'spam? Com puc fer que la gent faci clic en el meu banner? Per qu\u00e8 no entra ning\u00fa en el meu post en xarxes socials? No van trigar a respondre a aquesta pregunta:...","protected":false},"author":1,"featured_media":0,"comment_status":"open","ping_status":"open","sticky":false,"template":"","format":"standard","meta":{"footnotes":""},"categories":[136],"tags":[],"class_list":["post-22724","post","type-post","status-publish","format-standard","hentry","category-blog-ca"],"_links":{"self":[{"href":"https:\/\/flandecoco.net\/ca\/wp-json\/wp\/v2\/posts\/22724","targetHints":{"allow":["GET"]}}],"collection":[{"href":"https:\/\/flandecoco.net\/ca\/wp-json\/wp\/v2\/posts"}],"about":[{"href":"https:\/\/flandecoco.net\/ca\/wp-json\/wp\/v2\/types\/post"}],"author":[{"embeddable":true,"href":"https:\/\/flandecoco.net\/ca\/wp-json\/wp\/v2\/users\/1"}],"replies":[{"embeddable":true,"href":"https:\/\/flandecoco.net\/ca\/wp-json\/wp\/v2\/comments?post=22724"}],"version-history":[{"count":2,"href":"https:\/\/flandecoco.net\/ca\/wp-json\/wp\/v2\/posts\/22724\/revisions"}],"predecessor-version":[{"id":22727,"href":"https:\/\/flandecoco.net\/ca\/wp-json\/wp\/v2\/posts\/22724\/revisions\/22727"}],"wp:attachment":[{"href":"https:\/\/flandecoco.net\/ca\/wp-json\/wp\/v2\/media?parent=22724"}],"wp:term":[{"taxonomy":"category","embeddable":true,"href":"https:\/\/flandecoco.net\/ca\/wp-json\/wp\/v2\/categories?post=22724"},{"taxonomy":"post_tag","embeddable":true,"href":"https:\/\/flandecoco.net\/ca\/wp-json\/wp\/v2\/tags?post=22724"}],"curies":[{"name":"wp","href":"https:\/\/api.w.org\/{rel}","templated":true}]}}