{"id":22720,"date":"2018-12-04T11:21:13","date_gmt":"2018-12-04T11:21:13","guid":{"rendered":"http:\/\/flandecoco.net\/?p=22720"},"modified":"2019-01-31T09:37:26","modified_gmt":"2019-01-31T09:37:26","slug":"lhorta-de-cambrils-un-cataleg-de-raons","status":"publish","type":"post","link":"https:\/\/flandecoco.net\/ca\/noticies\/lhorta-de-cambrils-un-cataleg-de-raons","title":{"rendered":"L\u2019Horta de Cambrils, un cat\u00e0leg de raons"},"content":{"rendered":"<div class=\"wpb-content-wrapper\"><section class=\"vc_row wpb_row vc_row-fluid  vc_custom_1507696989698\"><div class=\"wpb_column vc_column_container  col-xs-mobile-fullwidth\"><div class=\"vc_column-inner \"><div class=\"wpb_wrapper\"><div class=\"blockquote-style-1\"><blockquote class=\"border-color-deep-pink\" style=\"border-color: #3f63a9;\"><div class=\"last-paragraph-no-margin blockquote-content\"><p>Planes que respiren l\u2019experi\u00e8ncia d\u2019un nou estil de vida. Els valors afegits de la llum, la distinci\u00f3, el benestar i la mediterr\u00e0nia, segells inequ\u00edvocs de la marca l\u2019Horta de Cambrils, saltant del tangible d\u2019aquesta nova promoci\u00f3 d\u2019habitatges del municipi tarragon\u00ed als fulls del cat\u00e0leg recent desenvolupat des de FlandeCoco.<\/p>\n<\/div><\/blockquote><\/div><\/div><\/div><\/div><\/section><section class=\"vc_row wpb_row vc_row-fluid row-blog-interior\"><div class=\"wpb_column vc_column_container vc_col-sm-12  col-xs-mobile-fullwidth\"><div class=\"vc_column-inner \"><div class=\"wpb_wrapper\"><div class=\"p-blog-fluido last-paragraph-no-margin\"><p>Pura eleg\u00e0ncia en blau i sorra que, sense ren\u00fancia al b\u00e0sic comercial imprescindible d\u2019aquest tipus de publicacions, aconsegueix transmetre al lector, plana rere plana, l\u2019ampli men\u00fa d\u2019avantatges que \u00e9s escollir Cambrils i l\u2019Horta com la millor opci\u00f3 per a una nova vida.<\/p>\n<\/div><\/div><\/div><\/div><\/section>\n<\/div>","protected":false},"excerpt":{"rendered":"Planes que respiren l\u2019experi\u00e8ncia d\u2019un nou estil de vida. Els valors afegits de la llum, la distinci\u00f3, el benestar i la mediterr\u00e0nia, segells inequ\u00edvocs de la marca l\u2019Horta de Cambrils, saltant del tangible d\u2019aquesta nova promoci\u00f3 d\u2019habitatges del municipi tarragon\u00ed als fulls del cat\u00e0leg recent desenvolupat des de FlandeCoco. Pura eleg\u00e0ncia en blau i sorra que, sense ren\u00fancia al b\u00e0sic comercial imprescindible d\u2019aquest tipus de publicacions, aconsegueix transmetre al lector, plana rere plana, l\u2019ampli men\u00fa d\u2019avantatges que \u00e9s escollir Cambrils i l\u2019Horta com la millor opci\u00f3 per a una nova vida.","protected":false},"author":1,"featured_media":22722,"comment_status":"open","ping_status":"open","sticky":false,"template":"","format":"standard","meta":{"footnotes":""},"categories":[137],"tags":[],"class_list":["post-22720","post","type-post","status-publish","format-standard","has-post-thumbnail","hentry","category-noticies"],"_links":{"self":[{"href":"https:\/\/flandecoco.net\/ca\/wp-json\/wp\/v2\/posts\/22720","targetHints":{"allow":["GET"]}}],"collection":[{"href":"https:\/\/flandecoco.net\/ca\/wp-json\/wp\/v2\/posts"}],"about":[{"href":"https:\/\/flandecoco.net\/ca\/wp-json\/wp\/v2\/types\/post"}],"author":[{"embeddable":true,"href":"https:\/\/flandecoco.net\/ca\/wp-json\/wp\/v2\/users\/1"}],"replies":[{"embeddable":true,"href":"https:\/\/flandecoco.net\/ca\/wp-json\/wp\/v2\/comments?post=22720"}],"version-history":[{"count":2,"href":"https:\/\/flandecoco.net\/ca\/wp-json\/wp\/v2\/posts\/22720\/revisions"}],"predecessor-version":[{"id":22723,"href":"https:\/\/flandecoco.net\/ca\/wp-json\/wp\/v2\/posts\/22720\/revisions\/22723"}],"wp:featuredmedia":[{"embeddable":true,"href":"https:\/\/flandecoco.net\/ca\/wp-json\/wp\/v2\/media\/22722"}],"wp:attachment":[{"href":"https:\/\/flandecoco.net\/ca\/wp-json\/wp\/v2\/media?parent=22720"}],"wp:term":[{"taxonomy":"category","embeddable":true,"href":"https:\/\/flandecoco.net\/ca\/wp-json\/wp\/v2\/categories?post=22720"},{"taxonomy":"post_tag","embeddable":true,"href":"https:\/\/flandecoco.net\/ca\/wp-json\/wp\/v2\/tags?post=22720"}],"curies":[{"name":"wp","href":"https:\/\/api.w.org\/{rel}","templated":true}]}}